{"id":31861,"date":"2025-09-11T11:57:09","date_gmt":"2025-09-11T11:57:09","guid":{"rendered":"https:\/\/www.europesays.com\/fi\/31861\/"},"modified":"2025-09-11T11:57:09","modified_gmt":"2025-09-11T11:57:09","slug":"jenni-haukiolta-harvinaista-puhetta-kotiliedessa-ikani-johdosta","status":"publish","type":"post","link":"https:\/\/www.europesays.com\/fi\/31861\/","title":{"rendered":"Jenni Haukiolta harvinaista puhetta Kotiliedess\u00e4: \u201dIk\u00e4ni johdosta\u201d"},"content":{"rendered":"<p>Jenni Haukio kertoo Kotilieden kolumnissaan pohtineensa terveytt\u00e4\u00e4n ik\u00e4ns\u00e4 puolesta.<\/p>\n<p><img decoding=\"async\" class=\"image image-show image-preview\" src=\"https:\/\/www.europesays.com\/fi\/wp-content\/uploads\/2025\/09\/ec5148012ba1a89674728b1a42afe52a346649066b27baf6c9959c2219bb8576.jpg\" alt=\"\"\/><img decoding=\"async\" class=\"image image-show\" src=\"https:\/\/www.europesays.com\/fi\/wp-content\/uploads\/2025\/09\/1757591828_238_ec5148012ba1a89674728b1a42afe52a346649066b27baf6c9959c2219bb8576.jpg\" alt=\"\"\/><\/p>\n<p>Jenni Haukio tekee t\u00f6it\u00e4 kulttuurin parissa. ATTE KAJOVA<\/p>\n<p class=\"paragraph\">Presidentti <strong>Sauli Niinist\u00f6n<\/strong>, 77, puoliso tohtori <strong>Jenni Haukio<\/strong>, 48, pohtii <a href=\"https:\/\/kotiliesi.fi\/ihmiset\/jenni-haukio-2\/?shared=531965-a354f3fa-500\" target=\"_blank\" rel=\"noopener nofollow\">Kotilieden<\/a> kolumnissaan muistisairautta.<\/p>\n<p class=\"paragraph\">Haukio toteaa, ett\u00e4 muistisairaus koskettaa l\u00e4hes kaikkia perheit\u00e4 ja sukuja.H\u00e4n pohtii, kuinka muutokset aivoissa ovat peruuttamattomia, eik\u00e4 i\u00e4lle ja perim\u00e4lle voi mit\u00e4\u00e4n.<\/p>\n<p class=\"paragraph\">\u2013 Aivoterveyden heikkeneminen voi siis valitettavasti olla edess\u00e4 jo keskim\u00e4\u00e4r\u00e4ist\u00e4 aikaisemmin, vaikka el\u00e4m\u00e4ntavat olisivat kuinka terveelliset. Viimeist\u00e4\u00e4n keski-i\u00e4ss\u00e4 kannattaa siit\u00e4 huolimatta ryhty\u00e4 pohtimaan, mill\u00e4 tavoin voisi varmistella mahdollisuutensa el\u00e4\u00e4 terveen\u00e4 mahdollisimman vanhaksi. Siksi olen itsekin ryhtynyt n\u00e4it\u00e4 asioita miettim\u00e4\u00e4n, ik\u00e4ni johdosta, h\u00e4n kirjoittaa.<\/p>\n<p class=\"paragraph\">Haukio pohtii my\u00f6s sairauden ennaltaehk\u00e4isevi\u00e4 tekij\u00f6it\u00e4. H\u00e4n sanoo lukemiinsa tutkimuksiin vedoten, ett\u00e4 v\u00e4hemm\u00e4n tunnettu muistisairauden ennaltaehk\u00e4isev\u00e4 tekij\u00e4 on sosiaaliset suhteet.<\/p>\n<p class=\"paragraph\">\u2013 Mit\u00e4 enemm\u00e4n on tekemisiss\u00e4 muiden ihmisten kanssa, osallistuu tapahtumiin, liikkuu ja viett\u00e4\u00e4 aikaa eri sukupolvien kesken, sit\u00e4 suuremmat ovat mahdollisuudet v\u00e4hint\u00e4\u00e4nkin pitkitt\u00e4\u00e4 muistisairauden puhkeamista. T\u00e4t\u00e4 kohti siis, seurassa ik\u00e4\u00e4 pident\u00e4en, tohtori sanoo.<\/p>\n<p>Jenni Haukio kertoo pohtineensa terveytt\u00e4\u00e4n ik\u00e4ns\u00e4 puolesta. Mikko Huisko<\/p>\n<p class=\"paragraph\">Haukio on aiemmin avautunut kolumneissaan muun muassa ajatuksistaan <a href=\"https:\/\/www.iltalehti.fi\/viihdeuutiset\/0c129bc7-0b6a-4643-a1a0-6913779a5c99\" rel=\"nofollow noopener\" target=\"_blank\">teko\u00e4lyyn<\/a> ja <strong>Aaro<\/strong>-poikansa <a href=\"https:\/\/www.iltalehti.fi\/viihdeuutiset\/bb67a711-813c-406f-b7ab-384f7b181765\" rel=\"nofollow noopener\" target=\"_blank\">koulun aloitukseen<\/a> liittyen. Haukion ja Niinist\u00f6n terveysasioista tai -huolista on kuitenkin harvemmin puhuttu julkisuudessa.<\/p>\n<p class=\"paragraph\">Viimeksi Niinist\u00f6n terveys huolestutti joulukuussa 2023, kun presidentin korvassa pilkottanut <a href=\"https:\/\/www.iltalehti.fi\/viihdeuutiset\/1a9fa0f4-cae7-42b8-b60c-de0c5c7574a7\" rel=\"nofollow noopener\" target=\"_blank\">laite<\/a> kiinnitti monen huomion. H\u00e4nell\u00e4 huomattiin sama laite jo kes\u00e4ll\u00e4 2022, mutta Niinist\u00f6 ei halunnut tuolloinkaan kommentoida asiaa.<\/p>\n<p class=\"paragraph\">Kev\u00e4\u00e4ll\u00e4 2023 kirjatun <a href=\"https:\/\/www.iltalehti.fi\/politiikka\/6edd58d8-c85a-4963-b9b1-45ffcb5da2a3\" rel=\"nofollow noopener\" target=\"_blank\">lausunnon<\/a> mukaan Niinist\u00f6ll\u00e4 ei ole todettu sellaisia oireita tai sairauksia, jotka vaikuttaisivat h\u00e4nen kykyyns\u00e4 toimia silloisessa presidentin teht\u00e4v\u00e4ss\u00e4\u00e4n.<\/p>\n<p class=\"paragraph\">T\u00e4t\u00e4 ennen Niinist\u00f6n terveysasioista uutisoitiin esimerkiksi silloin, kun h\u00e4n sairasti kev\u00e4\u00e4ll\u00e4 2022 <a href=\"https:\/\/www.iltalehti.fi\/politiikka\/6edd58d8-c85a-4963-b9b1-45ffcb5da2a3\" rel=\"nofollow noopener\" target=\"_blank\">koronavirusinfektion<\/a>. Koronan j\u00e4lkeen Niinist\u00f6 sai samana kev\u00e4\u00e4n\u00e4 keuhkokuumeen. Niinist\u00f6 joutui tuolloin my\u00f6s sairaalaan tutkimuksiin pitkittyneiden koronaoireiden takia.<\/p>\n<p>Jenni Haukion puolison Sauli Niinist\u00f6n toinen kausi tasavallan presidenttin\u00e4 p\u00e4\u00e4ttyi maaliskuussa 2023. Jenni G\u00e4stgivar<\/p>\n","protected":false},"excerpt":{"rendered":"Jenni Haukio kertoo Kotilieden kolumnissaan pohtineensa terveytt\u00e4\u00e4n ik\u00e4ns\u00e4 puolesta. Jenni Haukio tekee t\u00f6it\u00e4 kulttuurin parissa. ATTE KAJOVA Presidentti&hellip;\n","protected":false},"author":2,"featured_media":31862,"comment_status":"","ping_status":"","sticky":false,"template":"","format":"standard","meta":{"footnotes":""},"categories":[136],"tags":[35,407,137,33,31,30,408,142,886,764,888,887,32,765,109],"class_list":{"0":"post-31861","1":"post","2":"type-post","3":"status-publish","4":"format-standard","5":"has-post-thumbnail","7":"category-julkkikset","8":"tag-24h","9":"tag-celebrities","10":"tag-entertainment","11":"tag-fi","12":"tag-finland","13":"tag-finnish","14":"tag-julkkikset","15":"tag-poliitikot","16":"tag-puolueet","17":"tag-sairaudet","18":"tag-suomalaiset-poliitikot","19":"tag-suomen-politiikka","20":"tag-suomi","21":"tag-taudit-ja-hairiot","22":"tag-viihde"},"share_on_mastodon":{"url":"","error":""},"_links":{"self":[{"href":"https:\/\/www.europesays.com\/fi\/wp-json\/wp\/v2\/posts\/31861","targetHints":{"allow":["GET"]}}],"collection":[{"href":"https:\/\/www.europesays.com\/fi\/wp-json\/wp\/v2\/posts"}],"about":[{"href":"https:\/\/www.europesays.com\/fi\/wp-json\/wp\/v2\/types\/post"}],"author":[{"embeddable":true,"href":"https:\/\/www.europesays.com\/fi\/wp-json\/wp\/v2\/users\/2"}],"replies":[{"embeddable":true,"href":"https:\/\/www.europesays.com\/fi\/wp-json\/wp\/v2\/comments?post=31861"}],"version-history":[{"count":0,"href":"https:\/\/www.europesays.com\/fi\/wp-json\/wp\/v2\/posts\/31861\/revisions"}],"wp:featuredmedia":[{"embeddable":true,"href":"https:\/\/www.europesays.com\/fi\/wp-json\/wp\/v2\/media\/31862"}],"wp:attachment":[{"href":"https:\/\/www.europesays.com\/fi\/wp-json\/wp\/v2\/media?parent=31861"}],"wp:term":[{"taxonomy":"category","embeddable":true,"href":"https:\/\/www.europesays.com\/fi\/wp-json\/wp\/v2\/categories?post=31861"},{"taxonomy":"post_tag","embeddable":true,"href":"https:\/\/www.europesays.com\/fi\/wp-json\/wp\/v2\/tags?post=31861"}],"curies":[{"name":"wp","href":"https:\/\/api.w.org\/{rel}","templated":true}]}}