{"id":318623,"date":"2026-08-06T17:29:20","date_gmt":"2026-08-06T17:29:20","guid":{"rendered":"https:\/\/www.europesays.com\/fi\/318623\/"},"modified":"2026-08-06T17:29:20","modified_gmt":"2026-08-06T17:29:20","slug":"sara-siipola-osti-ensimmaisen-omistusasunnon-katso-kuvat-uudesta-kodista","status":"publish","type":"post","link":"https:\/\/www.europesays.com\/fi\/318623\/","title":{"rendered":"Sara Siipola osti ensimm\u00e4isen omistusasunnon \u2013 Katso kuvat uudesta kodista!"},"content":{"rendered":"<p class=\"article-content article-content-width !bg-background\">Artisti <a alt=\"Haku\" class=\"text-primary-red font-extrabold\" href=\"https:\/\/www.seiska.fi\/haku?q=Sara Siipolan\" rel=\"nofollow noopener\" target=\"_blank\">Sara Siipolan<\/a> el\u00e4m\u00e4ss\u00e4 puhaltavat uudet tuulet. H\u00e4n on ostanut ensimm\u00e4isen omistusasuntonsa.<\/p>\n<p class=\"font-weight-bold m-font-weight-bold article-content article-content-width !bg-background\">Katso my\u00f6s! Julkkisten kes\u00e4ty\u00f6t ennen kuuluisuutta:<\/p>\n<p class=\"article-content article-content-width !bg-background\">T\u00e4hti kertoi asiasta<a href=\"https:\/\/www.instagram.com\/sarasiipola\/?hl=fi\" target=\"_blank\" rel=\"nofollow noopener\">\u00a0Instagramissa<\/a><a href=\"https:\/\/www.instagram.com\/sarasiipola\/?hl=fi\" target=\"_blank\" rel=\"nofollow noopener\">\u00a0<\/a>torstaina (6.8.).<\/p>\n<p class=\"article-content article-content-width !bg-background\">Saran ostama pirtti on musta-ruskea puuomakotitalo vehre\u00e4n mets\u00e4n laitamilla.<\/p>\n<p class=\"article-content article-content-width !bg-background\"> \u2013 Pitk\u00e4aikane haave toteutu t\u00e4n\u00e4 kes\u00e4n\u00e4. Takas mett\u00e4n keskelle ja mun eka oma koti (syd\u00e4n). T\u00e4s ei oo hirveesti viime p\u00e4ivin\u00e4 muuta tehty ku roudattu ja maalattu ja siivottu ja j\u00e4rjestelty, Sara kirjoittaa julkaisunsa kuvatekstiss\u00e4.<\/p>\n<p class=\"article-content article-content-width !bg-background\">Muuttopuuhat ovat jo k\u00e4ynnistyneet, mutta edess\u00e4 on viel\u00e4 my\u00f6s pient\u00e4 pintaremonttia.\u00a0<\/p>\n<p class=\"article-content article-content-width !bg-background\">Apuk\u00e4siksi muutto- ja maalaushommiin h\u00e4n on saanut oman is\u00e4ns\u00e4.<\/p>\n<p class=\"article-content article-content-width !bg-background\"> \u2013 Kertokaa miks mun piti alottaa maalausprojekti muuton yhteydess\u00e4 (viel colour drenching-tekniikalla eli seinien lis\u00e4ks katto ja listat maalataan)???, Sara tuskailee.<\/p>\n<p class=\"article-content article-content-width !bg-background\">Saran mukana uuteen kotiin muuttaa h\u00e4nen puolisonsa <a alt=\"Haku\" class=\"text-primary-red font-extrabold\" href=\"https:\/\/www.seiska.fi\/haku?q=Alexander Eklund\" rel=\"nofollow noopener\" target=\"_blank\">Alexander Eklund<\/a> ja heid\u00e4n kaksi rescuekoiraansa Bruno ja Abby.<\/p>\n<p class=\"article-content article-content-width !bg-background\">Alexander tunnetaan radiokanava NRJ:n juontajana.<\/p>\n<p class=\"article-content article-content-width !bg-background\">Kaksikko on pit\u00e4nyt yht\u00e4 jo kuuden vuoden ajan.<\/p>\n<p><script async src=\"\/\/www.instagram.com\/embed.js\"><\/script><\/p>\n","protected":false},"excerpt":{"rendered":"Artisti Sara Siipolan el\u00e4m\u00e4ss\u00e4 puhaltavat uudet tuulet. H\u00e4n on ostanut ensimm\u00e4isen omistusasuntonsa. Katso my\u00f6s! Julkkisten kes\u00e4ty\u00f6t ennen kuuluisuutta:&hellip;\n","protected":false},"author":2,"featured_media":318624,"comment_status":"","ping_status":"","sticky":false,"template":"","format":"standard","meta":{"footnotes":"","_share_on_mastodon":"0"},"categories":[130],"tags":[16552,137,33,31,30,212,3255,29180,12984,6501,32,109],"class_list":["post-318623","post","type-post","status-publish","format-standard","has-post-thumbnail","category-viihde","tag-alexander-eklund","tag-entertainment","tag-fi","tag-finland","tag-finnish","tag-lifestyle","tag-muutto","tag-omistusasunnot","tag-rescuekoirat","tag-sara-siipola","tag-suomi","tag-viihde"],"share_on_mastodon":{"url":"https:\/\/pubeurope.com\/@fi\/117049751325862208","error":""},"_links":{"self":[{"href":"https:\/\/www.europesays.com\/fi\/wp-json\/wp\/v2\/posts\/318623","targetHints":{"allow":["GET"]}}],"collection":[{"href":"https:\/\/www.europesays.com\/fi\/wp-json\/wp\/v2\/posts"}],"about":[{"href":"https:\/\/www.europesays.com\/fi\/wp-json\/wp\/v2\/types\/post"}],"author":[{"embeddable":true,"href":"https:\/\/www.europesays.com\/fi\/wp-json\/wp\/v2\/users\/2"}],"replies":[{"embeddable":true,"href":"https:\/\/www.europesays.com\/fi\/wp-json\/wp\/v2\/comments?post=318623"}],"version-history":[{"count":0,"href":"https:\/\/www.europesays.com\/fi\/wp-json\/wp\/v2\/posts\/318623\/revisions"}],"wp:featuredmedia":[{"embeddable":true,"href":"https:\/\/www.europesays.com\/fi\/wp-json\/wp\/v2\/media\/318624"}],"wp:attachment":[{"href":"https:\/\/www.europesays.com\/fi\/wp-json\/wp\/v2\/media?parent=318623"}],"wp:term":[{"taxonomy":"category","embeddable":true,"href":"https:\/\/www.europesays.com\/fi\/wp-json\/wp\/v2\/categories?post=318623"},{"taxonomy":"post_tag","embeddable":true,"href":"https:\/\/www.europesays.com\/fi\/wp-json\/wp\/v2\/tags?post=318623"}],"curies":[{"name":"wp","href":"https:\/\/api.w.org\/{rel}","templated":true}]}}