{"id":318653,"date":"2026-08-06T18:20:09","date_gmt":"2026-08-06T18:20:09","guid":{"rendered":"https:\/\/www.europesays.com\/fi\/318653\/"},"modified":"2026-08-06T18:20:09","modified_gmt":"2026-08-06T18:20:09","slug":"anna-liisa-tilus-ylen-rakastettu-kasvo-jakaa-kesalomakuulumisiaan-ja-urheilun-iloa","status":"publish","type":"post","link":"https:\/\/www.europesays.com\/fi\/318653\/","title":{"rendered":"Anna-Liisa Tilus: Ylen rakastettu kasvo jakaa kes\u00e4lomakuulumisiaan ja urheilun iloa"},"content":{"rendered":"<p>            Timo Korhonen\n        <\/p>\n<p class=\"subtitle \">Ylen rakastettu kasvo nauttii ansaitusta kes\u00e4lomastaan.<\/p>\n<p class=\"article-content article-content-width !bg-background\">Siit\u00e4 on pian puolitoista vuotta, kun Ylen pitk\u00e4aikainen televisiokuuluttaja , 61, katosi ruudusta Ylen s\u00e4\u00e4st\u00f6toimenpiteist\u00e4 johtuen.<\/p>\n<p class=\"font-weight-bold m-font-weight-bold article-content article-content-width !bg-background\">Katso my\u00f6s! Julkkisten pituus saattaa yll\u00e4tt\u00e4\u00e4:<\/p>\n<p class=\"article-content article-content-width !bg-background\">Anna-Liisa ei suinkaan ollut ainoa johon muutos kolahti, sill\u00e4 Yle p\u00e4\u00e4tti yhten\u00e4 s\u00e4\u00e4st\u00f6toimenpiteen\u00e4\u00e4n lopettaa koko tv-kuuluttajien toimen.<\/p>\n<p class=\"article-content article-content-width !bg-background\">Anna-Liisa vaihtoi tuolloin pesti\u00e4\u00e4n Ylen sis\u00e4ll\u00e4 TV1:n kanava\u00e4\u00e4neksi.<\/p>\n<p>Rehellinen tilitys kunnosta!<\/p>\n<p class=\"article-content article-content-width !bg-background\">Anna-Liisa nauttii paraikaa kes\u00e4lomastaan, ja jakoi<a href=\"https:\/\/www.facebook.com\/AnnaLiisaTilus\" target=\"_blank\" style=\"font-family:&quot;Open Sans&quot;, sans-serif;font-size:1.125rem\" rel=\"nofollow noopener\"> Facebook-tililleen<\/a> torstaina (6.8.) kuulumisiaan kes\u00e4laitumilta.<\/p>\n<p class=\"article-content article-content-width !bg-background\">Anna-Liisa poseeraa julkaisun kuvassa leve\u00e4sti hymyillen.<\/p>\n<p class=\"article-content article-content-width !bg-background\">H\u00e4n kertoo nauttineensa viimeaikoina erityisesti liikunnan ilosta, vaikkakin vauhti alkaa h\u00e4nen mukaansa olla hitaampaan p\u00e4in.<\/p>\n<p class=\"article-content article-content-width !bg-background\"> \u2013 Urheilu on kivaa ja voi aiheuttaa euforisia ilon pisaroita -ainakin minun lomamieleeni. Vauhti ei en\u00e4\u00e4 p\u00e4\u00e4t\u00e4 huimaa, mutta on tullut golffattua ja juostua lenkkej\u00e4kin, h\u00e4n tunnustaa. <\/p>\n<p>        <a itemprop=\"url\" href=\"https:\/\/www.seiska.fi\/katso\/ylen-kuuluttaja-anna-liisa-tilus-sai-katsojat-someraivon-partaalle\/1486215\" rel=\"nofollow noopener\" target=\"_blank\"><\/p>\n<p class=\"section-date\">\n        <strong class=\"article-section\" data-section=\"katso\"><br \/>\n            katso<br \/>\n        <\/strong><br \/>\n        11.10.2024 15:11\n    <\/p>\n<p>Ylen kuuluttaja Anna-Liisa Tilus sai katsojat someraivon partaalle\n    <\/p>\n<p itemprop=\"description\" class=\"subtitle \">\n    Anna-Liisa Tilus on nykyisin tarkka siit\u00e4, mit\u00e4 Facebook-tililleen kirjoittaa.\n<\/p>\n<p>        <\/a><\/p>\n<p class=\"article-content article-content-width !bg-background\">My\u00f6s urheilun seuraaminen tuo viihdykett\u00e4 kes\u00e4\u00e4n, vaikka sitten sateisemmille p\u00e4iville.<\/p>\n<p class=\"article-content article-content-width !bg-background\"> \u2013 Oikeata huippu-urheilua saamme seurata mm. nyt iltap\u00e4iv\u00e4ll\u00e4 TV2:lla, lajina Suunnistuksen MC. Yle Areenassa n\u00e4hd\u00e4\u00e4n U20 Yleisurheilun MM-kisatapahtumia USA:ssa Oregonissa nyt loppuviikolla. Aikuisten Yleisurheilun EM-kisoja odotetaan my\u00f6s jo, ne kisataan ensi viikolla 10. -16.8. Birminghamissa, Iso Britanniassa, h\u00e4n listaa. <\/p>\n<p>                <img decoding=\"async\" src=\"https:\/\/www.europesays.com\/fi\/wp-content\/uploads\/2026\/08\/2228832.webp\" width=\"576\" height=\"274\" alt=\"Anna-Liisa on ottanut osaa erin\u00e4isiin hyv\u00e4ntekev\u00e4isyystapahtumiin. Kuva vuoden 2022 Mannerheimin Lastensuojeluliiton Uudenmaan piirin muotin\u00e4yt\u00f6ksest\u00e4.\" loading=\"lazy\" \/>            <\/p>\n<p>\n            Anna-Liisa on ottanut osaa erin\u00e4isiin hyv\u00e4ntekev\u00e4isyystapahtumiin. Kuva vuoden 2022 Mannerheimin Lastensuojeluliiton Uudenmaan piirin muotin\u00e4yt\u00f6ksest\u00e4.<br \/>\n            Atte Kajova\n        <\/p>\n<p>        <a itemprop=\"url\" href=\"https:\/\/www.seiska.fi\/katso\/tvsta-kadonnut-anna-liisa-tilus-avautuu-nykyisesta-tyostaan\/2011365\" rel=\"nofollow noopener\" target=\"_blank\"><\/p>\n<p>\nTv:st\u00e4 kadonnut Anna-Liisa Tilus\n<\/p>\n<p class=\"section-date\">\n        <strong class=\"article-section\" data-section=\"katso\"><br \/>\n            katso<br \/>\n        <\/strong><br \/>\n        7.12.2025 09:15\n    <\/p>\n<p>Tv:st\u00e4 kadonnut Anna-Liisa Tilus avautuu nykyisest\u00e4 ty\u00f6st\u00e4\u00e4n\n    <\/p>\n<p itemprop=\"description\" class=\"subtitle \">\n    Kev\u00e4\u00e4ll\u00e4 n\u00e4htiin yhden aikakauden loppu, kun muutosneuvottelujen my\u00f6t\u00e4 Yle p\u00e4\u00e4tti lopettaa tv-kuuluttajien toimen.\n<\/p>\n<p>        <\/a><\/p>\n<p class=\"article-content article-content-width !bg-background\">Anna-Liisa nousi aikanaan kansan rakastamaksi kasvoksi jo vuonna 1984 voitettuaan Miss Suomi -kilpailun.<\/p>\n<p class=\"article-content article-content-width !bg-background\">Voito j\u00e4lkeen h\u00e4n ty\u00f6skenteli pitk\u00e4\u00e4n kansainv\u00e4lisen\u00e4 mallina, ennen kuin tie vei h\u00e4net Ylen juontoteht\u00e4viin 90-luvun lopulla.<\/p>\n","protected":false},"excerpt":{"rendered":"Timo Korhonen Ylen rakastettu kasvo nauttii ansaitusta kes\u00e4lomastaan. Siit\u00e4 on pian puolitoista vuotta, kun Ylen pitk\u00e4aikainen televisiokuuluttaja ,&hellip;\n","protected":false},"author":2,"featured_media":318654,"comment_status":"","ping_status":"","sticky":false,"template":"","format":"standard","meta":{"footnotes":"","_share_on_mastodon":"0"},"categories":[158],"tags":[20478,33,31,30,4451,212,3458,159,32,20477,160,1149],"class_list":["post-318653","post","type-post","status-publish","format-standard","has-post-thumbnail","category-urheilu","tag-anna-liisa-tilus","tag-fi","tag-finland","tag-finnish","tag-kesaloma","tag-lifestyle","tag-miss-suomi","tag-sports","tag-suomi","tag-televisiokuuluttaja","tag-urheilu","tag-yle"],"share_on_mastodon":{"url":"https:\/\/pubeurope.com\/@fi\/117049952426760820","error":""},"_links":{"self":[{"href":"https:\/\/www.europesays.com\/fi\/wp-json\/wp\/v2\/posts\/318653","targetHints":{"allow":["GET"]}}],"collection":[{"href":"https:\/\/www.europesays.com\/fi\/wp-json\/wp\/v2\/posts"}],"about":[{"href":"https:\/\/www.europesays.com\/fi\/wp-json\/wp\/v2\/types\/post"}],"author":[{"embeddable":true,"href":"https:\/\/www.europesays.com\/fi\/wp-json\/wp\/v2\/users\/2"}],"replies":[{"embeddable":true,"href":"https:\/\/www.europesays.com\/fi\/wp-json\/wp\/v2\/comments?post=318653"}],"version-history":[{"count":0,"href":"https:\/\/www.europesays.com\/fi\/wp-json\/wp\/v2\/posts\/318653\/revisions"}],"wp:featuredmedia":[{"embeddable":true,"href":"https:\/\/www.europesays.com\/fi\/wp-json\/wp\/v2\/media\/318654"}],"wp:attachment":[{"href":"https:\/\/www.europesays.com\/fi\/wp-json\/wp\/v2\/media?parent=318653"}],"wp:term":[{"taxonomy":"category","embeddable":true,"href":"https:\/\/www.europesays.com\/fi\/wp-json\/wp\/v2\/categories?post=318653"},{"taxonomy":"post_tag","embeddable":true,"href":"https:\/\/www.europesays.com\/fi\/wp-json\/wp\/v2\/tags?post=318653"}],"curies":[{"name":"wp","href":"https:\/\/api.w.org\/{rel}","templated":true}]}}