{"id":31878,"date":"2025-09-11T12:22:09","date_gmt":"2025-09-11T12:22:09","guid":{"rendered":"https:\/\/www.europesays.com\/fi\/31878\/"},"modified":"2025-09-11T12:22:09","modified_gmt":"2025-09-11T12:22:09","slug":"talta-nayttaa-samsungin-tuleva-galaxy-s26-pro-huippupuhelin-mallinnoskuvat-paljastivat-muotoilun","status":"publish","type":"post","link":"https:\/\/www.europesays.com\/fi\/31878\/","title":{"rendered":"T\u00e4lt\u00e4 n\u00e4ytt\u00e4\u00e4 Samsungin tuleva Galaxy S26 Pro -huippupuhelin \u2013 mallinnoskuvat paljastivat muotoilun"},"content":{"rendered":"<p><a href=\"https:\/\/mobiili.fi\/wp-content\/uploads\/2025\/09\/samsung_galaxy_s26_pro_onleaks_1.jpg\" data-lightbox=\"image\" rel=\"nofollow noopener\" target=\"_blank\"><img fetchpriority=\"high\" decoding=\"async\" aria-describedby=\"caption-attachment-265349\" class=\"size-large wp-image-265349\" src=\"data:image\/svg+xml,%3Csvg%20xmlns=\" http:=\"\" alt=\"Samsung Galaxy S26 Pron mallinnos. Kuva: OnLeaks \/ Android Headlines.\" width=\"1200\" height=\"1119\" data-lazy- data-lazy- data-lazy-src=\"https:\/\/www.europesays.com\/fi\/wp-content\/uploads\/2025\/09\/samsung_galaxy_s26_pro_onleaks_1-1200x1119.jpg\"\/><\/a><\/p>\n<p id=\"caption-attachment-265349\" class=\"wp-caption-text\">Samsung Galaxy S26 Pron mallinnos. Kuva: OnLeaks \/ Android Headlines.<\/p>\n<p>Paljastukset Samsungin tulevista alkuvuonna 2026 julkaistavaksi odotetuista Galaxy S26 -sarjan huippupuhelimista ovat saaneet jatkoa t\u00e4ll\u00e4 kertaa Galaxy S26 Pron mallinnoksilla.<\/p>\n<p>Aiemmat paljastukset ovat kertoneet, ett\u00e4 Samsungin huippupuhelinmallisto on uudistumassa nime\u00e4miselt\u00e4\u00e4n. Niin sanottua perusmallia ei olisi en\u00e4\u00e4 luvassa, vaan Galaxy S26 Pro olisi seuraaja nykyiselle Galaxy S25:lle. Lis\u00e4ksi mallistoon kuuluisivat edelleen ohut Galaxy S26 Edge sek\u00e4 parhaimmin varusteltu huippumalli Galaxy S26 Ultra. Nykyiseen Galaxy S25 -mallistoon n\u00e4hden joukosta putoaisi pois plus-malli, joka on ollut perusmallin suurempi versio.<\/p>\n<p>Malliston tiivistymist\u00e4 perustelee osaltaan hieman kasvava n\u00e4yt\u00f6n koko Galaxy S26 Prossa sek\u00e4 plus-mallin my\u00f6t\u00e4 ohuemmalle Edge-mallille aukeava suurempi markkinarako.<\/p>\n<p style=\"width: 98%; text-align: center; font-size:13px; border-bottom: 1px solid #C8C8C8; line-height: 0.1em; margin: 8px 1% 16px 1%;\">MAINOS (ARTIKKELI JATKUU ALLA)<\/p>\n<p>Mallinnoskuvia Galaxy S26 Prosta on nyt julkaissut vuotaja <a href=\"https:\/\/x.com\/OnLeaks\/status\/1965760553873461492\" rel=\"nofollow\">Steve Hemmerstoffer eli OnLeaks<\/a> yhteisty\u00f6ss\u00e4 <a href=\"https:\/\/www.androidheadlines.com\/samsung-galaxy-s26-pro\" rel=\"nofollow noopener\" target=\"_blank\">Android Headlines -sivuston kanssa<\/a>.<\/p>\n<p><a href=\"https:\/\/mobiili.fi\/wp-content\/uploads\/2025\/09\/samsung_galaxy_s26_pro_onleaks_2.jpg\" data-lightbox=\"image\" rel=\"nofollow noopener\" target=\"_blank\"><img loading=\"lazy\" decoding=\"async\" aria-describedby=\"caption-attachment-265348\" class=\"size-large wp-image-265348\" src=\"data:image\/svg+xml,%3Csvg%20xmlns=\" http:=\"\" alt=\"Samsung Galaxy S26 Pron mallinnos takaa ja edest\u00e4. Kuva: OnLeaks \/ Android Headlines.\" width=\"1200\" height=\"1034\" data-lazy- data-lazy- data-lazy-src=\"https:\/\/www.europesays.com\/fi\/wp-content\/uploads\/2025\/09\/samsung_galaxy_s26_pro_onleaks_2-1200x1034.jpg\"\/><\/a><\/p>\n<p id=\"caption-attachment-265348\" class=\"wp-caption-text\">Samsung Galaxy S26 Pron mallinnos takaa ja edest\u00e4. Kuva: OnLeaks \/ Android Headlines.<\/p>\n<p><a href=\"https:\/\/mobiili.fi\/wp-content\/uploads\/2025\/09\/samsung_galaxy_s26_pro_onleaks_3.jpg\" data-lightbox=\"image\" rel=\"nofollow noopener\" target=\"_blank\"><img loading=\"lazy\" decoding=\"async\" aria-describedby=\"caption-attachment-265347\" class=\"size-large wp-image-265347\" src=\"data:image\/svg+xml,%3Csvg%20xmlns=\" http:=\"\" alt=\"Samsung Galaxy S26 Pron mallinnos. Kuva: OnLeaks \/ Android Headlines.\" width=\"1200\" height=\"1007\" data-lazy- data-lazy- data-lazy-src=\"https:\/\/www.europesays.com\/fi\/wp-content\/uploads\/2025\/09\/samsung_galaxy_s26_pro_onleaks_3-1200x1007.jpg\"\/><\/a><\/p>\n<p id=\"caption-attachment-265347\" class=\"wp-caption-text\">Samsung Galaxy S26 Pron mallinnos. Kuva: OnLeaks \/ Android Headlines.<\/p>\n<p>Jo aiemmin mallikappaleissa ja yksitt\u00e4isess\u00e4 mallinnoksessa n\u00e4hdyll\u00e4 tavalla Samsung on tuomassa Galaxy S26 Prohon kamerakohouman, joka muistuttaa taittuvan\u00e4ytt\u00f6isess\u00e4 Galaxy Z Fold7:ss\u00e4 n\u00e4hty\u00e4. Kolme takakameraa sijaitsevat pystysuunnassa allekkain py\u00f6ristetyss\u00e4 kohoumassa. Viel\u00e4 Galaxy S25 -puhelimissa linssit olivat erikseen ilman yhten\u00e4ist\u00e4 ymp\u00e4r\u00f6iv\u00e4\u00e4 kohoumaa, mutta Galaxy S26 -puhelimissa tyyli on j\u00e4lleen muuttumassa.<\/p>\n<p><a href=\"https:\/\/mobiili.fi\/2025\/09\/05\/samsungin-ensi-vuoden-ohut-galaxy-s26-edge-huippupuhelin-paljastui-jo-mallinnoskuvissa-qi2-magneetit-tulossa-koko-sarjaan\/\" rel=\"nofollow noopener\" target=\"_blank\">Aiempien mallinnoskuvien perusteella ohut Galaxy S26 Edge on saamassa suuremman, leve\u00e4mm\u00e4n kamerakohouman<\/a> ja eroaa t\u00e4lt\u00e4 osin merkitt\u00e4v\u00e4sti niin edelt\u00e4j\u00e4st\u00e4\u00e4n kuin my\u00f6s tulevista Galaxy S26 -sisarmalleistaan.<\/p>\n<p style=\"width: 98%; text-align: center; font-size:13px; border-bottom: 1px solid #C8C8C8; line-height: 0.1em; margin: 8px 1% 16px 1%;\">MAINOS (ARTIKKELI JATKUU ALLA)<\/p>\n<p>Uusien mallinnoskuvien yhteydess\u00e4 Galaxy S26 Pron n\u00e4yt\u00f6n kooksi on mainittu 6,3 tuumaa, kun Galaxy S25:ss\u00e4 n\u00e4yt\u00f6n koko on 6,2 tuumaa. Puhelimen mitoiksi mainitaan 149,3 x 71,4 x 6,96 millimetri\u00e4. Paksuus kamerakohouman kohdalta on 10,23 millimetri\u00e4. Alle 7 millimetrin paksuus on aiemmin kuultuja huhuja pienempi.<\/p>\n<p>Tekniikan osalta Galaxy S26 -puhelimiin odotetaan tietenkin uuden sukupolven huippuluokan j\u00e4rjestelm\u00e4piiri\u00e4 sek\u00e4 mahdollisesti joitakin uudistuksia kameroihin. <a href=\"https:\/\/mobiili.fi\/2025\/07\/25\/huhumylly-kiihtyy-samsungin-tulevan-huippupuhelimen-ymparilla-galaxy-s26-ultraan-povataan-lataus-ja-kamerauudistuksia\/\" rel=\"nofollow noopener\" target=\"_blank\">Huhujen mukaan Galaxy S26 Ultrassa akun kapasiteetti s\u00e4ilyisi yh\u00e4 5 000 milliampeeritunnissa, mutta pikalatauksen enimm\u00e4istehon Samsung nostaisi 60 wattiin<\/a>. Galaxy S26 Prohon huhuissa on povattu 4 300 milliampeeritunnin akkua ja ohuempaan, mutta muuten suurempaan Galaxy S26 Edgeen 4 200 milliampeeritunnin akkua.<\/p>\n<p>Merkitt\u00e4v\u00e4n\u00e4 uudistuksena Galaxy S26 -huippupuhelinkolmikon odotetaan sis\u00e4lt\u00e4v\u00e4n Qi2-latauksen mahdollistavat magneetit sis\u00e4\u00e4nrakennettuna.<\/p>\n<p>Magneettien avulla tarkasti asemoituva ja tiukasti kiinnittyv\u00e4 Qi2-lataus on alkamassa yleisty\u00e4 Android-puhelimissakin. Applen MagSafeen pohjautuva standardi n\u00e4htiin vuonna 2024 ensimm\u00e4isen\u00e4 Android-puhelimena suomalaisen HMD:n Skyline-mallissa, joka olikin pitk\u00e4\u00e4n ainoa magneetit sis\u00e4\u00e4nrakennettuna sis\u00e4lt\u00e4v\u00e4 Qi2-latausta tukeva Android-puhelin\u00a0<a href=\"https:\/\/mobiili.fi\/2025\/08\/20\/google-pixel-10\/\" rel=\"nofollow noopener\" target=\"_blank\">ennen Googlen elokuussa julkistamia Pixel 10 -sarjan puhelimia<\/a>.<\/p>\n<p>Mainos: <a href=\"https:\/\/hinta.fi\/?src=gPp6fX03\" target=\"_blank\" rel=\"nofollow noopener\">Noin 1 600 000 tuotteen hintavertailu ja hintaseuranta &#8211; katso Hinta.fist\u00e4 mist\u00e4 saat halvimmalla<\/a><\/p>\n","protected":false},"excerpt":{"rendered":"Samsung Galaxy S26 Pron mallinnos. Kuva: OnLeaks \/ Android Headlines. Paljastukset Samsungin tulevista alkuvuonna 2026 julkaistavaksi odotetuista Galaxy&hellip;\n","protected":false},"author":2,"featured_media":31879,"comment_status":"","ping_status":"","sticky":false,"template":"","format":"standard","meta":{"footnotes":""},"categories":[85],"tags":[33,31,30,419,418,32,91,92],"class_list":{"0":"post-31878","1":"post","2":"type-post","3":"status-publish","4":"format-standard","5":"has-post-thumbnail","7":"category-mobiili","8":"tag-fi","9":"tag-finland","10":"tag-finnish","11":"tag-mobiili","12":"tag-mobile","13":"tag-suomi","14":"tag-technology","15":"tag-teknologia"},"share_on_mastodon":{"url":"","error":""},"_links":{"self":[{"href":"https:\/\/www.europesays.com\/fi\/wp-json\/wp\/v2\/posts\/31878","targetHints":{"allow":["GET"]}}],"collection":[{"href":"https:\/\/www.europesays.com\/fi\/wp-json\/wp\/v2\/posts"}],"about":[{"href":"https:\/\/www.europesays.com\/fi\/wp-json\/wp\/v2\/types\/post"}],"author":[{"embeddable":true,"href":"https:\/\/www.europesays.com\/fi\/wp-json\/wp\/v2\/users\/2"}],"replies":[{"embeddable":true,"href":"https:\/\/www.europesays.com\/fi\/wp-json\/wp\/v2\/comments?post=31878"}],"version-history":[{"count":0,"href":"https:\/\/www.europesays.com\/fi\/wp-json\/wp\/v2\/posts\/31878\/revisions"}],"wp:featuredmedia":[{"embeddable":true,"href":"https:\/\/www.europesays.com\/fi\/wp-json\/wp\/v2\/media\/31879"}],"wp:attachment":[{"href":"https:\/\/www.europesays.com\/fi\/wp-json\/wp\/v2\/media?parent=31878"}],"wp:term":[{"taxonomy":"category","embeddable":true,"href":"https:\/\/www.europesays.com\/fi\/wp-json\/wp\/v2\/categories?post=31878"},{"taxonomy":"post_tag","embeddable":true,"href":"https:\/\/www.europesays.com\/fi\/wp-json\/wp\/v2\/tags?post=31878"}],"curies":[{"name":"wp","href":"https:\/\/api.w.org\/{rel}","templated":true}]}}