{"id":318825,"date":"2026-08-06T23:41:12","date_gmt":"2026-08-06T23:41:12","guid":{"rendered":"https:\/\/www.europesays.com\/fi\/318825\/"},"modified":"2026-08-06T23:41:12","modified_gmt":"2026-08-06T23:41:12","slug":"poliisi-nuori-hukkui-iisalmessa-uutisia-lyhyesti","status":"publish","type":"post","link":"https:\/\/www.europesays.com\/fi\/318825\/","title":{"rendered":"Poliisi: Nuori hukkui Iisalmessa | Uutisia lyhyesti"},"content":{"rendered":"<p class=\"aw__sc-1qwuw0s-0 aw__sc-1vg2sqm-0 epAWpq ecELkD yle__article__paragraph\">Poliisi ei ep\u00e4ile asiassa rikosta.<\/p>\n<p class=\"aw__sc-1qwuw0s-0 aw__sc-ngllmo-0 epAWpq fzYpjk yle__article__paragraph\">Nuori hukkui Iisalmessa, kertoo <a class=\"aw__sc-ngllmo-1 bTDnwX yle__article__link\" href=\"https:\/\/poliisi.fi\/-\/nuori-hukkui-iisalmessa\" role=\"link\" rel=\"nofollow noopener\" target=\"_blank\">poliisi<\/a>.<\/p>\n<p class=\"aw__sc-1qwuw0s-0 aw__sc-ngllmo-0 epAWpq fzYpjk yle__article__paragraph\">Pelastuslaitos, ensihoito ja poliisi saivat h\u00e4lytyksen torstaina kello 17.47. Ilmoituksen mukaan ihminen oli mahdollisesti joutunut veden varaan.<\/p>\n<p class=\"aw__sc-1qwuw0s-0 aw__sc-ngllmo-0 epAWpq fzYpjk yle__article__paragraph\">Poliisi kertoo viranomaisten l\u00f6yt\u00e4neen l\u00e4hes t\u00e4ysi-ik\u00e4isen nuoren hukkuneena.<\/p>\n<p class=\"aw__sc-1qwuw0s-0 aw__sc-ngllmo-0 epAWpq fzYpjk yle__article__paragraph\">Poliisi ei ep\u00e4ile asiassa rikosta. Poliisi tekee kuolemansyyntutkinnan, joka on kokonaisuudessaan salassa pidett\u00e4v\u00e4.<\/p>\n","protected":false},"excerpt":{"rendered":"Poliisi ei ep\u00e4ile asiassa rikosta. Nuori hukkui Iisalmessa, kertoo poliisi. Pelastuslaitos, ensihoito ja poliisi saivat h\u00e4lytyksen torstaina kello&hellip;\n","protected":false},"author":2,"featured_media":318826,"comment_status":"","ping_status":"","sticky":false,"template":"","format":"standard","meta":{"footnotes":"","_share_on_mastodon":"0"},"categories":[5],"tags":[22,23,26,27,33,31,30,17,4892,24,25,28,29,15,837,18,21,1136,52,32,19,20,16],"class_list":["post-318825","post","type-post","status-publish","format-standard","has-post-thumbnail","category-otsikot","tag-breaking-news","tag-breakingnews","tag-featured-news","tag-featurednews","tag-fi","tag-finland","tag-finnish","tag-headlines","tag-iisalmi","tag-latest-news","tag-latestnews","tag-main-news","tag-mainnews","tag-news","tag-onnettomuudet","tag-otsikot","tag-paauutiset","tag-pohjois-savo","tag-poliisi","tag-suomi","tag-top-stories","tag-topstories","tag-uutiset"],"share_on_mastodon":{"url":"https:\/\/pubeurope.com\/@fi\/117051214183043047","error":""},"_links":{"self":[{"href":"https:\/\/www.europesays.com\/fi\/wp-json\/wp\/v2\/posts\/318825","targetHints":{"allow":["GET"]}}],"collection":[{"href":"https:\/\/www.europesays.com\/fi\/wp-json\/wp\/v2\/posts"}],"about":[{"href":"https:\/\/www.europesays.com\/fi\/wp-json\/wp\/v2\/types\/post"}],"author":[{"embeddable":true,"href":"https:\/\/www.europesays.com\/fi\/wp-json\/wp\/v2\/users\/2"}],"replies":[{"embeddable":true,"href":"https:\/\/www.europesays.com\/fi\/wp-json\/wp\/v2\/comments?post=318825"}],"version-history":[{"count":0,"href":"https:\/\/www.europesays.com\/fi\/wp-json\/wp\/v2\/posts\/318825\/revisions"}],"wp:featuredmedia":[{"embeddable":true,"href":"https:\/\/www.europesays.com\/fi\/wp-json\/wp\/v2\/media\/318826"}],"wp:attachment":[{"href":"https:\/\/www.europesays.com\/fi\/wp-json\/wp\/v2\/media?parent=318825"}],"wp:term":[{"taxonomy":"category","embeddable":true,"href":"https:\/\/www.europesays.com\/fi\/wp-json\/wp\/v2\/categories?post=318825"},{"taxonomy":"post_tag","embeddable":true,"href":"https:\/\/www.europesays.com\/fi\/wp-json\/wp\/v2\/tags?post=318825"}],"curies":[{"name":"wp","href":"https:\/\/api.w.org\/{rel}","templated":true}]}}