{"id":31888,"date":"2025-09-11T12:32:09","date_gmt":"2025-09-11T12:32:09","guid":{"rendered":"https:\/\/www.europesays.com\/fi\/31888\/"},"modified":"2025-09-11T12:32:09","modified_gmt":"2025-09-11T12:32:09","slug":"oho-nokialaisen-vesa-vuortion-turvakamera-kuvasi-ilveksen-valaistulla-omakotitalon-terassilla","status":"publish","type":"post","link":"https:\/\/www.europesays.com\/fi\/31888\/","title":{"rendered":"Oho! Nokialaisen Vesa Vuortion turvakamera kuvasi ilveksen valaistulla omakotitalon terassilla"},"content":{"rendered":"<p>Viime\u00f6inen turvakameran kuva on harvinaisen selke\u00e4, sill\u00e4 omakotitalon terassi oli hyvin valaistu. Ilves liikkuu vaaleanpunaisen pelargonin ja kaasugrillin vieress\u00e4.<\/p>\n<p class=\"article-body mb-nof-24 px-nof-16\">Nokian Uutisten lukija l\u00e4hetti toimitukseen turvakameran kuvaaman videon, jossa ilves tepastelee nokialaisen omakotitalon terassilla.<\/p>\n<p class=\"article-body mb-nof-24 px-nof-16\">Video on kuvattu keskiviikon ja torstain v\u00e4lisen\u00e4 y\u00f6n\u00e4 hieman puoleny\u00f6n j\u00e4lkeen.<\/p>\n<p class=\"article-body mb-nof-24 px-nof-16\">Turvakameran kuva on harvinaisen selke\u00e4, sill\u00e4 omakotitalon terassi oli valaistu.<\/p>\n","protected":false},"excerpt":{"rendered":"Viime\u00f6inen turvakameran kuva on harvinaisen selke\u00e4, sill\u00e4 omakotitalon terassi oli hyvin valaistu. Ilves liikkuu vaaleanpunaisen pelargonin ja kaasugrillin&hellip;\n","protected":false},"author":2,"featured_media":31889,"comment_status":"","ping_status":"","sticky":false,"template":"","format":"standard","meta":{"footnotes":""},"categories":[112],"tags":[33,31,30,684,118,32,119],"class_list":{"0":"post-31888","1":"post","2":"type-post","3":"status-publish","4":"format-standard","5":"has-post-thumbnail","7":"category-tiede","8":"tag-fi","9":"tag-finland","10":"tag-finnish","11":"tag-nokian-uutiset","12":"tag-science","13":"tag-suomi","14":"tag-tiede"},"share_on_mastodon":{"url":"","error":""},"_links":{"self":[{"href":"https:\/\/www.europesays.com\/fi\/wp-json\/wp\/v2\/posts\/31888","targetHints":{"allow":["GET"]}}],"collection":[{"href":"https:\/\/www.europesays.com\/fi\/wp-json\/wp\/v2\/posts"}],"about":[{"href":"https:\/\/www.europesays.com\/fi\/wp-json\/wp\/v2\/types\/post"}],"author":[{"embeddable":true,"href":"https:\/\/www.europesays.com\/fi\/wp-json\/wp\/v2\/users\/2"}],"replies":[{"embeddable":true,"href":"https:\/\/www.europesays.com\/fi\/wp-json\/wp\/v2\/comments?post=31888"}],"version-history":[{"count":0,"href":"https:\/\/www.europesays.com\/fi\/wp-json\/wp\/v2\/posts\/31888\/revisions"}],"wp:featuredmedia":[{"embeddable":true,"href":"https:\/\/www.europesays.com\/fi\/wp-json\/wp\/v2\/media\/31889"}],"wp:attachment":[{"href":"https:\/\/www.europesays.com\/fi\/wp-json\/wp\/v2\/media?parent=31888"}],"wp:term":[{"taxonomy":"category","embeddable":true,"href":"https:\/\/www.europesays.com\/fi\/wp-json\/wp\/v2\/categories?post=31888"},{"taxonomy":"post_tag","embeddable":true,"href":"https:\/\/www.europesays.com\/fi\/wp-json\/wp\/v2\/tags?post=31888"}],"curies":[{"name":"wp","href":"https:\/\/api.w.org\/{rel}","templated":true}]}}