{"id":31894,"date":"2025-09-11T12:36:08","date_gmt":"2025-09-11T12:36:08","guid":{"rendered":"https:\/\/www.europesays.com\/fi\/31894\/"},"modified":"2025-09-11T12:36:08","modified_gmt":"2025-09-11T12:36:08","slug":"synkka-hyokkays-pururadalla-epailty-vihdoin-kiinni","status":"publish","type":"post","link":"https:\/\/www.europesays.com\/fi\/31894\/","title":{"rendered":"Synkk\u00e4 hy\u00f6kk\u00e4ys pururadalla \u2013 Ep\u00e4ilty vihdoin kiinni"},"content":{"rendered":"<p>Poliisi ep\u00e4ilee 22-vuotiasta miest\u00e4 vakavista rikoksista.<\/p>\n<p><img decoding=\"async\" class=\"image image-show image-preview\" src=\"https:\/\/www.europesays.com\/fi\/wp-content\/uploads\/2025\/09\/21e641169b91a44c206a4e8ffeec02b95bec5301ab9fea43ce422f42719435bd.jpg\" alt=\"\"\/><img decoding=\"async\" class=\"image image-show\" src=\"https:\/\/www.europesays.com\/fi\/wp-content\/uploads\/2025\/09\/1757594168_885_21e641169b91a44c206a4e8ffeec02b95bec5301ab9fea43ce422f42719435bd.jpg\" alt=\"\"\/><\/p>\n<p>Poliisi tutkii pururatahy\u00f6kk\u00e4yst\u00e4 Jyv\u00e4skyl\u00e4ss\u00e4. Ep\u00e4ilty tekij\u00e4 pakeni maasta pian teon j\u00e4lkeen. Jatta Lapinkangas<\/p>\n<p class=\"paragraph\">Poliisi on saanut kiinni Jyv\u00e4skyl\u00e4n pururatahy\u00f6kk\u00e4yksest\u00e4 ep\u00e4illyn miehen.<\/p>\n<p class=\"paragraph\">Tummiin pukeutunut mies hy\u00f6kk\u00e4si yll\u00e4tt\u00e4en lenkill\u00e4 olleen naisen kimppuun takaap\u00e4in ja kaatoi t\u00e4m\u00e4n maahan. Nainen huusi ja rimpuili, jolloin tekij\u00e4 pakeni paikalta. Nainen selvisi tilanteesta ilman vakavia vammoja.<\/p>\n<p class=\"paragraph\">\u2013 Lenkkeilij\u00e4 toimi haastavassa tilanteessa neuvokkaasti her\u00e4tt\u00e4m\u00e4ll\u00e4 huomiota, jolloin tekij\u00e4 poistui paikalta, sanoi poliisi viime lokakuussa, kun se tiedotti rikostutkinnasta.<\/p>\n<p class=\"paragraph\">Hy\u00f6kk\u00e4ys tapahtui 22. lokakuuta 2024 Killerin ja Laajavuoren v\u00e4lisell\u00e4 pururadalla Kortem\u00e4en asuinalueen l\u00e4hettyvill\u00e4. Poliisi l\u00f6ysi my\u00f6hemmin ep\u00e4illyn poistumisreitilt\u00e4 tekij\u00e4n vaatteita ja ter\u00e4aseen. Ep\u00e4illyn henkil\u00f6llisyys selvisi vasta my\u00f6hemmin.<\/p>\n<p class=\"paragraph\">Poliisi ep\u00e4ilee teosta 22-vuotiasta ulkomailla asuvaa miest\u00e4.<\/p>\n<p class=\"paragraph\">Poliisin mukaan ep\u00e4ilty ehti poistua maasta. H\u00e4net etsint\u00e4kuulutettiin ja vangittiin poissaolevana. Nyt liki vuosi my\u00f6hemmin mies luovutettiin Suomeen. Keski-Suomen k\u00e4r\u00e4j\u00e4oikeus vangitsi miehen torstaina todenn\u00e4k\u00f6isin syin ep\u00e4iltyn\u00e4 t\u00f6rke\u00e4\u00e4n henkeen ja terveyteen kohdistuvan rikoksen valmisteluun sek\u00e4 pahoinpitelyyn.<\/p>\n","protected":false},"excerpt":{"rendered":"Poliisi ep\u00e4ilee 22-vuotiasta miest\u00e4 vakavista rikoksista. Poliisi tutkii pururatahy\u00f6kk\u00e4yst\u00e4 Jyv\u00e4skyl\u00e4ss\u00e4. Ep\u00e4ilty tekij\u00e4 pakeni maasta pian teon j\u00e4lkeen. Jatta&hellip;\n","protected":false},"author":2,"featured_media":31895,"comment_status":"","ping_status":"","sticky":false,"template":"","format":"standard","meta":{"footnotes":""},"categories":[12],"tags":[35,22,23,26,27,33,31,30,17,55,53,24,25,28,29,15,18,21,122,54,52,32,19,20,16],"class_list":{"0":"post-31894","1":"post","2":"type-post","3":"status-publish","4":"format-standard","5":"has-post-thumbnail","7":"category-suomi","8":"tag-24h","9":"tag-breaking-news","10":"tag-breakingnews","11":"tag-featured-news","12":"tag-featurednews","13":"tag-fi","14":"tag-finland","15":"tag-finnish","16":"tag-headlines","17":"tag-lainvalvonta","18":"tag-laki-oikeus-ja-rikos","19":"tag-latest-news","20":"tag-latestnews","21":"tag-main-news","22":"tag-mainnews","23":"tag-news","24":"tag-otsikot","25":"tag-paauutiset","26":"tag-pelastaminen","27":"tag-pelastuspalvelut","28":"tag-poliisi","29":"tag-suomi","30":"tag-top-stories","31":"tag-topstories","32":"tag-uutiset"},"share_on_mastodon":{"url":"","error":""},"_links":{"self":[{"href":"https:\/\/www.europesays.com\/fi\/wp-json\/wp\/v2\/posts\/31894","targetHints":{"allow":["GET"]}}],"collection":[{"href":"https:\/\/www.europesays.com\/fi\/wp-json\/wp\/v2\/posts"}],"about":[{"href":"https:\/\/www.europesays.com\/fi\/wp-json\/wp\/v2\/types\/post"}],"author":[{"embeddable":true,"href":"https:\/\/www.europesays.com\/fi\/wp-json\/wp\/v2\/users\/2"}],"replies":[{"embeddable":true,"href":"https:\/\/www.europesays.com\/fi\/wp-json\/wp\/v2\/comments?post=31894"}],"version-history":[{"count":0,"href":"https:\/\/www.europesays.com\/fi\/wp-json\/wp\/v2\/posts\/31894\/revisions"}],"wp:featuredmedia":[{"embeddable":true,"href":"https:\/\/www.europesays.com\/fi\/wp-json\/wp\/v2\/media\/31895"}],"wp:attachment":[{"href":"https:\/\/www.europesays.com\/fi\/wp-json\/wp\/v2\/media?parent=31894"}],"wp:term":[{"taxonomy":"category","embeddable":true,"href":"https:\/\/www.europesays.com\/fi\/wp-json\/wp\/v2\/categories?post=31894"},{"taxonomy":"post_tag","embeddable":true,"href":"https:\/\/www.europesays.com\/fi\/wp-json\/wp\/v2\/tags?post=31894"}],"curies":[{"name":"wp","href":"https:\/\/api.w.org\/{rel}","templated":true}]}}