{"id":31898,"date":"2025-09-11T12:49:11","date_gmt":"2025-09-11T12:49:11","guid":{"rendered":"https:\/\/www.europesays.com\/fi\/31898\/"},"modified":"2025-09-11T12:49:11","modified_gmt":"2025-09-11T12:49:11","slug":"tuukka-temonen-julkaisi-videon-kotoa-mukana-aivosyopaa-sairastava-olga-vaimo","status":"publish","type":"post","link":"https:\/\/www.europesays.com\/fi\/31898\/","title":{"rendered":"Tuukka Temonen julkaisi videon kotoa \u2013 Mukana aivosy\u00f6p\u00e4\u00e4 sairastava Olga-vaimo"},"content":{"rendered":"<p>Aivosy\u00f6p\u00e4\u00e4 sairastava Olga Temonen n\u00e4ytt\u00e4ytyi Tuukka Temosen kotivideoilla somessa.<\/p>\n<p><img decoding=\"async\" class=\"image image-show image-preview\" src=\"https:\/\/www.europesays.com\/fi\/wp-content\/uploads\/2025\/09\/0cce7aa02f7ec84af0afdfaf320442ff6494aa52a431808280071cf5e2b9e8e5.jpg\" alt=\"\"\/><img decoding=\"async\" class=\"image image-show\" src=\"https:\/\/www.europesays.com\/fi\/wp-content\/uploads\/2025\/09\/1757093109_485_0cce7aa02f7ec84af0afdfaf320442ff6494aa52a431808280071cf5e2b9e8e5.jpg\" alt=\"\"\/><\/p>\n<p>Olga Temonen ja Tuukka Temonen ovat olleet naimisissa vuodesta 2008 l\u00e4htien. Atte Kajova<\/p>\n<p class=\"paragraph\">Ohjaaja <strong>Tuukka Temonen<\/strong>, 50, on palannut ulkomaanmatkaltaan <strong>Torsti<\/strong>-lapsensa kanssa.<\/p>\n<p class=\"paragraph\">Tuukka <a href=\"https:\/\/www.iltalehti.fi\/viihdeuutiset\/aec496d4-5826-4bea-9bb0-7fee8666e138\" rel=\"nofollow noopener\" target=\"_blank\">kertoi aiemmin <\/a>Instagramissa, ett\u00e4 h\u00e4nen vaimonsa, n\u00e4yttelij\u00e4 <strong>Olga Temonen<\/strong>, 47, osti matkan Italian Monzaan katsomaan F1-kilpailua h\u00e4nen 50-vuotissyntym\u00e4p\u00e4iv\u00e4ns\u00e4 ja heid\u00e4n h\u00e4\u00e4p\u00e4iv\u00e4ns\u00e4 kunniaksi. Olga ei kuitenkaan p\u00e4\u00e4ssyt paikalle.<\/p>\n<p class=\"paragraph\">Nyt Tuukka on julkaissut Instagram-tarinoissaan kaksi videota, joissa he ovat Olgan kanssa Iitin maatilallaan. Ensimm\u00e4isell\u00e4 videolla Tuukka esittelee autossa Olgan saamaa postipakettia, jossa ei ollut osoitetietona muu kuin \u201dmaatila Iitti\u201d. Paketin vastaanottajaksi on merkitty \u201dn\u00e4yttelij\u00e4 Olga Temonen\u201d. Instagram-tarinat ovat n\u00e4ht\u00e4viss\u00e4 24 tuntia julkaisusta.<\/p>\n<p class=\"paragraph\">\u2013 Kyll\u00e4, maatila Iitti. Se l\u00f6ysi perille, Tuukka hym\u00e4ht\u00e4\u00e4.<\/p>\n<p>Temosilla on yli sata vuonna vanha maatila Iitiss\u00e4. Pete Anikari<\/p>\n<p class=\"paragraph\">Seuraavaksi Tuukka k\u00e4\u00e4nt\u00e4\u00e4 kameran kohti vaimoaan, joka istuu kuskin viereisell\u00e4 paikalla. Siniseen pitk\u00e4hihaiseen pukeutunut Olga hieman hymyilee ja ny\u00f6kk\u00e4\u00e4 Tuukalle.<\/p>\n<p class=\"paragraph\">Toisella videolla Tuukka viett\u00e4\u00e4 iltaa perheens\u00e4 kanssa maatilan terassilla. Temosilla on Torstin lis\u00e4ksi tytt\u00e4ret <strong>Helga<\/strong> ja <strong>Hilma<\/strong>.<\/p>\n<p class=\"paragraph\">Videon alussa Olga katsoo kameraan. H\u00e4nell\u00e4 on yll\u00e4\u00e4n kylpytakkia muistuttava sininen takki. H\u00e4nell\u00e4 on huppu p\u00e4\u00e4ss\u00e4\u00e4n ja harmaa viltti jalkojensa p\u00e4\u00e4ll\u00e4. Perheen dalmatialainen makoilee saman viltin p\u00e4\u00e4ll\u00e4.<\/p>\n<p class=\"paragraph\">Pian kamera siirtyy kohti heid\u00e4n kahta lastaan, jotka istuvat terassituoleilla ja hihitt\u00e4v\u00e4t jollekin asialle. My\u00f6hemmin kamera siirtyy kohti terassin uima-allasta, jossa uiskentelee kolmas lapsi.<\/p>\n<p>Tuukka Temosen videolla Olga Temonen mutristaa huumoristisesti huuliaan kameralle. Pete Anikari<\/p>\n<p class=\"paragraph\">Maanantaina Tuukka julkaisi Instagram-tilill\u00e4\u00e4n kuvia is\u00e4n ja Torstin formulamatkalta. Otoksissa is\u00e4 ja poika muun muassa poseeraavat yleis\u00f6ss\u00e4. Tuukalla on yll\u00e4\u00e4n harmaa hattu ja punainen kauluspaita, kun taas Torsti on pukeutunut formulapaitaan.<\/p>\n<p class=\"paragraph\">\u2013 Harmi, ett\u00e4 Olga ei t\u00e4ll\u00e4 kertaa p\u00e4\u00e4ssyt mukaan, mutta j\u00e4nnitti matkaamme ja kisaa kotikatsomossa. Onneksi kuitenkin saimme Torstin kanssa t\u00e4mm\u00f6isen hienon yhteisen kokemuksen, joka ei hevill\u00e4 unohdu, Tuukka sanoi p\u00e4ivityksess\u00e4\u00e4n.<\/p>\n<p class=\"paragraph\">Mik\u00e4li linkki ei n\u00e4y, voit katsoa julkaisun <a href=\"https:\/\/www.instagram.com\/p\/DOUJesaDLgo\/?hl=fi&amp;img_index=1\" target=\"_blank\" rel=\"noopener nofollow\">t\u00e4\u00e4lt\u00e4<\/a>.<\/p>\n<p class=\"paragraph\">Olga on sairastanut vuodesta 2023 nelj\u00e4nnen asteen glioomaa eli aivosy\u00f6p\u00e4\u00e4, jota ei ole mahdollista leikata. Hein\u00e4kuussa 2025 Olga kertoi aivokasvaimen uusiutuneen.<\/p>\n<p class=\"paragraph\">Tuolloin h\u00e4n sanoi saavansa uutta kokeellista ONC201-l\u00e4\u00e4kett\u00e4 Ranskasta Gustave Roussy -sy\u00f6p\u00e4sairaalasta. Olgan mukaan kyseinen l\u00e4\u00e4ke on antanut lupaavia tuloksia juuri h\u00e4nen kasvaintyyppins\u00e4 hoidossa.<\/p>\n<p>Olga ja Tuukka Temonen Iltalehden haastattelussa Jussi-gaalan punaisella matolla viime kev\u00e4\u00e4n\u00e4. Mikko Huisko<\/p>\n<p><script async src=\"\/\/www.instagram.com\/embed.js\"><\/script><\/p>\n","protected":false},"excerpt":{"rendered":"Aivosy\u00f6p\u00e4\u00e4 sairastava Olga Temonen n\u00e4ytt\u00e4ytyi Tuukka Temosen kotivideoilla somessa. Olga Temonen ja Tuukka Temonen ovat olleet naimisissa vuodesta&hellip;\n","protected":false},"author":2,"featured_media":26603,"comment_status":"","ping_status":"","sticky":false,"template":"","format":"standard","meta":{"footnotes":""},"categories":[136],"tags":[35,153,407,152,155,137,33,31,30,408,154,32,167,140,156,109],"class_list":{"0":"post-31898","1":"post","2":"type-post","3":"status-publish","4":"format-standard","5":"has-post-thumbnail","7":"category-julkkikset","8":"tag-24h","9":"tag-audiovisuaalinen-media","10":"tag-celebrities","11":"tag-elokuva-ja-tv-nayttelijat","12":"tag-elokuvat","13":"tag-entertainment","14":"tag-fi","15":"tag-finland","16":"tag-finnish","17":"tag-julkkikset","18":"tag-nayttelijat-teatteri","19":"tag-suomi","20":"tag-terveys","21":"tag-tv-ja-elokuvat","22":"tag-tv","23":"tag-viihde"},"share_on_mastodon":{"url":"","error":""},"_links":{"self":[{"href":"https:\/\/www.europesays.com\/fi\/wp-json\/wp\/v2\/posts\/31898","targetHints":{"allow":["GET"]}}],"collection":[{"href":"https:\/\/www.europesays.com\/fi\/wp-json\/wp\/v2\/posts"}],"about":[{"href":"https:\/\/www.europesays.com\/fi\/wp-json\/wp\/v2\/types\/post"}],"author":[{"embeddable":true,"href":"https:\/\/www.europesays.com\/fi\/wp-json\/wp\/v2\/users\/2"}],"replies":[{"embeddable":true,"href":"https:\/\/www.europesays.com\/fi\/wp-json\/wp\/v2\/comments?post=31898"}],"version-history":[{"count":0,"href":"https:\/\/www.europesays.com\/fi\/wp-json\/wp\/v2\/posts\/31898\/revisions"}],"wp:featuredmedia":[{"embeddable":true,"href":"https:\/\/www.europesays.com\/fi\/wp-json\/wp\/v2\/media\/26603"}],"wp:attachment":[{"href":"https:\/\/www.europesays.com\/fi\/wp-json\/wp\/v2\/media?parent=31898"}],"wp:term":[{"taxonomy":"category","embeddable":true,"href":"https:\/\/www.europesays.com\/fi\/wp-json\/wp\/v2\/categories?post=31898"},{"taxonomy":"post_tag","embeddable":true,"href":"https:\/\/www.europesays.com\/fi\/wp-json\/wp\/v2\/tags?post=31898"}],"curies":[{"name":"wp","href":"https:\/\/api.w.org\/{rel}","templated":true}]}}