{"id":31899,"date":"2025-09-11T12:54:08","date_gmt":"2025-09-11T12:54:08","guid":{"rendered":"https:\/\/www.europesays.com\/fi\/31899\/"},"modified":"2025-09-11T12:54:08","modified_gmt":"2025-09-11T12:54:08","slug":"cannesin-valloittanut-raumalaisdraama-on-yksi-viime-vuosien-parhaista-kotimaisista","status":"publish","type":"post","link":"https:\/\/www.europesays.com\/fi\/31899\/","title":{"rendered":"Cannesin valloittanut raumalaisdraama on yksi viime vuosien parhaista kotimaisista"},"content":{"rendered":"<p>\n            Jossain on valo joka ei sammu. Kuva: Made<br \/>\n            Made\n        <\/p>\n<p class=\"subtitle \">Jossain on valo joka ei sammu saa ensi-iltansa elokuvateattereissa perjantaina 12. syyskuuta.<\/p>\n<p>Jossain on valo joka ei sammu<\/p>\n<p class=\"article-content article-content-width !bg-background\">Draama <a alt=\"Haku\" class=\"text-primary-red font-extrabold\" href=\"https:\/\/www.seiska.fi\/haku?q=****\" rel=\"nofollow noopener\" target=\"_blank\">****<\/a><\/p>\n<p class=\"article-content article-content-width !bg-background\">Nelikymppisen ohjaaja-k\u00e4sikirjoittaja <a alt=\"Haku\" class=\"text-primary-red font-extrabold\" href=\"https:\/\/www.seiska.fi\/haku?q=Lauri-Matti Parppein\" rel=\"nofollow noopener\" target=\"_blank\">Lauri-Matti Parppein<\/a> esikoispitk\u00e4 on her\u00e4tt\u00e4nyt kiinnostusta toukokuusta l\u00e4htien, jolloin se sai ensi-iltansa Cannesin elokuvajuhlien ACID-esityssarjassa. Kyseess\u00e4 on yksi Cannesin kolmesta virallisesta sivusarjasta, jonka yhdeks\u00e4n elokuvan ohjelmistoon Parppein teos valittiin yli 600 hakijan joukosta.<\/p>\n<p class=\"article-content article-content-width !bg-background\">Psykologinen draama kertoo romahduksen kokeneesta huilistit\u00e4hdest\u00e4, Paulista (<a alt=\"Haku\" class=\"text-primary-red font-extrabold\" href=\"https:\/\/www.seiska.fi\/haku?q=Samuel Kujala\" rel=\"nofollow noopener\" target=\"_blank\">Samuel Kujala<\/a>), joka palaa itsemurhayrityksen j\u00e4lkeen toipumaan lapsuudenkotiinsa Raumalle. Siell\u00e4 h\u00e4n tapaa vanhan koulukaverinsa Iiriksen (<a alt=\"Haku\" class=\"text-primary-red font-extrabold\" href=\"https:\/\/www.seiska.fi\/haku?q=Anna Kauno\" rel=\"nofollow noopener\" target=\"_blank\">Anna Kauno<\/a>), joka houkuttelee Paulin kokeellista noise-musiikkia tekev\u00e4\u00e4n b\u00e4ndiin.<\/p>\n<p class=\"article-content article-content-width !bg-background\">Aiemmin pelkk\u00e4\u00e4 virheett\u00f6myytt\u00e4 itselt\u00e4\u00e4n vaatinut Pauli l\u00f6yt\u00e4\u00e4 lohtua oudosta ja ep\u00e4t\u00e4ydellisest\u00e4 \u00e4\u00e4nimaailmasta sek\u00e4 yst\u00e4vyydest\u00e4 t\u00e4ss\u00e4 ja nyt -hetkess\u00e4 el\u00e4v\u00e4n Iiriksen kanssa.<\/p>\n<p>        <a itemprop=\"url\" href=\"https:\/\/www.seiska.fi\/katso\/elokuva-arvio-pirjo-honkasalon-odotettu-paluuelokuva-tukahtuu-teennaisyyteensa\/1669459\" rel=\"nofollow noopener\" target=\"_blank\"><\/p>\n<p>\nPirjo Honkasalon ja Pirkko Saision elokuva\n<\/p>\n<p class=\"section-date\">\n        <strong class=\"article-section\" data-section=\"katso\"><br \/>\n            katso<br \/>\n        <\/strong><br \/>\n        17.4. 08:15\n    <\/p>\n<p>    Elokuva-arvio: Pirjo Honkasalon odotettu paluuelokuva tukahtuu teenn\u00e4isyyteens\u00e4<\/p>\n<p itemprop=\"description\" class=\"subtitle \">\n    Orenda saa ensi-iltansa elokuvateattereissa torstaina 17. huhtikuuta.\n<\/p>\n<p>        <\/a><\/p>\n<p>                <img loading=\"lazy\" decoding=\"async\" src=\"https:\/\/www.europesays.com\/fi\/wp-content\/uploads\/2025\/09\/1920806.webp\" width=\"576\" height=\"288\" alt=\"Samuel Kujala ja Anna Kauno elokuvassa Jossain on valo joka ei sammu.\" \/>            <\/p>\n<p>\n            Samuel Kujala ja Anna Kauno elokuvassa Jossain on valo joka ei sammu.<br \/>\n            Made\n        <\/p>\n<p>        <a itemprop=\"url\" href=\"https:\/\/www.seiska.fi\/katso\/elokuva-arvio-dokumentti-puisevasta-huippukokouksesta-on-hulvattoman-viihdyttava\/1662410\" rel=\"nofollow noopener\" target=\"_blank\"><\/p>\n<p>\nThe Helsinki Effect\n<\/p>\n<p class=\"section-date\">\n        <strong class=\"article-section\" data-section=\"katso\"><br \/>\n            katso<br \/>\n        <\/strong><br \/>\n        11.4. 11:15\n    <\/p>\n<p>    Elokuva-arvio: Dokumentti puisevasta huippukokouksesta on hulvattoman viihdytt\u00e4v\u00e4<\/p>\n<p itemprop=\"description\" class=\"subtitle \">\n    The Helsinki Effect saa ensi-iltansa elokuvateattereissa perjantaina 11. huhtikuuta.\n<\/p>\n<p>        <\/a><\/p>\n<p class=\"article-content article-content-width !bg-background\">Jossain on valo joka ei sammu on poikkeuksellisen hienosti ja varmaotteisesti ohjattu esikoispitk\u00e4, joka kertoo tarinan henkisest\u00e4 hajoamisesta ja eheytymisest\u00e4 l\u00e4mm\u00f6ll\u00e4 ja kirkkaudella. Sek\u00e4 Kujala ett\u00e4 Kauno tekev\u00e4t p\u00e4\u00e4rooleissa loistavaa ty\u00f6t\u00e4 kahtena hyvin erilaisena mutta toisiaan lopulta t\u00e4ydent\u00e4vin\u00e4 poikkeusyksil\u00f6in\u00e4.<\/p>\n<p class=\"article-content article-content-width !bg-background\">Elokuvanteon ohella Musta valo -yhtyeen laulaja-lauluntekij\u00e4n\u00e4 toimiva Parppei on itse s\u00e4velt\u00e4nyt elokuvan kiehtovan musiikin, jonka n\u00e4yttelij\u00e4t esitt\u00e4v\u00e4t liven\u00e4 kameran edess\u00e4. Kolmas p\u00e4\u00e4rooli lankeaa Parppein kotikaupungille Raumalle, jota ohjaaja kuvaa anteeksipyytelem\u00e4tt\u00f6m\u00e4ll\u00e4 rakkaudella.<\/p>\n<p class=\"article-content article-content-width !bg-background\"><a alt=\"Haku\" class=\"text-primary-red font-extrabold\" href=\"https:\/\/www.seiska.fi\/haku?q=O: Lauri-Matti Parppei. N: Samuel Kujala, Anna Kauno, Camille Auer.\" rel=\"nofollow noopener\" target=\"_blank\">O: Lauri-Matti Parppei. N: Samuel Kujala, Anna Kauno, Camille Auer.<\/a> (Suomi 2025). 110 min.<\/p>\n<p>        <a itemprop=\"url\" href=\"https:\/\/www.seiska.fi\/katso\/elokuva-arvio-eddington-nayttaa-korona-amerikan-tuhon-partaalla\/1875899\" rel=\"nofollow noopener\" target=\"_blank\"><\/p>\n<p>\nEnsi-illassa Eddington\n<\/p>\n<p class=\"section-date\">\n        <strong class=\"article-section\" data-section=\"katso\"><br \/>\n            katso<br \/>\n        <\/strong><br \/>\n        22.8. 08:50\n    <\/p>\n<p>    Elokuva-arvio: Eddington n\u00e4ytt\u00e4\u00e4 korona-Amerikan tuhon partaalla<\/p>\n<p itemprop=\"description\" class=\"subtitle \">\n    Eddington saa ensi-iltansa elokuvateattereissa perjantaina 22. elokuuta.\n<\/p>\n<p>        <\/a><\/p>\n","protected":false},"excerpt":{"rendered":"Jossain on valo joka ei sammu. Kuva: Made Made Jossain on valo joka ei sammu saa ensi-iltansa elokuvateattereissa&hellip;\n","protected":false},"author":2,"featured_media":31900,"comment_status":"","ping_status":"","sticky":false,"template":"","format":"standard","meta":{"footnotes":""},"categories":[131],"tags":[9370,9369,9368,155,137,33,173,31,30,9367,9366,1346,172,9372,3642,9371,32,109],"class_list":{"0":"post-31899","1":"post","2":"type-post","3":"status-publish","4":"format-standard","5":"has-post-thumbnail","7":"category-elokuvat","8":"tag-acid","9":"tag-anna-kauno","10":"tag-cannesin-elokuvajuhlat","11":"tag-elokuvat","12":"tag-entertainment","13":"tag-fi","14":"tag-film","15":"tag-finland","16":"tag-finnish","17":"tag-jossain-on-valo-joka-ei-sammu","18":"tag-lauri-matti-parppei","19":"tag-mielenterveys","20":"tag-movies","21":"tag-musta-valo","22":"tag-rauma","23":"tag-samuel-kujala","24":"tag-suomi","25":"tag-viihde"},"share_on_mastodon":{"url":"","error":""},"_links":{"self":[{"href":"https:\/\/www.europesays.com\/fi\/wp-json\/wp\/v2\/posts\/31899","targetHints":{"allow":["GET"]}}],"collection":[{"href":"https:\/\/www.europesays.com\/fi\/wp-json\/wp\/v2\/posts"}],"about":[{"href":"https:\/\/www.europesays.com\/fi\/wp-json\/wp\/v2\/types\/post"}],"author":[{"embeddable":true,"href":"https:\/\/www.europesays.com\/fi\/wp-json\/wp\/v2\/users\/2"}],"replies":[{"embeddable":true,"href":"https:\/\/www.europesays.com\/fi\/wp-json\/wp\/v2\/comments?post=31899"}],"version-history":[{"count":0,"href":"https:\/\/www.europesays.com\/fi\/wp-json\/wp\/v2\/posts\/31899\/revisions"}],"wp:featuredmedia":[{"embeddable":true,"href":"https:\/\/www.europesays.com\/fi\/wp-json\/wp\/v2\/media\/31900"}],"wp:attachment":[{"href":"https:\/\/www.europesays.com\/fi\/wp-json\/wp\/v2\/media?parent=31899"}],"wp:term":[{"taxonomy":"category","embeddable":true,"href":"https:\/\/www.europesays.com\/fi\/wp-json\/wp\/v2\/categories?post=31899"},{"taxonomy":"post_tag","embeddable":true,"href":"https:\/\/www.europesays.com\/fi\/wp-json\/wp\/v2\/tags?post=31899"}],"curies":[{"name":"wp","href":"https:\/\/api.w.org\/{rel}","templated":true}]}}