{"id":31915,"date":"2025-09-11T13:16:07","date_gmt":"2025-09-11T13:16:07","guid":{"rendered":"https:\/\/www.europesays.com\/fi\/31915\/"},"modified":"2025-09-11T13:16:07","modified_gmt":"2025-09-11T13:16:07","slug":"taideyliopiston-vuoden-alumniksi-valittu-susiraja-avaa-uuden-nayttelyn-new-yorkissa-marraskuussa-2025","status":"publish","type":"post","link":"https:\/\/www.europesays.com\/fi\/31915\/","title":{"rendered":"Taideyliopiston Vuoden alumniksi valittu Susiraja avaa uuden n\u00e4yttelyn New Yorkissa marraskuussa 2025"},"content":{"rendered":"<p>50-vuotias|Taideyliopiston Vuoden alumniksi valittu Susiraja avaa uuden n\u00e4yttelyn New Yorkissa marraskuussa.<\/p>\n<p class=\"article-body mb-nof-24 px-nof-16\">Yksi kamera, yksi kamerajalusta, kaukolaukaisin ja salamalaite. Ei kuvauslamppuja, ei erilaisia objektiiveja. Kuvauspaikkana oma koti.<\/p>\n<p class=\"article-body mb-nof-24 px-nof-16\">Siin\u00e4 t\u00e4ll\u00e4 hetkell\u00e4 yhden kansainv\u00e4lisesti menestyneimm\u00e4n valokuva- ja videotaiteilijamme <a class=\"article-personlink\" href=\"https:\/\/www.hs.fi\/haku\/?query=Iiu%20Susirajan\" rel=\"nofollow noopener\" target=\"_blank\">Iiu Susirajan<\/a> koko kalusto.<\/p>\n","protected":false},"excerpt":{"rendered":"50-vuotias|Taideyliopiston Vuoden alumniksi valittu Susiraja avaa uuden n\u00e4yttelyn New Yorkissa marraskuussa. Yksi kamera, yksi kamerajalusta, kaukolaukaisin ja salamalaite.&hellip;\n","protected":false},"author":2,"featured_media":31916,"comment_status":"","ping_status":"","sticky":false,"template":"","format":"standard","meta":{"footnotes":""},"categories":[135],"tags":[389,387,388,390,137,33,31,30,46,32,394,393,391,392,109],"class_list":{"0":"post-31915","1":"post","2":"type-post","3":"status-publish","4":"format-standard","5":"has-post-thumbnail","7":"category-taiteet-ja-suunnittelu","8":"tag-arts","9":"tag-arts-and-design","10":"tag-artsanddesign","11":"tag-design","12":"tag-entertainment","13":"tag-fi","14":"tag-finland","15":"tag-finnish","16":"tag-helsingin-sanomat","17":"tag-suomi","18":"tag-suunnittelu","19":"tag-taiteet","20":"tag-taiteet-ja-suunnittelu","21":"tag-taiteetsuunnittelu","22":"tag-viihde"},"share_on_mastodon":{"url":"","error":""},"_links":{"self":[{"href":"https:\/\/www.europesays.com\/fi\/wp-json\/wp\/v2\/posts\/31915","targetHints":{"allow":["GET"]}}],"collection":[{"href":"https:\/\/www.europesays.com\/fi\/wp-json\/wp\/v2\/posts"}],"about":[{"href":"https:\/\/www.europesays.com\/fi\/wp-json\/wp\/v2\/types\/post"}],"author":[{"embeddable":true,"href":"https:\/\/www.europesays.com\/fi\/wp-json\/wp\/v2\/users\/2"}],"replies":[{"embeddable":true,"href":"https:\/\/www.europesays.com\/fi\/wp-json\/wp\/v2\/comments?post=31915"}],"version-history":[{"count":0,"href":"https:\/\/www.europesays.com\/fi\/wp-json\/wp\/v2\/posts\/31915\/revisions"}],"wp:featuredmedia":[{"embeddable":true,"href":"https:\/\/www.europesays.com\/fi\/wp-json\/wp\/v2\/media\/31916"}],"wp:attachment":[{"href":"https:\/\/www.europesays.com\/fi\/wp-json\/wp\/v2\/media?parent=31915"}],"wp:term":[{"taxonomy":"category","embeddable":true,"href":"https:\/\/www.europesays.com\/fi\/wp-json\/wp\/v2\/categories?post=31915"},{"taxonomy":"post_tag","embeddable":true,"href":"https:\/\/www.europesays.com\/fi\/wp-json\/wp\/v2\/tags?post=31915"}],"curies":[{"name":"wp","href":"https:\/\/api.w.org\/{rel}","templated":true}]}}