{"id":319281,"date":"2026-08-07T12:53:12","date_gmt":"2026-08-07T12:53:12","guid":{"rendered":"https:\/\/www.europesays.com\/fi\/319281\/"},"modified":"2026-08-07T12:53:12","modified_gmt":"2026-08-07T12:53:12","slug":"poliisi-vanhan-koulun-pihalta-mustasaaresta-loydetty-epailyttava-esine-oli-vaaraton-pohjanmaa","status":"publish","type":"post","link":"https:\/\/www.europesays.com\/fi\/319281\/","title":{"rendered":"Poliisi: Vanhan koulun pihalta Mustasaaresta l\u00f6ydetty ep\u00e4ilytt\u00e4v\u00e4 esine oli vaaraton | Pohjanmaa"},"content":{"rendered":"<p class=\"aw__sc-1qwuw0s-0 aw__sc-1vg2sqm-0 epAWpq ecELkD yle__article__paragraph\">Poliisi ei kerro tarkemmin, mink\u00e4 tyyppisest\u00e4 esineest\u00e4 oli kyse.<\/p>\n<p><img decoding=\"async\" alt=\"En skolg\u00e5rd med flera byggnader.\" src=\"https:\/\/www.europesays.com\/fi\/wp-content\/uploads\/2026\/08\/1786101161.jpeg\" class=\"aw__sc-dklauk-0 LPzKX\"\/><\/p>\n<p>Avaa kuvien katselu<\/p>\n<p>Veikkaalan vanhan koulurakennuksen pihalta l\u00f6ydettiin perjantaina iltap\u00e4iv\u00e4ll\u00e4 ep\u00e4ilytt\u00e4v\u00e4 esine. Kuva: Jarkko Heikkinen \/ Yle<\/p>\n<p>13:34\u2022P\u00e4ivitetty 15:00<\/p>\n<p class=\"aw__sc-1qwuw0s-0 aw__sc-ngllmo-0 epAWpq fzYpjk yle__article__paragraph\">Ohikulkija l\u00f6ysi perjantaina iltap\u00e4iv\u00e4ll\u00e4 Veikkaalan vanhan koulun pihalta Mustasaaresta ep\u00e4ilytt\u00e4v\u00e4n esineen.<\/p>\n<p class=\"aw__sc-1qwuw0s-0 aw__sc-ngllmo-0 epAWpq fzYpjk yle__article__paragraph\">Poliisi eristi koulurakennuksen alueen, tutki esineen ja totesi sen vaarattomaksi. Samalla alueen eristys purettiin.<\/p>\n<p class=\"aw__sc-1qwuw0s-0 aw__sc-ngllmo-0 epAWpq fzYpjk yle__article__paragraph\">Svenska Ylen tavoittama ylikonstaapeli <strong class=\"aw__sc-ngllmo-2 gdRrun yle__article__strong\">Pasi Sillanp\u00e4\u00e4<\/strong> Pohjanmaan poliisilaitokselta ei kerro tarkemmin, mink\u00e4 tyyppisest\u00e4 esineest\u00e4 on kyse.<\/p>\n<p class=\"aw__sc-1qwuw0s-0 aw__sc-ngllmo-0 epAWpq fzYpjk yle__article__paragraph\">Vanhassa koulurakennuksessa toimii nyky\u00e4\u00e4n p\u00e4iv\u00e4koti.<\/p>\n<p><img decoding=\"async\" alt=\"Punainen puinen rakennus, jossa lukee &quot;VEIKARS DAGHEM&quot;, edess\u00e4 vihre\u00e4 aita ja puita.\" src=\"https:\/\/www.europesays.com\/fi\/wp-content\/uploads\/2026\/08\/1786103651.jpeg\" loading=\"lazy\" class=\"aw__sc-dklauk-0 LPzKX\"\/><\/p>\n<p>Avaa kuvien katselu<\/p>\n<p>Nykyisin Veikkaalan vanhan koulun tiloissa toimii p\u00e4iv\u00e4koti. Kuva: Jarkko Heikkinen \/ Yle<\/p>\n<p class=\"aw__sc-1qwuw0s-0 aw__sc-ngllmo-0 epAWpq fzYpjk yle__article__paragraph\">Mustasaaren kunnan varhaiskasvatuksen ja esiopetuksen p\u00e4\u00e4llikk\u00f6 <strong class=\"aw__sc-ngllmo-2 gdRrun yle__article__strong\">Anna T\u00f6rnroos-M\u00e5rd<\/strong> toteaa, ett\u00e4 p\u00e4iv\u00e4kodin lapset ja henkil\u00f6kunta eiv\u00e4t olleet miss\u00e4\u00e4n vaiheessa vaarassa.<\/p>\n<p class=\"aw__sc-1qwuw0s-0 aw__sc-ngllmo-0 epAWpq fzYpjk yle__article__paragraph\">Lis\u00e4tty 7.8.2026 kello 15 Anna Tr\u00f6nroos-M\u00e5rdin kommentti.<\/p>\n","protected":false},"excerpt":{"rendered":"Poliisi ei kerro tarkemmin, mink\u00e4 tyyppisest\u00e4 esineest\u00e4 oli kyse. Avaa kuvien katselu Veikkaalan vanhan koulurakennuksen pihalta l\u00f6ydettiin perjantaina&hellip;\n","protected":false},"author":2,"featured_media":319282,"comment_status":"","ping_status":"","sticky":false,"template":"","format":"standard","meta":{"footnotes":"","_share_on_mastodon":"0"},"categories":[12],"tags":[22,23,26,27,33,31,30,17,71,8320,24,25,28,29,6356,15,18,21,449,33063,1263,32,19,20,16,859],"class_list":["post-319281","post","type-post","status-publish","format-standard","has-post-thumbnail","category-suomi","tag-breaking-news","tag-breakingnews","tag-featured-news","tag-featurednews","tag-fi","tag-finland","tag-finnish","tag-headlines","tag-kotimaa","tag-koulurakennukset","tag-latest-news","tag-latestnews","tag-main-news","tag-mainnews","tag-mustasaari","tag-news","tag-otsikot","tag-paauutiset","tag-pohjanmaa","tag-pommiuhka","tag-rikosepailyt","tag-suomi","tag-top-stories","tag-topstories","tag-uutiset","tag-vaasa"],"share_on_mastodon":{"url":"https:\/\/pubeurope.com\/@fi\/117054328812337275","error":""},"_links":{"self":[{"href":"https:\/\/www.europesays.com\/fi\/wp-json\/wp\/v2\/posts\/319281","targetHints":{"allow":["GET"]}}],"collection":[{"href":"https:\/\/www.europesays.com\/fi\/wp-json\/wp\/v2\/posts"}],"about":[{"href":"https:\/\/www.europesays.com\/fi\/wp-json\/wp\/v2\/types\/post"}],"author":[{"embeddable":true,"href":"https:\/\/www.europesays.com\/fi\/wp-json\/wp\/v2\/users\/2"}],"replies":[{"embeddable":true,"href":"https:\/\/www.europesays.com\/fi\/wp-json\/wp\/v2\/comments?post=319281"}],"version-history":[{"count":0,"href":"https:\/\/www.europesays.com\/fi\/wp-json\/wp\/v2\/posts\/319281\/revisions"}],"wp:featuredmedia":[{"embeddable":true,"href":"https:\/\/www.europesays.com\/fi\/wp-json\/wp\/v2\/media\/319282"}],"wp:attachment":[{"href":"https:\/\/www.europesays.com\/fi\/wp-json\/wp\/v2\/media?parent=319281"}],"wp:term":[{"taxonomy":"category","embeddable":true,"href":"https:\/\/www.europesays.com\/fi\/wp-json\/wp\/v2\/categories?post=319281"},{"taxonomy":"post_tag","embeddable":true,"href":"https:\/\/www.europesays.com\/fi\/wp-json\/wp\/v2\/tags?post=319281"}],"curies":[{"name":"wp","href":"https:\/\/api.w.org\/{rel}","templated":true}]}}