{"id":319337,"date":"2026-08-07T14:38:11","date_gmt":"2026-08-07T14:38:11","guid":{"rendered":"https:\/\/www.europesays.com\/fi\/319337\/"},"modified":"2026-08-07T14:38:11","modified_gmt":"2026-08-07T14:38:11","slug":"espanja-uhkaa-italiaa-vastatoimilla-uutisia-lyhyesti","status":"publish","type":"post","link":"https:\/\/www.europesays.com\/fi\/319337\/","title":{"rendered":"Espanja uhkaa Italiaa vastatoimilla | Uutisia lyhyesti"},"content":{"rendered":"<p>16:51\u2022P\u00e4ivitetty 17:00<\/p>\n<p class=\"aw__sc-1qwuw0s-0 aw__sc-ngllmo-0 epAWpq fzYpjk yle__article__paragraph\">Espanja uhkaa Italiaa vastatoimilla, ellei Italia peru kuukauden mittaista keskeytyst\u00e4 Schengenin vapaan liikkuvuuden sopimukseen.<\/p>\n<p class=\"aw__sc-1qwuw0s-0 aw__sc-ngllmo-0 epAWpq fzYpjk yle__article__paragraph\">Italia otti toimet k\u00e4ytt\u00f6\u00f6n, kun kymmenettuhannet siirtolaiset pyrkiv\u00e4t Espanjalle kuuluvaan Ceutaan Pohjois-Afrikassa. Italia on sulkenut meri- ja lentoliikenteen maahantulopisteit\u00e4 ja tehostanut maarajojen valvontaa.<\/p>\n<p class=\"aw__sc-1qwuw0s-0 aw__sc-ngllmo-0 epAWpq fzYpjk yle__article__paragraph\">Italian p\u00e4\u00e4ministerin <strong class=\"aw__sc-ngllmo-2 gdRrun yle__article__strong\">Giorgia Melonin<\/strong> mukaan kyseess\u00e4 oli poikkeuksellinen toimenpide, jonka tarkoituksena oli turvata kansallinen turvallisuus ja est\u00e4\u00e4 mahdolliset vaikutukset Italiaan.<\/p>\n<p class=\"aw__sc-1qwuw0s-0 aw__sc-ngllmo-0 epAWpq fzYpjk yle__article__paragraph\">Espanja vaatii, ett\u00e4 Italia luopuu Schengen -sopimuksen keskeytt\u00e4misest\u00e4 sunnuntaihin menness\u00e4. Se ei kuitenkaan tarkentanut, mit\u00e4 sen vastatoimet olisivat.<\/p>\n<p class=\"aw__sc-1qwuw0s-0 aw__sc-ngllmo-0 epAWpq fzYpjk yle__article__paragraph\">L\u00e4hde: STT-AFP<\/p>\n","protected":false},"excerpt":{"rendered":"16:51\u2022P\u00e4ivitetty 17:00 Espanja uhkaa Italiaa vastatoimilla, ellei Italia peru kuukauden mittaista keskeytyst\u00e4 Schengenin vapaan liikkuvuuden sopimukseen. Italia otti&hellip;\n","protected":false},"author":2,"featured_media":319338,"comment_status":"","ping_status":"","sticky":false,"template":"","format":"standard","meta":{"footnotes":"","_share_on_mastodon":"0"},"categories":[5],"tags":[22,23,1819,26,27,33,31,30,17,199,70,24,25,28,29,15,18,21,40221,32,19,20,56,16],"class_list":["post-319337","post","type-post","status-publish","format-standard","has-post-thumbnail","category-otsikot","tag-breaking-news","tag-breakingnews","tag-espanja","tag-featured-news","tag-featurednews","tag-fi","tag-finland","tag-finnish","tag-headlines","tag-italia","tag-kansainvalinen-politiikka","tag-latest-news","tag-latestnews","tag-main-news","tag-mainnews","tag-news","tag-otsikot","tag-paauutiset","tag-schengenin-sopimus","tag-suomi","tag-top-stories","tag-topstories","tag-ulkomaat","tag-uutiset"],"share_on_mastodon":{"url":"https:\/\/pubeurope.com\/@fi\/117054741208378725","error":""},"_links":{"self":[{"href":"https:\/\/www.europesays.com\/fi\/wp-json\/wp\/v2\/posts\/319337","targetHints":{"allow":["GET"]}}],"collection":[{"href":"https:\/\/www.europesays.com\/fi\/wp-json\/wp\/v2\/posts"}],"about":[{"href":"https:\/\/www.europesays.com\/fi\/wp-json\/wp\/v2\/types\/post"}],"author":[{"embeddable":true,"href":"https:\/\/www.europesays.com\/fi\/wp-json\/wp\/v2\/users\/2"}],"replies":[{"embeddable":true,"href":"https:\/\/www.europesays.com\/fi\/wp-json\/wp\/v2\/comments?post=319337"}],"version-history":[{"count":0,"href":"https:\/\/www.europesays.com\/fi\/wp-json\/wp\/v2\/posts\/319337\/revisions"}],"wp:featuredmedia":[{"embeddable":true,"href":"https:\/\/www.europesays.com\/fi\/wp-json\/wp\/v2\/media\/319338"}],"wp:attachment":[{"href":"https:\/\/www.europesays.com\/fi\/wp-json\/wp\/v2\/media?parent=319337"}],"wp:term":[{"taxonomy":"category","embeddable":true,"href":"https:\/\/www.europesays.com\/fi\/wp-json\/wp\/v2\/categories?post=319337"},{"taxonomy":"post_tag","embeddable":true,"href":"https:\/\/www.europesays.com\/fi\/wp-json\/wp\/v2\/tags?post=319337"}],"curies":[{"name":"wp","href":"https:\/\/api.w.org\/{rel}","templated":true}]}}