{"id":31935,"date":"2025-09-11T13:44:08","date_gmt":"2025-09-11T13:44:08","guid":{"rendered":"https:\/\/www.europesays.com\/fi\/31935\/"},"modified":"2025-09-11T13:44:08","modified_gmt":"2025-09-11T13:44:08","slug":"ensitreffit-artun-taustalta-paljastui-ikava-selkkaus-maajussille-morsian-ohjelmassa-tollotuomarit-selvittivat-mita-todella-tapahtui","status":"publish","type":"post","link":"https:\/\/www.europesays.com\/fi\/31935\/","title":{"rendered":"Ensitreffit-Artun taustalta paljastui ik\u00e4v\u00e4 selkkaus Maajussille morsian -ohjelmassa \u2013 T\u00f6ll\u00f6tuomarit selvittiv\u00e4t, mit\u00e4 todella tapahtui"},"content":{"rendered":"<p>MTV:n T\u00f6ll\u00f6tuomarit selvittiv\u00e4t, mit\u00e4 tapahtui Ensitreffit-Artun ja maajussi-Stiinan v\u00e4lill\u00e4 nelj\u00e4 vuotta sitten ja tiesik\u00f6 Ensitreffit-tuotanto t\u00e4st\u00e4 selkkauksesta.<\/p>\n<p>MTV:n <a class=\"underline\" data-testid=\"internal-link\" role=\"link\" data-sentry-element=\"Link\" data-sentry-component=\"InternalLink\" data-sentry-source-file=\"InternalLink.tsx\" href=\"https:\/\/www.mtvuutiset.fi\/aihe\/tollotuomarit\/8771350\" rel=\"nofollow noopener\" target=\"_blank\">T\u00f6ll\u00f6tuomarit<\/a> <strong class=\"typography-bold\">Katri Utula <\/strong>ja <strong class=\"typography-bold\">Katja Lintunen<\/strong> perkaavat j\u00e4lleen syksyn tv-ohjelmien tuoreita k\u00e4\u00e4nteit\u00e4.<\/p>\n<p><a class=\"underline\" data-testid=\"internal-link\" role=\"link\" data-sentry-element=\"Link\" data-sentry-component=\"InternalLink\" data-sentry-source-file=\"InternalLink.tsx\" href=\"https:\/\/www.mtvuutiset.fi\/aihe\/ensitreffit-alttarilla\/6891598\" rel=\"nofollow noopener\" target=\"_blank\">Ensitreffit alttarilla<\/a> -ohjelmaan osallistuva Arttu on jo joutunut kohun keskelle, kun selvisi, ett\u00e4 Arttu oli osallistunut nelj\u00e4 vuotta sitten <a class=\"underline\" data-testid=\"internal-link\" role=\"link\" data-sentry-element=\"Link\" data-sentry-component=\"InternalLink\" data-sentry-source-file=\"InternalLink.tsx\" href=\"https:\/\/www.mtvuutiset.fi\/aihe\/maajussille-morsian\/2889974\" rel=\"nofollow noopener\" target=\"_blank\">Maajussille morsian<\/a> -ohjelmaan ja j\u00e4tti ohjelmassa oleellisia asioita kertomatta.<\/p>\n<p>Lue lis\u00e4\u00e4: <a class=\"underline\" data-testid=\"internal-link\" role=\"link\" data-sentry-element=\"Link\" data-sentry-component=\"InternalLink\" data-sentry-source-file=\"InternalLink.tsx\" href=\"https:\/\/www.mtvuutiset.fi\/artikkeli\/ensitreffit-arttu-etsi-rakkautta-myos-maajussille-morsian-ohjelmassa-pimitti-oleellisen-tiedon-elamastaan\/9214732\" rel=\"nofollow noopener\" target=\"_blank\">Ensitreffit-Arttu etsi rakkautta my\u00f6s Maajussille morsian -ohjelmassa \u2013 pimitti oleellisen tiedon el\u00e4m\u00e4st\u00e4\u00e4n<\/a><\/p>\n<p>T\u00f6ll\u00f6tuomarit selvittiv\u00e4t, mit\u00e4 tilanteessa <strong class=\"typography-bold\">maajussi-Stiinan<\/strong> kanssa oikein todella tapahtui vuonna 2021. Stiina ehti jo ihastua Arttuun, kunnes Arttu pudotti todellisen pommin.<\/p>\n<p>Lis\u00e4ksi T\u00f6ll\u00f6tuomarit ottivat selv\u00e4\u00e4, tiesik\u00f6 Ensitreffit alttarilla -ohjelman tuotanto Artun menneisyydest\u00e4.<\/p>\n<p>Selv\u00e4\u00e4 on, ett\u00e4 tapahtumasarja j\u00e4tt\u00e4\u00e4 kysymyksen Artun luotettavuudesta.<\/p>\n<p>\u2013 Jos Arttu pimitti silloin noin oleellista tietoa, niin mist\u00e4 me tiedet\u00e4\u00e4n, ettei niin k\u00e4y my\u00f6s t\u00e4ss\u00e4 ohjelmassa? T\u00f6ll\u00f6tuomarit pohtivat.<\/p>\n<p>Katso yll\u00e4 olevalta videolta, mit\u00e4 T\u00f6ll\u00f6tuomarit saivat selville!<\/p>\n<p><img alt=\"tollotuomarit_katsomo_logollinen_16x9\" data-testid=\"crops-image\" class=\"h-full w-full object-cover transition duration-700 ease-in-out hover:scale-[1.05]\" fetchpriority=\"low\" loading=\"lazy\" width=\"1024\" height=\"576\" decoding=\"async\" style=\"color:transparent;background-size:cover;background-position:50% 50%;background-repeat:no-repeat;background-image:url(&quot;data:image\/svg+xml;base64,Cjxzdmcgd2lkdGg9IjEwMjQiIGhlaWdodD0iNTc2IiB2ZXJzaW9uPSIxLjEiIHhtbG5zPSJodHRwOi8vd3d3LnczLm9yZy8yMDAwL3N2ZyIgeG1sbnM6eGxpbms9Imh0dHA6Ly93d3cudzMub3JnLzE5OTkveGxpbmsiPgogIDxkZWZzPgogICAgPGxpbmVhckdyYWRpZW50IGlkPSJnIj4KICAgICAgPHN0b3Agc3RvcC1jb2xvcj0iIzBCMTgyMyIgb2Zmc2V0PSIyMCUiIC8+CiAgICAgIDxzdG9wIHN0b3AtY29sb3I9IiMxQTI3MzIiIG9mZnNldD0iNTAlIiAvPgogICAgICA8c3RvcCBzdG9wLWNvbG9yPSIjMEIxODIzIiBvZmZzZXQ9IjcwJSIgLz4KICAgIDwvbGluZWFyR3JhZGllbnQ+CiAgPC9kZWZzPgogIDxyZWN0IHdpZHRoPSIxMDI0IiBoZWlnaHQ9IjU3NiIgZmlsbD0iIzBCMTgyMyIgLz4KICA8cmVjdCBpZD0iciIgd2lkdGg9IjEwMjQiIGhlaWdodD0iNTc2IiBmaWxsPSJ1cmwoI2cpIiAvPgogIDxhbmltYXRlIHhsaW5rOmhyZWY9IiNyIiBhdHRyaWJ1dGVOYW1lPSJ4IiBmcm9tPSItMTAyNCIgdG89IjEwMjQiIGR1cj0iMXMiIHJlcGVhdENvdW50PSJpbmRlZmluaXRlIiAgLz4KPC9zdmc+&quot;)\" src=\"https:\/\/www.europesays.com\/fi\/wp-content\/uploads\/2025\/09\/1757598248_977_image\"\/>T\u00f6ll\u00f6tuomareiden tuore jakso on katsottavissa kokonaisuudessaan torstaisin .\u00a0<\/p>\n<p>Jaksossa puidaan ensimm\u00e4isi\u00e4 Ensitreffit alttarilla -h\u00e4it\u00e4 sek\u00e4 paljastetaan yksityiskohtia mystisest\u00e4 Pirunpeli-ohjelmasta.<\/p>\n","protected":false},"excerpt":{"rendered":"MTV:n T\u00f6ll\u00f6tuomarit selvittiv\u00e4t, mit\u00e4 tapahtui Ensitreffit-Artun ja maajussi-Stiinan v\u00e4lill\u00e4 nelj\u00e4 vuotta sitten ja tiesik\u00f6 Ensitreffit-tuotanto t\u00e4st\u00e4 selkkauksesta. MTV:n&hellip;\n","protected":false},"author":2,"featured_media":31936,"comment_status":"","ping_status":"","sticky":false,"template":"","format":"standard","meta":{"footnotes":""},"categories":[133],"tags":[137,33,31,30,32,206,156,109],"class_list":{"0":"post-31935","1":"post","2":"type-post","3":"status-publish","4":"format-standard","5":"has-post-thumbnail","7":"category-televisiot","8":"tag-entertainment","9":"tag-fi","10":"tag-finland","11":"tag-finnish","12":"tag-suomi","13":"tag-televisiot","14":"tag-tv","15":"tag-viihde"},"share_on_mastodon":{"url":"","error":""},"_links":{"self":[{"href":"https:\/\/www.europesays.com\/fi\/wp-json\/wp\/v2\/posts\/31935","targetHints":{"allow":["GET"]}}],"collection":[{"href":"https:\/\/www.europesays.com\/fi\/wp-json\/wp\/v2\/posts"}],"about":[{"href":"https:\/\/www.europesays.com\/fi\/wp-json\/wp\/v2\/types\/post"}],"author":[{"embeddable":true,"href":"https:\/\/www.europesays.com\/fi\/wp-json\/wp\/v2\/users\/2"}],"replies":[{"embeddable":true,"href":"https:\/\/www.europesays.com\/fi\/wp-json\/wp\/v2\/comments?post=31935"}],"version-history":[{"count":0,"href":"https:\/\/www.europesays.com\/fi\/wp-json\/wp\/v2\/posts\/31935\/revisions"}],"wp:featuredmedia":[{"embeddable":true,"href":"https:\/\/www.europesays.com\/fi\/wp-json\/wp\/v2\/media\/31936"}],"wp:attachment":[{"href":"https:\/\/www.europesays.com\/fi\/wp-json\/wp\/v2\/media?parent=31935"}],"wp:term":[{"taxonomy":"category","embeddable":true,"href":"https:\/\/www.europesays.com\/fi\/wp-json\/wp\/v2\/categories?post=31935"},{"taxonomy":"post_tag","embeddable":true,"href":"https:\/\/www.europesays.com\/fi\/wp-json\/wp\/v2\/tags?post=31935"}],"curies":[{"name":"wp","href":"https:\/\/api.w.org\/{rel}","templated":true}]}}