{"id":319359,"date":"2026-08-07T15:29:13","date_gmt":"2026-08-07T15:29:13","guid":{"rendered":"https:\/\/www.europesays.com\/fi\/319359\/"},"modified":"2026-08-07T15:29:13","modified_gmt":"2026-08-07T15:29:13","slug":"ostostie-3kn-hissi-oli-rikki-kaksi-kuukautta-zinaide-koivunen-91-puhkesi-kyyneliin-kesken-haastattelun-pelottaa","status":"publish","type":"post","link":"https:\/\/www.europesays.com\/fi\/319359\/","title":{"rendered":"Ostostie 3K:n hissi oli rikki kaksi kuukautta \u2013 Zinaide Koivunen, 91, puhkesi kyyneliin kesken haastattelun: \u201dPelottaa\u201d"},"content":{"rendered":"<p>El\u00e4kel\u00e4iset ovat olleet koko kes\u00e4n jumissa asuntoihinsa Kontulassa yhdeks\u00e4nkerroksisessa talossa. Helli Romppainen muuttaisi pois, jos olisi nuorempi. Ylimm\u00e4ss\u00e4 kerroksessa asuvat \u00e4iti ja poika Koivunen puhkeavat itkuun kesken haastattelun. <\/p>\n<ul>\n<li>Ostostie 3K:n hissi oli rikki kahden kuukauden ajan.<\/li>\n<li>Useat vanhukset olivat jumissa yhdeks\u00e4nkerroksisessa talossa koko t\u00e4m\u00e4n ajan. <\/li>\n<li>Muutama tunti Iltalehden haastattelujen j\u00e4lkeen hissiin saatiin oikea varaosa, ja hissi toimii. <\/li>\n<\/ul>\n<p class=\"paragraph\">Yhdeks\u00e4nkymppinen <strong>Helli Romppanen<\/strong> astuu ulos ulko-ovista Kontulan Ostostiell\u00e4. H\u00e4n on l\u00e4htenyt viem\u00e4\u00e4n roskia ja selvitt\u00e4m\u00e4\u00e4n, ovatko huoltomiehet saapuneet paikalle.<\/p>\n<p class=\"paragraph\">Ostostie 3 K:n yhdeks\u00e4nkerroksisen kerrostalon hissi on ollut rikki haastatteluhetkell\u00e4  jo kahdeksan viikkoa. Kerrostalo kuuluu Hekalle eli Helsingin kaupungille.<\/p>\n<p class=\"paragraph\">Olemme paikalla Helsingin Kontulassa heti aamulla yhdeks\u00e4lt\u00e4.<\/p>\n<p class=\"paragraph\">Romppasen mukaan asukkaille on kerrottu, ett\u00e4 hissin huolto olisi \u201dviitt\u00e4 vaille valmis\u201d. Heille on my\u00f6s luvattu, ett\u00e4 huoltomiehet tulisivat perjantaina aamulla katsomaan hissi\u00e4. Kello yhdeks\u00e4n aikaan piha on kuitenkin tyhj\u00e4.<\/p>\n<p class=\"paragraph\">Romppasen puheista k\u00e4y nopeasti selv\u00e4ksi talon asukkaiden ahdinko.<\/p>\n<p class=\"paragraph\">\u2013T\u00e4ss\u00e4 talossa asuu paljon el\u00e4kel\u00e4isi\u00e4, jotka eiv\u00e4t ole pystyneet poistumaan kodeistaan noin kahteen kuukauteen. Esimerkiksi rollaattorin kanssa portaita on mahdotonta kulkea.<\/p>\n<p class=\"paragraph\">Romppanen kertoo asuneensa Ostostiell\u00e4 jo 30 vuotta. T\u00e4m\u00e4 on ensimm\u00e4inen kerta, kun hissi on ollut k\u00e4ytt\u00f6kelvoton n\u00e4in pitk\u00e4\u00e4n. Romppanen p\u00e4\u00e4see itse kulkemaan ulos, sill\u00e4 h\u00e4nen asuntonsa on kerrostalon kolmannessa kerroksessa.<\/p>\n<p class=\"paragraph\">\u2013 Jos olisin nuorempi, muuttaisin pois t\u00e4\u00e4lt\u00e4, Romppanen tuhahtaa.<\/p>\n<p>LUE MY\u00d6SHissi korjattiin Iltalehden yhteydenoton j\u00e4lkeen<\/p>\n<p class=\"paragraph\">Jutun teon j\u00e4lkeen Iltalehti otti yhteytt\u00e4 Hekaan tiedustellen, miksi hissi on ollut ep\u00e4kunnossa n\u00e4in kauan.<\/p>\n<p class=\"paragraph\">Saimme tiet\u00e4\u00e4, ett\u00e4 kyseess\u00e4 oli vaikeudet saada oikeaa varaosaa.<\/p>\n<p class=\"paragraph\">Vain hetki t\u00e4m\u00e4n j\u00e4lkeen Hekasta  l\u00e4hetettiin s\u00e4hk\u00f6postia ja kerrottiin hissin taas toimivan, ensimm\u00e4ist\u00e4 kertaa kahteen kuukauteen.<\/p>\n<p><img decoding=\"async\" class=\"image image-show image-preview\" src=\"https:\/\/www.europesays.com\/fi\/wp-content\/uploads\/2026\/08\/6f6593233007bb3f7bf126a97863f3638228b809f30de190f668623efe81535b.jpg\" alt=\"\"\/><img decoding=\"async\" class=\"image image-show\" src=\"https:\/\/www.europesays.com\/fi\/wp-content\/uploads\/2026\/08\/1786116553_942_6f6593233007bb3f7bf126a97863f3638228b809f30de190f668623efe81535b.jpg\" alt=\"\"\/><\/p>\n<p>Hissi on j\u00e4\u00e4nyt jumiin kerrostalon alakertaan. John Palm\u00e9n<\/p>\n<p>Huolestunut vierailija on j\u00e4tt\u00e4nyt alakerran ilmoitustaululle viestin. John Palm\u00e9n<\/p>\n<p>Vaikeuksia portaikossa<\/p>\n<p class=\"paragraph\">Romppanen osoittaa kerrostalon alakertaan jumittunutta Koneen hissi\u00e4. Sen vieress\u00e4 on k\u00e4ytt\u00f6kelvottomuudesta kertova lappu ja vilkkuva vikailmoitus.<\/p>\n<p class=\"paragraph\">Kerrostalon rappuk\u00e4yt\u00e4v\u00e4 on kuuma ja kostea. Rappusia yl\u00f6s k\u00e4velless\u00e4 heng\u00e4styisi ihan kuka tahansa.<\/p>\n<p class=\"paragraph\">85-vuotias <strong>Seija<\/strong> saapuu portaikkoa pitkin alakertaan. Liikkuminen mukana vedett\u00e4v\u00e4n ostoskassin kanssa on vaikeaa. H\u00e4n huomauttaa, ett\u00e4 takaisin kotiin p\u00e4\u00e4seminen on vaikeampaa painavien ostosten kanssa.<\/p>\n<p class=\"paragraph\">\u2013 Ei tunnu kivalta, Seija kertoo.<\/p>\n<p class=\"paragraph\">Alakertaan saapunut mies kertoo tilanteen olevan kerrostalossa eritt\u00e4in vaikea. Valituksia Helsingin kaupungille on tehty useita, mutta tuloksetta. Huoltomiehet ovat k\u00e4yneet aikaisemmin paikalla, mutta edistyst\u00e4 ei ole tapahtunut.<\/p>\n<p class=\"paragraph\">Mies ei osaa sanoa, tulevatko asukkaat saamaan k\u00e4rsimyksest\u00e4\u00e4n mink\u00e4\u00e4nlaisia korvauksia.<\/p>\n<p class=\"paragraph\">Alakerran ilmoitustaululle kiinnitettyyn lappuun on ilmestynyt viesti huolestuneelta vierailijalta. Siin\u00e4 h\u00e4n ilmaisee huolensa vanhusten j\u00e4\u00e4misest\u00e4 vangeiksi omiin koteihinsa.<\/p>\n<p class=\"paragraph\">Onko kukaan tarkistanut heid\u00e4n vointiaan?<\/p>\n<p>Zinaide ja Toivo Koivunen asuvat kerrostalon ylimm\u00e4ss\u00e4 kerroksessa. Yhdeks\u00e4nkymppinen Zinaide ei p\u00e4\u00e4se esimerkiksi l\u00e4\u00e4k\u00e4riin. John Palm\u00e9n<\/p>\n<p>Kaksi kuukautta kotona<\/p>\n<p class=\"paragraph\">Kerrostalon ylimm\u00e4ss\u00e4 kerroksessa asuvat 91-vuotias <strong>Zinaide Koivunen<\/strong> ja h\u00e4nen kehitysvammainen poikansa, 67-vuotias <strong>Toivo Koivunen<\/strong>.<\/p>\n<p class=\"paragraph\">Lasitetun parvekkeen kautta paistava kes\u00e4p\u00e4iv\u00e4n aurinko on l\u00e4mmitt\u00e4nyt Koivusten asunnon hiostavan kuumaksi. He ovat pyrkineet saamaan ilman kiert\u00e4m\u00e4\u00e4n l\u00e4pivedon kautta. He kertovat, ett\u00e4 kuumuus iskee kovimmin juuri kerrostalon yl\u00e4kerroksiin.<\/p>\n<p class=\"paragraph\">\u2013 \u00c4iti ei ole p\u00e4\u00e4ssyt ulos tai edes l\u00e4\u00e4k\u00e4riin kahteen kuukauteen, kertoo harmistunut Toivo Koivunen.<\/p>\n<p class=\"paragraph\">Toivo Koivunen on itse pystynyt kulkemaan alakertaan vied\u00e4kseen roskia.<\/p>\n<p class=\"paragraph\">Zinaide Koivunen kertoo, ett\u00e4 h\u00e4nt\u00e4 pelottaa. Jos kotona k\u00e4y jotain, h\u00e4n ei p\u00e4\u00e4se poistumaan. Zinaiden tyt\u00e4r tuo onneksi h\u00e4nelle ja pojalle kotiin ruokaa sek\u00e4 l\u00e4\u00e4kkeit\u00e4.<\/p>\n<p class=\"paragraph\">\u2013 Tytt\u00e4reni tekee seisomaty\u00f6t\u00e4, mink\u00e4 lis\u00e4ksi h\u00e4n joutuu k\u00e4ym\u00e4\u00e4n meille kaupassa ja nousemaan portaita yhdeks\u00e4nteen kerrokseen. Pelottaa, p\u00e4ivittelee Zinaide Koivunen ja purskahtaa itkuun.<\/p>\n<p class=\"paragraph\">My\u00f6s Toivo Koivusen poskelle vier\u00e4ht\u00e4\u00e4 kyynel. Kaksikko on jumissa.<\/p>\n<p>Anne Palm kertoo turhautuneensa hissin korjausta koskevan tiedon v\u00e4hyydest\u00e4. Asukkaat eiv\u00e4t tied\u00e4, milloin he p\u00e4\u00e4sev\u00e4t ulos kodeistaan. John Palm\u00e9n<\/p>\n<p>V\u00e4h\u00e4varaisten ahdinko ei kiinnosta<\/p>\n<p class=\"paragraph\">Ostostien kerrostalon kahdeksannessa kerroksessa asuva <strong>Anne Malm<\/strong>, 67, ei my\u00f6sk\u00e4\u00e4n p\u00e4\u00e4se poistumaan kodistaan, sill\u00e4 h\u00e4n k\u00e4ytt\u00e4\u00e4 liikkumiseen rollaattoria. H\u00e4n muutti kerrostaloon vuonna 2008.<\/p>\n<p class=\"paragraph\">Malmin mukaan hissien kanssa on ollut ongelmia aikaisemminkin muissa rapuissa. T\u00e4m\u00e4 on kuitenkin ensimm\u00e4inen kerta, kun ongelmat kest\u00e4v\u00e4t n\u00e4in pitk\u00e4\u00e4n. Malm ihmettelee, miksi Helsingin kaupunki tekee Koneen kanssa sopimuksia, jos hissien korjaamiseen tarvittavia varaosia ei l\u00f6ydy.<\/p>\n<p class=\"paragraph\">Malmin mielest\u00e4 hissin korjaamisessa on mennyt niin kauan, sill\u00e4 Hekan kerrostalossa asuu v\u00e4h\u00e4varaisia ihmisi\u00e4.<\/p>\n<p class=\"paragraph\">\u2013 Raha ratkaisee. Jos hissi olisi hajonnut rikkaassa talossa ja rikkaalla alueella, se olisi korjattu heti, Malm kertoo.<\/p>\n<p class=\"paragraph\">Malm on joutunut peruuttamaan l\u00e4\u00e4k\u00e4rille varaamiaan aikoja. Joitain l\u00e4\u00e4k\u00e4ripalveluja voi h\u00e4nen mukaansa saada omaan kotiin, mutta esimerkiksi syd\u00e4nfilmin ottaminen kotona ei ole mahdollista.<\/p>\n<p class=\"paragraph\">Hissin korjaust\u00f6ist\u00e4 on tiedotettu Malmin mukaan asukkaille eritt\u00e4in v\u00e4h\u00e4n. Kotiinsa h\u00e4n on saanut vain kaksi paperista tiedotetta, joissa kerrotaan korjaust\u00f6iden ven\u00e4ht\u00e4v\u00e4n. Tiedottomuus on ollut asukkaille eritt\u00e4in raskasta, h\u00e4n sanoo.<\/p>\n<p class=\"paragraph\">Asukkaiden saamissa tiedotteissa ei ole Malmin mukaan kerrottu, mist\u00e4 apua omaan tilanteeseen voisi tarvittaessa saada. Ei my\u00f6sk\u00e4\u00e4n sit\u00e4, milloin hissin korjausty\u00f6t valmistuvat.<\/p>\n<p class=\"paragraph\">\u2013 Alakerran ilmoitustaululle on saatettu laittaa joitakin tiedotteita. Mit\u00e4 se auttaa, jos emme p\u00e4\u00e4se alakertaan?<\/p>\n<p>Yli 90-vuotias Helli Romppanen k\u00e4vi tuomassa kerrostalon kahdeksannessa kerroksessa asuvalle Malmille kortin, jossa toivotetaan jaksamista vaikeassa tilanteessa. Sen ovat allekrjoittaneet muutkin alempien kerrosten asukkaat. John Palm\u00e9n<\/p>\n<p>Yksin\u00e4isyytt\u00e4 nelj\u00e4n sein\u00e4n sis\u00e4ll\u00e4<\/p>\n<p class=\"paragraph\">Malm kertoo k\u00e4rsineens\u00e4 kahden kuukauden kotona olemisen vuoksi yksin\u00e4isyydest\u00e4. El\u00e4kel\u00e4isill\u00e4 on ollut taloyhti\u00f6ss\u00e4 tapana viett\u00e4\u00e4 aikaa yhdess\u00e4 ulkona.<\/p>\n<p class=\"paragraph\">\u2013 T\u00e4ss\u00e4h\u00e4n kerke\u00e4\u00e4 katsomaan l\u00e4pi kaikki televisiosarjat ja siivoamaan. Kuka nyt jaksaa siivota kahdeksan viikkoa aamusta iltaan? Jossain vaiheessa ei en\u00e4\u00e4 jaksa sarjojakaan katsella, mink\u00e4 vuoksi olen alkanut vain r\u00f6hn\u00f6tt\u00e4m\u00e4\u00e4n sohvalla.<\/p>\n<p class=\"paragraph\">Alemmassa kerroksessa asuu toinen el\u00e4kel\u00e4inen, jonka kanssa Malm on keskustellut jonkin verran ikkunan kautta.<\/p>\n<p class=\"paragraph\">Malmin oma tyt\u00e4r k\u00e4y \u00e4idilleen kaupassa ja hakee apteekista tarvittavat l\u00e4\u00e4kkeet. Joskus h\u00e4n kertoo heitt\u00e4neens\u00e4 tytt\u00e4relleen lompakon ja valtakirjan l\u00e4\u00e4kkeiden hakua varten ikkunasta.<\/p>\n<p class=\"paragraph\">Ruokaostoksia varten Malm on kirjoittanut toiveensa paperille. H\u00e4n pyrkii pyyt\u00e4m\u00e4\u00e4n sellaisia tuotteita, jotka eiv\u00e4t paina liikaa, jotta tytt\u00e4ren ei tarvitse tuskailla portaikossa niit\u00e4 kantaessaan.<\/p>\n<p class=\"paragraph\">\u2013 Min\u00e4 p\u00e4rj\u00e4\u00e4n ilman maitojakin. Kotiinkin voisi tilata kaupasta ostoksia, mutta hissi saattaa olla k\u00e4ytt\u00f6kunnossa mik\u00e4 tahansa p\u00e4iv\u00e4. Tiedottomuus on pahin. En min\u00e4 muuten juoksuttaisi tyt\u00e4rt\u00e4ni, Malm kertoo.<\/p>\n<p class=\"paragraph\">Malm on huolissaan niist\u00e4 vanhuksista, joiden l\u00e4heiset eiv\u00e4t asu l\u00e4hist\u00f6ll\u00e4. Miten k\u00e4y roskas\u00e4kkien, jotka laitetaan parvekkeille m\u00e4t\u00e4nem\u00e4\u00e4n? Levi\u00e4v\u00e4tk\u00f6 esimerkiksi niiss\u00e4 kuhisevat madot koko taloon?<\/p>\n<p>Joku on tuonut kerrostalon portaikon v\u00e4litasanteelle lev\u00e4hdystuolin hissiongelman ajaksi. John Palm\u00e9n<\/p>\n<p>Autio piha<\/p>\n<p class=\"paragraph\">Kerrostalon rappuk\u00e4yt\u00e4v\u00e4ss\u00e4 tulee vastaan nuori nainen, <strong>Shikha Thapa<\/strong>. H\u00e4n on huomannut vanhusten vaikeuden portaikossa.<\/p>\n<p class=\"paragraph\">Thapa ja h\u00e4nen miehens\u00e4 ovat auttaneet naapurissa asuvaa el\u00e4kel\u00e4ist\u00e4 kantamaan ruokaostoksiaan kotiin kuumassa rappuk\u00e4yt\u00e4v\u00e4ss\u00e4.<\/p>\n<p class=\"paragraph\">Kerrostalosta poistuttaessa kasvoille k\u00e4y viimein viile\u00e4 tuulenvire. Kerrostalossa on todella kuuma, ja l\u00e4mp\u00f6 nousee Malmin mukaan sit\u00e4 korkeammaksi, mit\u00e4 ylemm\u00e4ss\u00e4 kerroksessa ihminen asuu.<\/p>\n<p class=\"paragraph\">Taloyhti\u00f6n piha on puoli yhdelt\u00e4 yh\u00e4 autio. Huoltomiehet eiv\u00e4t ole tulleet.<\/p>\n<p>Auringons\u00e4teet l\u00e4mmitt\u00e4v\u00e4t kerrostalon tukahduttavan kuumaksi. John Palm\u00e9n<\/p>\n","protected":false},"excerpt":{"rendered":"El\u00e4kel\u00e4iset ovat olleet koko kes\u00e4n jumissa asuntoihinsa Kontulassa yhdeks\u00e4nkerroksisessa talossa. Helli Romppainen muuttaisi pois, jos olisi nuorempi. Ylimm\u00e4ss\u00e4&hellip;\n","protected":false},"author":2,"featured_media":319360,"comment_status":"","ping_status":"","sticky":false,"template":"","format":"standard","meta":{"footnotes":"","_share_on_mastodon":"0"},"categories":[12],"tags":[36,542,22,23,26,27,33,31,30,17,545,543,24,25,28,29,15,18,21,98,32,19,20,16,4447],"class_list":["post-319359","post","type-post","status-publish","format-standard","has-post-thumbnail","category-suomi","tag-asuintalot-ja-asunnot","tag-asuminen","tag-breaking-news","tag-breakingnews","tag-featured-news","tag-featurednews","tag-fi","tag-finland","tag-finnish","tag-headlines","tag-huoneistot","tag-koti-ja-asuminen","tag-latest-news","tag-latestnews","tag-main-news","tag-mainnews","tag-news","tag-otsikot","tag-paauutiset","tag-perhe","tag-suomi","tag-top-stories","tag-topstories","tag-uutiset","tag-viikko"],"share_on_mastodon":{"url":"https:\/\/pubeurope.com\/@fi\/117054942249065558","error":""},"_links":{"self":[{"href":"https:\/\/www.europesays.com\/fi\/wp-json\/wp\/v2\/posts\/319359","targetHints":{"allow":["GET"]}}],"collection":[{"href":"https:\/\/www.europesays.com\/fi\/wp-json\/wp\/v2\/posts"}],"about":[{"href":"https:\/\/www.europesays.com\/fi\/wp-json\/wp\/v2\/types\/post"}],"author":[{"embeddable":true,"href":"https:\/\/www.europesays.com\/fi\/wp-json\/wp\/v2\/users\/2"}],"replies":[{"embeddable":true,"href":"https:\/\/www.europesays.com\/fi\/wp-json\/wp\/v2\/comments?post=319359"}],"version-history":[{"count":0,"href":"https:\/\/www.europesays.com\/fi\/wp-json\/wp\/v2\/posts\/319359\/revisions"}],"wp:featuredmedia":[{"embeddable":true,"href":"https:\/\/www.europesays.com\/fi\/wp-json\/wp\/v2\/media\/319360"}],"wp:attachment":[{"href":"https:\/\/www.europesays.com\/fi\/wp-json\/wp\/v2\/media?parent=319359"}],"wp:term":[{"taxonomy":"category","embeddable":true,"href":"https:\/\/www.europesays.com\/fi\/wp-json\/wp\/v2\/categories?post=319359"},{"taxonomy":"post_tag","embeddable":true,"href":"https:\/\/www.europesays.com\/fi\/wp-json\/wp\/v2\/tags?post=319359"}],"curies":[{"name":"wp","href":"https:\/\/api.w.org\/{rel}","templated":true}]}}