{"id":319407,"date":"2026-08-07T16:49:11","date_gmt":"2026-08-07T16:49:11","guid":{"rendered":"https:\/\/www.europesays.com\/fi\/319407\/"},"modified":"2026-08-07T16:49:11","modified_gmt":"2026-08-07T16:49:11","slug":"karhun-uudesta-kiintiometsastyksesta-annettu-reilut-20-lausuntoa-ministerio-ennakoi-tekstimuutoksia-pohjois-karjala","status":"publish","type":"post","link":"https:\/\/www.europesays.com\/fi\/319407\/","title":{"rendered":"Karhun uudesta kiinti\u00f6\u00admets\u00e4styksest\u00e4 annettu reilut 20 lausuntoa, ministeri\u00f6 ennakoi tekstimuutoksia | Pohjois-Karjala"},"content":{"rendered":"<p class=\"aw__sc-1qwuw0s-0 aw__sc-1vg2sqm-0 epAWpq ecELkD yle__article__paragraph\">Maa- ja mets\u00e4talous\u00administeri\u00f6 on saanut 24 lausuntoa asetus\u00adluonnoksesta, joka koskee karhun kiinti\u00f6\u00admets\u00e4styksen laajentamista.<\/p>\n<p><img decoding=\"async\" alt=\"Mets\u00e4st\u00e4j\u00e4 nostaa kaksin k\u00e4sin karhun tassua.\" src=\"https:\/\/www.europesays.com\/fi\/wp-content\/uploads\/2026\/08\/1701947601.jpeg\" class=\"aw__sc-dklauk-0 LPzKX\"\/><\/p>\n<p>Avaa kuvien katselu<\/p>\n<p>Kuvituskuva karhun mets\u00e4styksest\u00e4 vuodelta 2018 Etel\u00e4-Karjalassa. Kuva: Mikko Savolainen \/ Yle<\/p>\n<ul class=\"aw__sc-1yb43iq-0 gFXHv yle__article__list yle__article__list--ul\">\n<li class=\"aw__sc-1yb43iq-1 gVAzbt\">Hallitus valmistelee karhun kiinti\u00f6mets\u00e4styksen laajentamista koko Suomeen. Nyt se on sallittu vain poronhoitoalueella.<\/li>\n<li class=\"aw__sc-1yb43iq-1 gVAzbt\">Lausuntoaika p\u00e4\u00e4ttyi perjantaina. Luontoj\u00e4rjest\u00f6t vastustavat, mets\u00e4st\u00e4j\u00e4t ja kunnat kannattavat.<\/li>\n<li class=\"aw__sc-1yb43iq-1 gVAzbt\">Asetusta t\u00e4ydennet\u00e4\u00e4n oikeuskanslerin ja ymp\u00e4rist\u00f6ministeri\u00f6n lausuntojen vuoksi.<\/li>\n<li class=\"aw__sc-1yb43iq-1 gVAzbt\">T\u00e4lle syksylle my\u00f6nnettiin 182 lupaa. KHO ratkaisi viime vuoden luvat lainmukaisiksi.<\/li>\n<\/ul>\n<p class=\"aw__sc-1qwuw0s-0 aw__sc-ngllmo-0 epAWpq fzYpjk yle__article__paragraph\">Hallituksessa on vireill\u00e4 lakimuutos, joka mahdollistaisi karhun kiinti\u00f6mets\u00e4styksen laajentamisen uusille alueille Suomessa.<\/p>\n<p class=\"aw__sc-1qwuw0s-0 aw__sc-ngllmo-0 epAWpq fzYpjk yle__article__paragraph\">T\u00e4h\u00e4n asti maa- ja mets\u00e4talousministeri\u00f6n asettamat kiinti\u00f6t ovat koskeneet vain poronhoitoaluetta. Muualla Suomessa karhuja on voinut pyyt\u00e4\u00e4 vain poikkeusluvilla.<\/p>\n<p class=\"aw__sc-1qwuw0s-0 aw__sc-ngllmo-0 epAWpq fzYpjk yle__article__paragraph\">Perjantaina umpeutui lausuntoaika, jolla eri tahot voivat ottaa kantaa kiinti\u00f6mets\u00e4styst\u00e4 koskevaan asetusluonnokseen.<\/p>\n<p class=\"aw__sc-1qwuw0s-0 aw__sc-ngllmo-0 epAWpq fzYpjk yle__article__paragraph\">Maa- ja mets\u00e4talousministeri\u00f6lle oli annettu lausuntoja viimeiseen j\u00e4tt\u00f6p\u00e4iv\u00e4\u00e4n menness\u00e4 24 kappaletta. Joukossa on n\u00e4kemyksi\u00e4 luontoj\u00e4rjest\u00f6ilt\u00e4, mets\u00e4stysj\u00e4rjest\u00f6ilt\u00e4, eri viranomaisilta, kunnilta ja my\u00f6s yksitt\u00e4isilt\u00e4 kansalaisilta.<\/p>\n<p class=\"aw__sc-1qwuw0s-0 aw__sc-ngllmo-0 epAWpq fzYpjk yle__article__paragraph\">Valmisteleva virkamies ministeri\u00f6st\u00e4 kertoo, ett\u00e4 n\u00e4kemykset karhun kiinti\u00f6mets\u00e4styksen laajentamisesta ovat oletetusti kesken\u00e4\u00e4n vastakkaisia.<\/p>\n<p class=\"aw__sc-1qwuw0s-0 aw__sc-ngllmo-0 epAWpq fzYpjk yle__article__paragraph\">\u2013 L\u00e4ht\u00f6kohtaisesti luontoj\u00e4rjest\u00f6t suhtautuvat esitykseen kielteisesti ja merkitt\u00e4vien karhualueiden kunnat, mets\u00e4stysj\u00e4rjest\u00f6t ja my\u00f6s monet viranomaiset suhtautuvat positiivisesti, kertoo luonnonvaraneuvos <strong class=\"aw__sc-ngllmo-2 gdRrun yle__article__strong\">Sami Niemi<\/strong>.<\/p>\n<p>Merkitt\u00e4vi\u00e4 lausuntoja kahdelta taholta<\/p>\n<p class=\"aw__sc-1qwuw0s-0 aw__sc-ngllmo-0 epAWpq fzYpjk yle__article__paragraph\">Seuraavaksi maa- ja mets\u00e4talousministeri\u00f6n virkamiehet perehtyv\u00e4t lausuntoihin ja arvioivat, onko niiden perusteella syyt\u00e4 tehd\u00e4 tekstimuutoksia.<\/p>\n<p class=\"aw__sc-1qwuw0s-0 aw__sc-ngllmo-0 epAWpq fzYpjk yle__article__paragraph\">Niemen mielest\u00e4 merkitt\u00e4vimm\u00e4t lausunnot on saatu oikeuskanslerin virastosta ja ymp\u00e4rist\u00f6ministeri\u00f6st\u00e4.<\/p>\n<p class=\"aw__sc-1qwuw0s-0 aw__sc-ngllmo-0 epAWpq fzYpjk yle__article__paragraph\">\u2013 Niiden pohjalta on selv\u00e4\u00e4, ett\u00e4 meid\u00e4n t\u00e4ytyy t\u00e4ydent\u00e4\u00e4 asetusmuistiota ja avata siell\u00e4 aiempaa tarkemmin asioita, Niemi arvioi.<\/p>\n<p class=\"aw__sc-1qwuw0s-0 aw__sc-ngllmo-0 epAWpq fzYpjk yle__article__paragraph\">Muutokset liittyv\u00e4t erityisesti siihen, miten asetuksessa varmistetaan luontodirektiivin 16 artiklan tapauskohtainen harkinta.<\/p>\n<p class=\"aw__sc-1qwuw0s-0 aw__sc-ngllmo-0 epAWpq fzYpjk yle__article__paragraph\">Toiseksi virkamies nostaa sen, ett\u00e4 \u00c5rhusin sopimuksen edellytysten tulee t\u00e4ytty\u00e4. Kyseess\u00e4 on 1998 tehty yleissopimus, joka koskee tiedonsaantia, yleis\u00f6n osallistumisoikeutta p\u00e4\u00e4t\u00f6ksentekoon sek\u00e4 muutoksenhaku- ja vireillepano-oikeutta ymp\u00e4rist\u00f6asioissa.<\/p>\n<p class=\"aw__sc-1qwuw0s-0 aw__sc-ngllmo-0 epAWpq fzYpjk yle__article__paragraph\">Virkamiehet pyrkiv\u00e4t viimeistelem\u00e4\u00e4n valtioneuvoston asetuksen esittely\u00e4 varten mahdollisimman pikaisesti.<\/p>\n<p class=\"aw__sc-1qwuw0s-0 aw__sc-ngllmo-0 epAWpq fzYpjk yle__article__paragraph\">T\u00e4lle syksylle Suomen riistakeskus on my\u00f6nt\u00e4nyt 182 poikkeuslupaa it\u00e4iselle ja keskiselle kannanhoitoalueelle.<\/p>\n<p class=\"aw__sc-1qwuw0s-0 aw__sc-ngllmo-0 epAWpq fzYpjk yle__article__paragraph\">Valitusaika poikkeusluvista p\u00e4\u00e4ttyy vain viikkoa ennen mets\u00e4styskauden alkua elokuun 20. p\u00e4iv\u00e4. Viime vuosina <a class=\"aw__sc-ngllmo-1 bTDnwX yle__article__link\" href=\"https:\/\/yle.fi\/a\/74-20177563\" role=\"link\" rel=\"nofollow noopener\" target=\"_blank\">valitukset hallinto-oikeuteen<\/a> ovat k\u00e4yt\u00e4nn\u00f6ss\u00e4 est\u00e4neet mets\u00e4styksen.<\/p>\n<p class=\"aw__sc-1qwuw0s-0 aw__sc-ngllmo-0 epAWpq fzYpjk yle__article__paragraph\">Niemi odottaa, miten t\u00e4ll\u00e4 kertaa k\u00e4y.<\/p>\n<p class=\"aw__sc-1qwuw0s-0 aw__sc-ngllmo-0 epAWpq fzYpjk yle__article__paragraph\">\u2013 Tilanne on merkitt\u00e4v\u00e4sti erilainen, kun nyt on korkeimman hallinto-oikeuden ratkaisu, ett\u00e4 viime vuonna my\u00f6nnetyt karhun poikkeusluvat olivat lainmukaisia.<\/p>\n<p>Yle oli seuraamassa karhunmets\u00e4styksen alkua Suomussalmella vuonna 2024. Video: Timo Sihvonen \/ Yle<\/p>\n","protected":false},"excerpt":{"rendered":"Maa- ja mets\u00e4talous\u00administeri\u00f6 on saanut 24 lausuntoa asetus\u00adluonnoksesta, joka koskee karhun kiinti\u00f6\u00admets\u00e4styksen laajentamista. Avaa kuvien katselu Kuvituskuva karhun&hellip;\n","protected":false},"author":2,"featured_media":319408,"comment_status":"","ping_status":"","sticky":false,"template":"","format":"standard","meta":{"footnotes":"","_share_on_mastodon":"0"},"categories":[117],"tags":[404,33,31,30,2949,882,71,72,2662,479,476,1137,2939,118,2938,32,119,477],"class_list":["post-319407","post","type-post","status-publish","format-standard","has-post-thumbnail","category-luonto","tag-elaimet","tag-fi","tag-finland","tag-finnish","tag-hallinto-oikeus","tag-karhu","tag-kotimaa","tag-luonto","tag-maa-ja-metsatalousministerio","tag-metsastys","tag-nature","tag-pohjois-karjala","tag-poikkeusluvat","tag-science","tag-suomen-riistakeskus","tag-suomi","tag-tiede","tag-wildlife"],"share_on_mastodon":{"url":"https:\/\/pubeurope.com\/@fi\/117055256303207084","error":""},"_links":{"self":[{"href":"https:\/\/www.europesays.com\/fi\/wp-json\/wp\/v2\/posts\/319407","targetHints":{"allow":["GET"]}}],"collection":[{"href":"https:\/\/www.europesays.com\/fi\/wp-json\/wp\/v2\/posts"}],"about":[{"href":"https:\/\/www.europesays.com\/fi\/wp-json\/wp\/v2\/types\/post"}],"author":[{"embeddable":true,"href":"https:\/\/www.europesays.com\/fi\/wp-json\/wp\/v2\/users\/2"}],"replies":[{"embeddable":true,"href":"https:\/\/www.europesays.com\/fi\/wp-json\/wp\/v2\/comments?post=319407"}],"version-history":[{"count":0,"href":"https:\/\/www.europesays.com\/fi\/wp-json\/wp\/v2\/posts\/319407\/revisions"}],"wp:featuredmedia":[{"embeddable":true,"href":"https:\/\/www.europesays.com\/fi\/wp-json\/wp\/v2\/media\/319408"}],"wp:attachment":[{"href":"https:\/\/www.europesays.com\/fi\/wp-json\/wp\/v2\/media?parent=319407"}],"wp:term":[{"taxonomy":"category","embeddable":true,"href":"https:\/\/www.europesays.com\/fi\/wp-json\/wp\/v2\/categories?post=319407"},{"taxonomy":"post_tag","embeddable":true,"href":"https:\/\/www.europesays.com\/fi\/wp-json\/wp\/v2\/tags?post=319407"}],"curies":[{"name":"wp","href":"https:\/\/api.w.org\/{rel}","templated":true}]}}