{"id":31951,"date":"2025-09-11T14:07:09","date_gmt":"2025-09-11T14:07:09","guid":{"rendered":"https:\/\/www.europesays.com\/fi\/31951\/"},"modified":"2025-09-11T14:07:09","modified_gmt":"2025-09-11T14:07:09","slug":"kurre-westerlundin-bella-tytar-myy-asuntoaan-olohuoneessa-erikoinen-yksityiskohta","status":"publish","type":"post","link":"https:\/\/www.europesays.com\/fi\/31951\/","title":{"rendered":"Kurre Westerlundin Bella-tyt\u00e4r myy asuntoaan \u2013 Olohuoneessa erikoinen yksityiskohta"},"content":{"rendered":"<p>Bella Westerlund ilmoittaa myyv\u00e4ns\u00e4 kotiaan.<\/p>\n<p><img decoding=\"async\" class=\"image image-show image-preview\" src=\"https:\/\/www.europesays.com\/fi\/wp-content\/uploads\/2025\/09\/3add35a5a2bc058314d8e65879f757c0d35effccad2fe7a014fbccf8edafa6b3.jpg\" alt=\"\"\/><img decoding=\"async\" class=\"image image-show\" src=\"https:\/\/www.europesays.com\/fi\/wp-content\/uploads\/2025\/09\/1757599629_712_3add35a5a2bc058314d8e65879f757c0d35effccad2fe7a014fbccf8edafa6b3.jpg\" alt=\"\"\/><\/p>\n<p>Bella Westerlund on mukana Temptation Island Suomi -ohjelmassa. Teemu Laitinen, Nelonen<\/p>\n<p class=\"paragraph\">Laulaja-yritt\u00e4j\u00e4 <strong>Kurre Westerlundin<\/strong> tytt\u00e4relt\u00e4 <strong>Bella Westerlundilta<\/strong>, 24, tuli yll\u00e4tysilmoitus samana p\u00e4iv\u00e4n\u00e4, kun Nelonen tiedotti h\u00e4nen olevan <a href=\"https:\/\/www.iltalehti.fi\/viihdeuutiset\/346c1c55-6c57-4198-9c01-d53431800d15\" rel=\"nofollow noopener\" target=\"_blank\">mukana<\/a> Temptation Island Suomi -ohjelman uudella tuotantokaudella.<\/p>\n<p class=\"paragraph\">Bella ilmoittaa <a href=\"https:\/\/www.instagram.com\/bellakarhu\/?hl=fi\" target=\"_blank\" rel=\"noopener nofollow\">Instagram<\/a>-tarinoissaan, ett\u00e4 h\u00e4n myy Sipoon-kotiaan. H\u00e4n on julkaissut p\u00e4ivityksens\u00e4 yhteyteen kuvan kotinsa aulasta. Instagram-tarinat ovat n\u00e4ht\u00e4viss\u00e4 24 tuntia julkaisusta.<\/p>\n<p>Bella Westerlund myy Sipoon-kotiaan. Etuovi.com\/Huoneistokeskus<\/p>\n<p class=\"paragraph\">S\u00f6derkullassa sijaitseva rivitaloasunto on myynniss\u00e4 <a href=\"https:\/\/www.etuovi.com\/kohde\/20919062?haku=M2324319122&amp;utm_source=iltalehti.fi&amp;utm_campaign=article-kurre-westerlundin-bella-tytar-myy-asuntoaan-olohuoneessa-erikoinen-yksityiskohta&amp;utm_medium=almainternal\" target=\"_blank\" rel=\"noopener nofollow\">Etuovi.com<\/a>-sivustolla hintaan 199 000 euroa. 53-neli\u00f6isest\u00e4 kodista l\u00f6ytyy muun muassa lasisein\u00e4inen sauna, ilmal\u00e4mp\u00f6pumppu, terassit sek\u00e4 pieni piha-alue.<\/p>\n<p class=\"paragraph\">Osa kodin seinist\u00e4 on v\u00e4rilt\u00e4\u00e4n vihre\u00e4. N\u00e4in on esimerkiksi olohuoneessa, keitti\u00f6ss\u00e4, aulassa ja makuuhuoneessa. Kylpyhuoneessa on mustavalkoiset sein\u00e4t sek\u00e4 puunv\u00e4rinen katto.<\/p>\n<p class=\"paragraph\">Olohuoneesta l\u00f6ytyy my\u00f6s p\u00f6yt\u00e4, joka on rakennettu moottoripy\u00f6r\u00e4\u00e4 muistuttavan kulkuv\u00e4lineen p\u00e4\u00e4lle. P\u00f6yd\u00e4n toisen kulman alapuolella on teline, josta n\u00e4ytt\u00e4isi roikkuvan cocktaillaseja.<\/p>\n<p>Bella Westerlundin olohuoneesta l\u00f6ytyy p\u00f6yt\u00e4, joka on rakennettu moottoripy\u00f6r\u00e4\u00e4 muistuttavan kulkuv\u00e4lineen p\u00e4\u00e4lle. Etuovi.com\/Huoneistokeskus<\/p>\n<p>Talosta l\u00f6ytyy avokeitti\u00f6. Etuovi.com\/Huoneistokeskus<\/p>\n<p>Kodista l\u00f6ytyy piha-alue terasseineen. Etuovi.com\/Huoneistokeskus<\/p>\n<p>Vihre\u00e4 on osa kodin v\u00e4riteemaa. Etuovi.com\/Huoneistokeskus<\/p>\n<p>Kylpyhuoneessa on mustia kaappeja. Etuovi.com\/Huoneistokeskus<\/p>\n<p class=\"paragraph\">Bella tekee myynti- ja toimistoty\u00f6t\u00e4 is\u00e4ns\u00e4 omistamassa yrityksess\u00e4, mutta h\u00e4net n\u00e4hd\u00e4\u00e4n tulevalla TIS-kaudella sinkkuna. Ohjelmassa pariskunnat koettelevat suhdettaan sinkkujen ymp\u00e4r\u00f6imin\u00e4.<\/p>\n<p class=\"paragraph\">Nelosen tiedotteessa Bella kertoo tykk\u00e4\u00e4v\u00e4ns\u00e4 tummista ja tatuoiduista miehist\u00e4.<\/p>\n<p class=\"paragraph\">\u2013 M\u00e4 oon nyrkkeilij\u00e4. Toivottavasti t\u00e4\u00e4ll\u00e4 on jotain muutakin kovaa, kun vaan mun nyrkki, toivoi Bella uudelta Tempparit-kaudelta.<\/p>\n<p class=\"paragraph\">Kurre-is\u00e4 kertoi <a href=\"https:\/\/www.iltalehti.fi\/tv-ja-leffat\/195636c6-74c3-4d1c-8ae5-1f8031bff8ca\" rel=\"nofollow noopener\" target=\"_blank\">Iltalehdelle<\/a> saaneensa tiedon tytt\u00e4rens\u00e4 osallistumisesta tv-realityyn jo tovi sitten.<\/p>\n<p class=\"paragraph\">\u2013 T\u00e4m\u00e4 oli t\u00e4ysin h\u00e4nen oma valintansa, ja olin todella yll\u00e4ttynyt, kun h\u00e4n mainitsi t\u00e4st\u00e4, Kurre kertoi.<\/p>\n<p class=\"paragraph\">\u2013 Olin \u0161okissa, ett\u00e4 miten..?! Onneksi minulla on jo verenpainel\u00e4\u00e4kkeet, mutta toivottavasti ei nitroja tarvitse ruveta sy\u00f6m\u00e4\u00e4n! h\u00e4n lis\u00e4si.<\/p>\n<p class=\"paragraph\">Kurren mukaan heid\u00e4n koko perheens\u00e4 tukee Bellaa Tempparit-matkalla.<\/p>\n<p class=\"paragraph\">\u2013 Meill\u00e4 on hyv\u00e4 perheyhteis\u00f6 ja \u00e4lytt\u00f6m\u00e4n hyv\u00e4 suhde lapsiin <strong>Jennan<\/strong> kanssa, mutta oli t\u00e4m\u00e4 kielt\u00e4m\u00e4tt\u00e4 \u0161okki, laulaja sanoi.<\/p>\n<p class=\"paragraph\">Iltalehti ja Etuovi.com kuuluvat samaan Alma Media -konserniin.<\/p>\n<p>Kurt Westerlundin tyt\u00e4r osallistuu tosi-tv-ohjelmaan. Inka Soveri<\/p>\n<p><script async src=\"\/\/www.instagram.com\/embed.js\"><\/script><\/p>\n","protected":false},"excerpt":{"rendered":"Bella Westerlund ilmoittaa myyv\u00e4ns\u00e4 kotiaan. Bella Westerlund on mukana Temptation Island Suomi -ohjelmassa. Teemu Laitinen, Nelonen Laulaja-yritt\u00e4j\u00e4 Kurre&hellip;\n","protected":false},"author":2,"featured_media":31952,"comment_status":"","ping_status":"","sticky":false,"template":"","format":"standard","meta":{"footnotes":""},"categories":[136],"tags":[35,36,542,407,137,33,31,30,408,543,98,32,139,109],"class_list":{"0":"post-31951","1":"post","2":"type-post","3":"status-publish","4":"format-standard","5":"has-post-thumbnail","7":"category-julkkikset","8":"tag-24h","9":"tag-asuintalot-ja-asunnot","10":"tag-asuminen","11":"tag-celebrities","12":"tag-entertainment","13":"tag-fi","14":"tag-finland","15":"tag-finnish","16":"tag-julkkikset","17":"tag-koti-ja-asuminen","18":"tag-perhe","19":"tag-suomi","20":"tag-tv-ohjelmat","21":"tag-viihde"},"share_on_mastodon":{"url":"","error":""},"_links":{"self":[{"href":"https:\/\/www.europesays.com\/fi\/wp-json\/wp\/v2\/posts\/31951","targetHints":{"allow":["GET"]}}],"collection":[{"href":"https:\/\/www.europesays.com\/fi\/wp-json\/wp\/v2\/posts"}],"about":[{"href":"https:\/\/www.europesays.com\/fi\/wp-json\/wp\/v2\/types\/post"}],"author":[{"embeddable":true,"href":"https:\/\/www.europesays.com\/fi\/wp-json\/wp\/v2\/users\/2"}],"replies":[{"embeddable":true,"href":"https:\/\/www.europesays.com\/fi\/wp-json\/wp\/v2\/comments?post=31951"}],"version-history":[{"count":0,"href":"https:\/\/www.europesays.com\/fi\/wp-json\/wp\/v2\/posts\/31951\/revisions"}],"wp:featuredmedia":[{"embeddable":true,"href":"https:\/\/www.europesays.com\/fi\/wp-json\/wp\/v2\/media\/31952"}],"wp:attachment":[{"href":"https:\/\/www.europesays.com\/fi\/wp-json\/wp\/v2\/media?parent=31951"}],"wp:term":[{"taxonomy":"category","embeddable":true,"href":"https:\/\/www.europesays.com\/fi\/wp-json\/wp\/v2\/categories?post=31951"},{"taxonomy":"post_tag","embeddable":true,"href":"https:\/\/www.europesays.com\/fi\/wp-json\/wp\/v2\/tags?post=31951"}],"curies":[{"name":"wp","href":"https:\/\/api.w.org\/{rel}","templated":true}]}}