{"id":319561,"date":"2026-08-07T21:32:11","date_gmt":"2026-08-07T21:32:11","guid":{"rendered":"https:\/\/www.europesays.com\/fi\/319561\/"},"modified":"2026-08-07T21:32:11","modified_gmt":"2026-08-07T21:32:11","slug":"espanja-aloittaa-rajatarkastukset-vastatoimena-italialle-uutissuomalainen","status":"publish","type":"post","link":"https:\/\/www.europesays.com\/fi\/319561\/","title":{"rendered":"Espanja aloittaa rajatarkastukset vastatoimena Italialle | Uutissuomalainen"},"content":{"rendered":"<p>Espanja on ilmoittanut aloittavansa rajatarkastukset Italiasta saapuville matkustajille.<\/p>\n<p>Kyseess\u00e4 on vastatoimi sille, ett\u00e4 Italia ilmoitti, ettei se peru kuukauden mittaista keskeytyst\u00e4 Schengenin vapaan liikkuvuuden sopimukseen.<\/p>\n<p>Italia ilmoitti hein\u00e4kuun lopussa keskeytt\u00e4v\u00e4ns\u00e4 Schengen-sopimuksen soveltamisen Espanjan kanssa sen j\u00e4lkeen, kun kymmenettuhannet siirtolaiset pyrkiv\u00e4t Espanjalle kuuluvaan Ceutaan Pohjois-Afrikassa. Italia on sulkenut meri- ja lentoliikenteen maahantulopisteit\u00e4 ja tehostanut maarajojen valvontaa.<\/p>\n<p>Espanja vaati, ett\u00e4 Italia luopuu Schengen-sopimuksen keskeytt\u00e4misest\u00e4 sunnuntaihin menness\u00e4. Se ei aluksi tarkentanut, mit\u00e4 sen vastatoimet olisivat.<\/p>\n<p>Italian hallitus ilmoitti kuitenkin, ettei se aio muuttaa p\u00e4\u00e4t\u00f6st\u00e4\u00e4n ennen ensi viikon lauantaita. Italian hallituksen mukaan Espanjan viranomaiset odottavat tuolloin lis\u00e4\u00e4 Ceutaan pyrkivi\u00e4 siirtolaisia.<\/p>\n","protected":false},"excerpt":{"rendered":"Espanja on ilmoittanut aloittavansa rajatarkastukset Italiasta saapuville matkustajille. Kyseess\u00e4 on vastatoimi sille, ett\u00e4 Italia ilmoitti, ettei se peru&hellip;\n","protected":false},"author":2,"featured_media":319562,"comment_status":"","ping_status":"","sticky":false,"template":"","format":"standard","meta":{"footnotes":"","_share_on_mastodon":"0"},"categories":[14],"tags":[22,23,1819,26,27,33,31,30,17,70,24,25,28,29,2594,15,18,21,637,4272,103,32,19,20,56,4385,16,59,60,61],"class_list":["post-319561","post","type-post","status-publish","format-standard","has-post-thumbnail","category-ulkomaat","tag-breaking-news","tag-breakingnews","tag-espanja","tag-featured-news","tag-featurednews","tag-fi","tag-finland","tag-finnish","tag-headlines","tag-kansainvalinen-politiikka","tag-latest-news","tag-latestnews","tag-main-news","tag-mainnews","tag-muuttoliike-ja-siirtolaisuus","tag-news","tag-otsikot","tag-paauutiset","tag-politiikka","tag-rajavalvonta","tag-sosiaalikysymykset","tag-suomi","tag-top-stories","tag-topstories","tag-ulkomaat","tag-ulkopolitiikka-ja-kansainvalinen-politiikka","tag-uutiset","tag-world","tag-world-news","tag-worldnews"],"share_on_mastodon":{"url":"https:\/\/pubeurope.com\/@fi\/117056369051431661","error":""},"_links":{"self":[{"href":"https:\/\/www.europesays.com\/fi\/wp-json\/wp\/v2\/posts\/319561","targetHints":{"allow":["GET"]}}],"collection":[{"href":"https:\/\/www.europesays.com\/fi\/wp-json\/wp\/v2\/posts"}],"about":[{"href":"https:\/\/www.europesays.com\/fi\/wp-json\/wp\/v2\/types\/post"}],"author":[{"embeddable":true,"href":"https:\/\/www.europesays.com\/fi\/wp-json\/wp\/v2\/users\/2"}],"replies":[{"embeddable":true,"href":"https:\/\/www.europesays.com\/fi\/wp-json\/wp\/v2\/comments?post=319561"}],"version-history":[{"count":0,"href":"https:\/\/www.europesays.com\/fi\/wp-json\/wp\/v2\/posts\/319561\/revisions"}],"wp:featuredmedia":[{"embeddable":true,"href":"https:\/\/www.europesays.com\/fi\/wp-json\/wp\/v2\/media\/319562"}],"wp:attachment":[{"href":"https:\/\/www.europesays.com\/fi\/wp-json\/wp\/v2\/media?parent=319561"}],"wp:term":[{"taxonomy":"category","embeddable":true,"href":"https:\/\/www.europesays.com\/fi\/wp-json\/wp\/v2\/categories?post=319561"},{"taxonomy":"post_tag","embeddable":true,"href":"https:\/\/www.europesays.com\/fi\/wp-json\/wp\/v2\/tags?post=319561"}],"curies":[{"name":"wp","href":"https:\/\/api.w.org\/{rel}","templated":true}]}}