{"id":31972,"date":"2025-09-11T14:37:08","date_gmt":"2025-09-11T14:37:08","guid":{"rendered":"https:\/\/www.europesays.com\/fi\/31972\/"},"modified":"2025-09-11T14:37:08","modified_gmt":"2025-09-11T14:37:08","slug":"irlanti-ei-osallistu-euroviisuihin-jos-israel-on-mukana","status":"publish","type":"post","link":"https:\/\/www.europesays.com\/fi\/31972\/","title":{"rendered":"Irlanti ei osallistu Euroviisuihin, jos Israel on mukana"},"content":{"rendered":"<p>Irlannin yleisradioyhti\u00f6 kertoo kannastaan tiedotteessa.<\/p>\n<p class=\"article-body mb-nof-24 px-nof-16\">Irlanti ei osallistu ensi vuoden Euroviisuihin, jos Israel on mukana kilpailussa. Asiasta kertoo Irlannin yleisradioyhti\u00f6 RT\u00c9 <a class=\"article-genericlink\" href=\"https:\/\/about.rte.ie\/2025\/09\/11\/rte-statement-2026-eurovision-song-contest\/\" rel=\"nofollow noopener\" target=\"_blank\">tiedotteessaan<\/a>.<\/p>\n<p class=\"article-body mb-nof-24 px-nof-16\">Tiedotteen mukaan Irlannin yleisradioyhti\u00f6 tekee p\u00e4\u00e4t\u00f6ksen osallistumisesta, kun Euroopan yleisradioliitto EBU on tehnyt p\u00e4\u00e4t\u00f6ksen Israelin osallistumisesta.<\/p>\n<p class=\"article-body mb-nof-24 px-nof-16\">\u2013 RT\u00c9 kokee, ett\u00e4 Irlannin osallistuminen olisi omantunnon vastaista ajatellen Gazassa tapahtuvaa jatkuvaa ja kammottavaa ihmishenkien menett\u00e4mist\u00e4. RT\u00c9 on my\u00f6s eritt\u00e4in huolissaan toimittajien tappamisesta Gazassa, kansainv\u00e4listen toimittajien p\u00e4\u00e4syn est\u00e4misest\u00e4 alueelle ja j\u00e4ljell\u00e4 olevien panttivankien ahdingosta, tiedotteessa lukee.<\/p>\n<p class=\"article-body mb-nof-24 px-nof-16\">RT\u00c9 huomauttaa tiedotteessaan, ett\u00e4 maa voi vet\u00e4yty\u00e4 Euroviisuihin osallistumisesta joulukuuhun menness\u00e4 ilman sanktiota.<\/p>\n<p class=\"article-body mb-nof-24 px-nof-16\">Kahden edellisen Eurovision laulukilpailun aikaan on ollut paljon keskustelua Israelin osallistumisesta meneill\u00e4\u00e4n olevan Gazan sodan takia. Euroviisut on kohdannut laajamittaisia boikottivaatimuksia.<\/p>\n<p class=\"article-body mb-nof-24 px-nof-16\">V\u00e4h\u00e4n aikaa sitten uutisoitiin, ett\u00e4 Slovenia on my\u00f6s todenn\u00e4k\u00f6isesti j\u00e4tt\u00e4m\u00e4ss\u00e4 ensi vuoden Euroviisut v\u00e4liin. My\u00f6s Slovenian kohdalla syy on Israelin osallistumisessa. Slovenian yleisradioyhti\u00f6 RTVSLO ilmoitti jo hein\u00e4kuussa, ettei aio osallistua Euroviisuihin, jos Israelin annetaan osallistua.<\/p>\n<p class=\"article-body mb-nof-24 px-nof-16\">Lue lis\u00e4\u00e4: <a class=\"article-genericlink\" href=\"https:\/\/www.is.fi\/musiikki\/art-2000011477098.html\" rel=\"nofollow noopener\" target=\"_blank\">Slovenia j\u00e4\u00e4m\u00e4ss\u00e4 pois Euroviisuista \u2013 t\u00e4ss\u00e4 syy<\/a><\/p>\n<p class=\"article-body mb-nof-24 px-nof-16\">Slovenian yleisradioyhti\u00f6n uudessa tiedotteessa yhti\u00f6n johtaja <a class=\"article-personlink\" href=\"https:\/\/www.is.fi\/haku\/?query=Ksenija%20Horvat\" rel=\"nofollow noopener\" target=\"_blank\">Ksenija Horvat<\/a> kritisoi EBUa tavasta, jolla se on k\u00e4sitellyt viisujen osallistumiskriteereihin liittyv\u00e4\u00e4 s\u00e4\u00e4nn\u00f6st\u00f6\u00e4.<\/p>\n<p class=\"article-body mb-nof-24 px-nof-16\">\u2013 Olemme esitt\u00e4neet useita pyynt\u00f6j\u00e4 Ebulle, jotta he k\u00e4visiv\u00e4t dialogia meid\u00e4n pienempien kanavien kanssa Euroviisujen osallistumiss\u00e4\u00e4nn\u00f6ist\u00e4. L\u00e4hetimme yksityiskohtaisia kysymyksi\u00e4 ja ehdotuksia, mutta ne sivuutettiin.<\/p>\n<p class=\"article-body mb-nof-24 px-nof-16\">\u2013 Seurauksena uskomme todenn\u00e4k\u00f6isesti, ett\u00e4 emme tule osallistumaan Euroviisuihin ensi vuonna, kuten olemme julkisesti ilmoittaneet, Horvat kertoi tiedotteessa.<\/p>\n<p class=\"article-body mb-nof-24 px-nof-16\">Muun muassa <a class=\"article-genericlink\" href=\"https:\/\/www.rte.ie\/entertainment\/2025\/0911\/1532957-rte-eurovision\/\" rel=\"nofollow noopener\" target=\"_blank\">RT\u00c9<\/a> uutisoi, ett\u00e4 useat EBUn j\u00e4senet, eli kansalliset yleisradioyhti\u00f6t, ovat ilmaisseet huolensa Israelin osallistumisesta EBUn hein\u00e4kuussa pidetyn yleiskokouksen j\u00e4lkeen.<\/p>\n<p class=\"article-body mb-nof-24 px-nof-16\"><a class=\"article-genericlink\" href=\"https:\/\/www.bbc.com\/news\/articles\/c5yvd8158ywo\" rel=\"nofollow noopener\" target=\"_blank\">BBC<\/a> kertoo, ett\u00e4 Espanjan kulttuuriministeri<a class=\"article-personlink\" href=\"https:\/\/www.is.fi\/haku\/?query=%20Ernest%20Urtasun\" rel=\"nofollow noopener\" target=\"_blank\"> Ernest Urtasun<\/a> on sanonut, ett\u00e4 maa ei osallistu Euroviisuihin, jos Israelin annetaan osallistua.<\/p>\n<p class=\"article-body mb-nof-24 px-nof-16\">Irlanti on voittanut Euroviisut yhteens\u00e4 seitsem\u00e4n kertaa, mik\u00e4 on enn\u00e4tyksellinen m\u00e4\u00e4r\u00e4. My\u00f6s Ruotsi on voittanut kilpailun yht\u00e4 monta kertaa.<\/p>\n<p class=\"article-body mb-nof-24 px-nof-16\">Seuraavat Euroviisut kilpaillaan It\u00e4vallassa Wieniss\u00e4.<\/p>\n","protected":false},"excerpt":{"rendered":"Irlannin yleisradioyhti\u00f6 kertoo kannastaan tiedotteessa. Irlanti ei osallistu ensi vuoden Euroviisuihin, jos Israel on mukana kilpailussa. Asiasta kertoo&hellip;\n","protected":false},"author":2,"featured_media":31973,"comment_status":"","ping_status":"","sticky":false,"template":"","format":"standard","meta":{"footnotes":""},"categories":[132],"tags":[137,33,31,30,34,195,47,32,109],"class_list":{"0":"post-31972","1":"post","2":"type-post","3":"status-publish","4":"format-standard","5":"has-post-thumbnail","7":"category-musiikki","8":"tag-entertainment","9":"tag-fi","10":"tag-finland","11":"tag-finnish","12":"tag-ilta-sanomat","13":"tag-music","14":"tag-musiikki","15":"tag-suomi","16":"tag-viihde"},"share_on_mastodon":{"url":"","error":""},"_links":{"self":[{"href":"https:\/\/www.europesays.com\/fi\/wp-json\/wp\/v2\/posts\/31972","targetHints":{"allow":["GET"]}}],"collection":[{"href":"https:\/\/www.europesays.com\/fi\/wp-json\/wp\/v2\/posts"}],"about":[{"href":"https:\/\/www.europesays.com\/fi\/wp-json\/wp\/v2\/types\/post"}],"author":[{"embeddable":true,"href":"https:\/\/www.europesays.com\/fi\/wp-json\/wp\/v2\/users\/2"}],"replies":[{"embeddable":true,"href":"https:\/\/www.europesays.com\/fi\/wp-json\/wp\/v2\/comments?post=31972"}],"version-history":[{"count":0,"href":"https:\/\/www.europesays.com\/fi\/wp-json\/wp\/v2\/posts\/31972\/revisions"}],"wp:featuredmedia":[{"embeddable":true,"href":"https:\/\/www.europesays.com\/fi\/wp-json\/wp\/v2\/media\/31973"}],"wp:attachment":[{"href":"https:\/\/www.europesays.com\/fi\/wp-json\/wp\/v2\/media?parent=31972"}],"wp:term":[{"taxonomy":"category","embeddable":true,"href":"https:\/\/www.europesays.com\/fi\/wp-json\/wp\/v2\/categories?post=31972"},{"taxonomy":"post_tag","embeddable":true,"href":"https:\/\/www.europesays.com\/fi\/wp-json\/wp\/v2\/tags?post=31972"}],"curies":[{"name":"wp","href":"https:\/\/api.w.org\/{rel}","templated":true}]}}