{"id":319883,"date":"2026-08-08T08:02:08","date_gmt":"2026-08-08T08:02:08","guid":{"rendered":"https:\/\/www.europesays.com\/fi\/319883\/"},"modified":"2026-08-08T08:02:08","modified_gmt":"2026-08-08T08:02:08","slug":"venalainen-pariskunta-pidatettiin-ruotsissa-uutisia-lyhyesti","status":"publish","type":"post","link":"https:\/\/www.europesays.com\/fi\/319883\/","title":{"rendered":"Ven\u00e4l\u00e4inen pariskunta pid\u00e4tettiin Ruotsissa | Uutisia lyhyesti"},"content":{"rendered":"<p class=\"aw__sc-1qwuw0s-0 aw__sc-1vg2sqm-0 epAWpq ecELkD yle__article__paragraph\">Pariskuntaa pidet\u00e4\u00e4n ilmeisesti turvallisuusuhkana ja heit\u00e4 uhkaa karkotus.<\/p>\n<p class=\"aw__sc-1qwuw0s-0 aw__sc-ngllmo-0 epAWpq fzYpjk yle__article__paragraph\">Espanjassa asuva ven\u00e4l\u00e4inen pariskunta on pid\u00e4tetty lomavierailun aikana Ruotsissa, kertovat maanpaossa olevat ven\u00e4l\u00e4iset sodanvastaiset aktivistit riippumattoman <a class=\"aw__sc-ngllmo-1 bTDnwX yle__article__link\" href=\"https:\/\/meduza.io\/news\/2026\/08\/07\/v-shvetsii-zaderzhali-paru-rossiyskih-turistov-ih-poschitali-ugrozoy-bezopasnosti-iz-za-togo-chto-oni-postavili-palatku-ryadom-s-domom-ohranyaemogo-litsa\" role=\"link\" rel=\"nofollow noopener\" target=\"_blank\">Meduzan mukaan<\/a>. Asiasta kertoo my\u00f6s ruotsalaissivusto Omni ja ven\u00e4l\u00e4inen <a class=\"aw__sc-ngllmo-1 bTDnwX yle__article__link\" href=\"https:\/\/novayagazeta.eu\/en\/articles\/2026\/08\/07\/russian-emigres-face-deportation-after-being-detained-while-vacationing-in-sweden-en-news\" role=\"link\" rel=\"nofollow noopener\" target=\"_blank\">Novaja Gazeta Europe<\/a>.<\/p>\n<p class=\"aw__sc-1qwuw0s-0 aw__sc-ngllmo-0 epAWpq fzYpjk yle__article__paragraph\">Pariskunta oli pystytt\u00e4nyt teltan veden \u00e4\u00e4relle G\u00e4vlen ulkopuolelle kalastaakseen.<\/p>\n<p class=\"aw__sc-1qwuw0s-0 aw__sc-ngllmo-0 epAWpq fzYpjk yle__article__paragraph\">Poliisiin otti yhteytt\u00e4 l\u00e4heisen asunnon vartijat, jotka pitiv\u00e4t heid\u00e4n ven\u00e4l\u00e4ist\u00e4 aksenttiaan ep\u00e4ilytt\u00e4v\u00e4n\u00e4. Meduzan mukaan teltta saattoi olla liian l\u00e4hell\u00e4 rakennusta, jossa asuu vartioitu henkil\u00f6.<\/p>\n<p class=\"aw__sc-1qwuw0s-0 aw__sc-ngllmo-0 epAWpq fzYpjk yle__article__paragraph\">\u2013 Tiet\u00e4\u00e4ksemme he eiv\u00e4t tehneet mit\u00e4\u00e4n laitonta. Uskomme, ett\u00e4 ruotsalaiset viranomaiset olivat vain erityisen varovaisia t\u00e4ss\u00e4 tapauksessa, sanoo <strong class=\"aw__sc-ngllmo-2 gdRrun yle__article__strong\">Pavel Tjuprunov<\/strong>. Tjuprunov on Ruotsin ven\u00e4l\u00e4isen sodavastaisen komitean edustaja.<\/p>\n<p class=\"aw__sc-1qwuw0s-0 aw__sc-ngllmo-0 epAWpq fzYpjk yle__article__paragraph\">Pariskuntaa pidet\u00e4\u00e4n ilmeisesti turvallisuusuhkana.<\/p>\n<p class=\"aw__sc-1qwuw0s-0 aw__sc-ngllmo-0 epAWpq fzYpjk yle__article__paragraph\">Pariskunnan kerrotaan vastustavan Ukrainan sotaa ja asuneen Barcelonassa viisi vuotta. Yst\u00e4v\u00e4n mukaan he lomailevat Pohjois-Euroopassa joka kes\u00e4. Ven\u00e4j\u00e4lt\u00e4 paenneita auttavan The Ark-j\u00e4rjest\u00f6n mukaan pariskunta on nyt s\u00e4il\u00f6\u00f6notettuina ja he ovat vaarassa tulla karkotetuksi Ruotsista.<\/p>\n<p class=\"aw__sc-1qwuw0s-0 aw__sc-ngllmo-0 epAWpq fzYpjk yle__article__paragraph\">Ruotsalaiset viranomaiset eiv\u00e4t ole kommentoineet asiaa.<\/p>\n","protected":false},"excerpt":{"rendered":"Pariskuntaa pidet\u00e4\u00e4n ilmeisesti turvallisuusuhkana ja heit\u00e4 uhkaa karkotus. Espanjassa asuva ven\u00e4l\u00e4inen pariskunta on pid\u00e4tetty lomavierailun aikana Ruotsissa, kertovat&hellip;\n","protected":false},"author":2,"featured_media":319884,"comment_status":"","ping_status":"","sticky":false,"template":"","format":"standard","meta":{"footnotes":"","_share_on_mastodon":"0"},"categories":[14],"tags":[22,23,1819,26,27,33,31,30,17,24,25,17384,28,29,15,18,21,110,32,19,20,56,16,547,4645,59,60,61],"class_list":["post-319883","post","type-post","status-publish","format-standard","has-post-thumbnail","category-ulkomaat","tag-breaking-news","tag-breakingnews","tag-espanja","tag-featured-news","tag-featurednews","tag-fi","tag-finland","tag-finnish","tag-headlines","tag-latest-news","tag-latestnews","tag-maanpako","tag-main-news","tag-mainnews","tag-news","tag-otsikot","tag-paauutiset","tag-ruotsi","tag-suomi","tag-top-stories","tag-topstories","tag-ulkomaat","tag-uutiset","tag-venaja","tag-viranomaiset","tag-world","tag-world-news","tag-worldnews"],"share_on_mastodon":{"url":"https:\/\/pubeurope.com\/@fi\/117058846422745795","error":""},"_links":{"self":[{"href":"https:\/\/www.europesays.com\/fi\/wp-json\/wp\/v2\/posts\/319883","targetHints":{"allow":["GET"]}}],"collection":[{"href":"https:\/\/www.europesays.com\/fi\/wp-json\/wp\/v2\/posts"}],"about":[{"href":"https:\/\/www.europesays.com\/fi\/wp-json\/wp\/v2\/types\/post"}],"author":[{"embeddable":true,"href":"https:\/\/www.europesays.com\/fi\/wp-json\/wp\/v2\/users\/2"}],"replies":[{"embeddable":true,"href":"https:\/\/www.europesays.com\/fi\/wp-json\/wp\/v2\/comments?post=319883"}],"version-history":[{"count":0,"href":"https:\/\/www.europesays.com\/fi\/wp-json\/wp\/v2\/posts\/319883\/revisions"}],"wp:featuredmedia":[{"embeddable":true,"href":"https:\/\/www.europesays.com\/fi\/wp-json\/wp\/v2\/media\/319884"}],"wp:attachment":[{"href":"https:\/\/www.europesays.com\/fi\/wp-json\/wp\/v2\/media?parent=319883"}],"wp:term":[{"taxonomy":"category","embeddable":true,"href":"https:\/\/www.europesays.com\/fi\/wp-json\/wp\/v2\/categories?post=319883"},{"taxonomy":"post_tag","embeddable":true,"href":"https:\/\/www.europesays.com\/fi\/wp-json\/wp\/v2\/tags?post=319883"}],"curies":[{"name":"wp","href":"https:\/\/api.w.org\/{rel}","templated":true}]}}