{"id":320033,"date":"2026-08-08T12:01:11","date_gmt":"2026-08-08T12:01:11","guid":{"rendered":"https:\/\/www.europesays.com\/fi\/320033\/"},"modified":"2026-08-08T12:01:11","modified_gmt":"2026-08-08T12:01:11","slug":"bulgarian-paaministeri-drooni-rajahtanyt-kaasuputken-laheisyydessa-uutisia-lyhyesti","status":"publish","type":"post","link":"https:\/\/www.europesays.com\/fi\/320033\/","title":{"rendered":"Bulgarian p\u00e4\u00e4ministeri: Drooni r\u00e4j\u00e4ht\u00e4nyt kaasuputken l\u00e4heisyydess\u00e4 | Uutisia lyhyesti"},"content":{"rendered":"<p class=\"aw__sc-1qwuw0s-0 aw__sc-1vg2sqm-0 epAWpq ecELkD yle__article__paragraph\">Kukaan ei loukkaantunut r\u00e4j\u00e4hdyksess\u00e4.<\/p>\n<p><img decoding=\"async\" alt=\"Karttakuva, jossa on esitetty Romanian ja Bulgarian raja sek\u00e4 Kardamin rajanylityspaikan sijainti ja Bukarestin kaupunki.\" src=\"https:\/\/www.europesays.com\/fi\/wp-content\/uploads\/2026\/08\/1786188457.jpeg\" class=\"aw__sc-dklauk-0 LPzKX\"\/><\/p>\n<p>Avaa kuvien katselu<\/p>\n<p>Drooni r\u00e4j\u00e4hti Kardamin rajanylityspaikan v\u00e4litt\u00f6m\u00e4ss\u00e4 l\u00e4heisyydess\u00e4 Bulgarian ja Romanian v\u00e4lisell\u00e4 rajalla maan koillisosassa. Kuva: Alina R\u00e4is\u00e4nen \/ Yle, Mapcreator, Openstreetmap<\/p>\n<p>13:45\u2022P\u00e4ivitetty 14:13<\/p>\n<p class=\"aw__sc-1qwuw0s-0 aw__sc-ngllmo-0 epAWpq fzYpjk yle__article__paragraph\">Bulgarian p\u00e4\u00e4ministeri <strong class=\"aw__sc-ngllmo-2 gdRrun yle__article__strong\">Rumen Radevin<\/strong> mukaan drooni on r\u00e4j\u00e4ht\u00e4nyt Trans-Balkan-kaasuputken l\u00e4heisyydess\u00e4 Bulgariassa. Kaasuputki yhdist\u00e4\u00e4 Turkin Ukrainaan.<\/p>\n<p class=\"aw__sc-1qwuw0s-0 aw__sc-ngllmo-0 epAWpq fzYpjk yle__article__paragraph\">Kukaan ei loukkaantunut r\u00e4j\u00e4hdyksess\u00e4.<\/p>\n<p class=\"aw__sc-1qwuw0s-0 aw__sc-ngllmo-0 epAWpq fzYpjk yle__article__paragraph\">Radev ei tarkentunut, mist\u00e4 drooni tuli Bulgarian ilmatilaan. H\u00e4n sanoi, etteiv\u00e4t viranomaiset viel\u00e4 tied\u00e4, mink\u00e4 tyyppinen se oli.<\/p>\n<p class=\"aw__sc-1qwuw0s-0 aw__sc-ngllmo-0 epAWpq fzYpjk yle__article__paragraph\">Drooni r\u00e4j\u00e4hti Kardamin rajanylityspaikan v\u00e4litt\u00f6m\u00e4ss\u00e4 l\u00e4heisyydess\u00e4 Bulgarian ja Romanian v\u00e4lisell\u00e4 rajalla maan koillisosassa. Matkaa Trans-Balkanin kaasuputkelle oli noin 1\u00a0000 metri\u00e4.<\/p>\n<p class=\"aw__sc-1qwuw0s-0 aw__sc-ngllmo-0 epAWpq fzYpjk yle__article__paragraph\">Radevin mukaan romanialaiset rajapoliisit kuulivat lennokin \u00e4\u00e4nen ja bulgarialainen rajapoliisipartio kuuli voimakkaan r\u00e4j\u00e4hdyksen ja havaitsi mustaa savua.<\/p>\n<p class=\"aw__sc-1qwuw0s-0 aw__sc-ngllmo-0 epAWpq fzYpjk yle__article__paragraph\">\u2013 Yksi asia on varma. Lennokki kuljetti merkitt\u00e4v\u00e4\u00e4 m\u00e4\u00e4r\u00e4\u00e4 r\u00e4j\u00e4hteit\u00e4, kun otetaan huomioon, ett\u00e4 se kuului kaukaa ja tuotti niin mustaa savua, h\u00e4n sanoi.<\/p>\n<p class=\"aw__sc-1qwuw0s-0 aw__sc-ngllmo-0 epAWpq fzYpjk yle__article__paragraph\">Radevin mukaan drooni sy\u00f6ksyi auringonkukkapellolle. H\u00e4n sanoi, ett\u00e4 se ei ollut harrastelennokki vaan suurempi lennokki.<\/p>\n<p class=\"aw__sc-1qwuw0s-0 aw__sc-ngllmo-0 epAWpq fzYpjk yle__article__paragraph\">L\u00e4hde: AFP<\/p>\n<p class=\"aw__sc-1qwuw0s-0 aw__sc-ngllmo-0 epAWpq fzYpjk yle__article__paragraph\">Korjaus 8. hein\u00e4kuuta kello 13.49: AFP poistaa tiedon, ett\u00e4 drooni olisi tullut Romaniasta.<\/p>\n","protected":false},"excerpt":{"rendered":"Kukaan ei loukkaantunut r\u00e4j\u00e4hdyksess\u00e4. Avaa kuvien katselu Drooni r\u00e4j\u00e4hti Kardamin rajanylityspaikan v\u00e4litt\u00f6m\u00e4ss\u00e4 l\u00e4heisyydess\u00e4 Bulgarian ja Romanian v\u00e4lisell\u00e4 rajalla&hellip;\n","protected":false},"author":2,"featured_media":320034,"comment_status":"","ping_status":"","sticky":false,"template":"","format":"standard","meta":{"footnotes":"","_share_on_mastodon":"0"},"categories":[14],"tags":[22,23,7510,759,26,27,33,31,30,17,31824,70,24,25,28,29,15,18,21,32,19,20,56,16,59,60,61],"class_list":["post-320033","post","type-post","status-publish","format-standard","has-post-thumbnail","category-ulkomaat","tag-breaking-news","tag-breakingnews","tag-bulgaria","tag-droonit","tag-featured-news","tag-featurednews","tag-fi","tag-finland","tag-finnish","tag-headlines","tag-kaasuputki","tag-kansainvalinen-politiikka","tag-latest-news","tag-latestnews","tag-main-news","tag-mainnews","tag-news","tag-otsikot","tag-paauutiset","tag-suomi","tag-top-stories","tag-topstories","tag-ulkomaat","tag-uutiset","tag-world","tag-world-news","tag-worldnews"],"share_on_mastodon":{"url":"https:\/\/pubeurope.com\/@fi\/117059786448954142","error":""},"_links":{"self":[{"href":"https:\/\/www.europesays.com\/fi\/wp-json\/wp\/v2\/posts\/320033","targetHints":{"allow":["GET"]}}],"collection":[{"href":"https:\/\/www.europesays.com\/fi\/wp-json\/wp\/v2\/posts"}],"about":[{"href":"https:\/\/www.europesays.com\/fi\/wp-json\/wp\/v2\/types\/post"}],"author":[{"embeddable":true,"href":"https:\/\/www.europesays.com\/fi\/wp-json\/wp\/v2\/users\/2"}],"replies":[{"embeddable":true,"href":"https:\/\/www.europesays.com\/fi\/wp-json\/wp\/v2\/comments?post=320033"}],"version-history":[{"count":0,"href":"https:\/\/www.europesays.com\/fi\/wp-json\/wp\/v2\/posts\/320033\/revisions"}],"wp:featuredmedia":[{"embeddable":true,"href":"https:\/\/www.europesays.com\/fi\/wp-json\/wp\/v2\/media\/320034"}],"wp:attachment":[{"href":"https:\/\/www.europesays.com\/fi\/wp-json\/wp\/v2\/media?parent=320033"}],"wp:term":[{"taxonomy":"category","embeddable":true,"href":"https:\/\/www.europesays.com\/fi\/wp-json\/wp\/v2\/categories?post=320033"},{"taxonomy":"post_tag","embeddable":true,"href":"https:\/\/www.europesays.com\/fi\/wp-json\/wp\/v2\/tags?post=320033"}],"curies":[{"name":"wp","href":"https:\/\/api.w.org\/{rel}","templated":true}]}}