{"id":320047,"date":"2026-08-08T12:26:14","date_gmt":"2026-08-08T12:26:14","guid":{"rendered":"https:\/\/www.europesays.com\/fi\/320047\/"},"modified":"2026-08-08T12:26:14","modified_gmt":"2026-08-08T12:26:14","slug":"yhdysvaltain-tyopaikat-vahenivat-yllattaen-ja-sotkivat-fedin-koronnostolaskelmat","status":"publish","type":"post","link":"https:\/\/www.europesays.com\/fi\/320047\/","title":{"rendered":"Yhdysvaltain ty\u00f6paikat v\u00e4heniv\u00e4t yll\u00e4tt\u00e4en ja sotkivat Fedin koronnostolaskelmat"},"content":{"rendered":"<p class=\"wp-block-paragraph\">Yhdysvaltain ty\u00f6markkinoiden viilentyminen sai hein\u00e4kuussa aiempaa vakavamman k\u00e4\u00e4nteen. Maan ty\u00f6tilastoviraston perjantaina julkaisemien lukujen mukaan ty\u00f6paikkojen m\u00e4\u00e4r\u00e4 v\u00e4heni 23\u00a0000:lla. Uutistoimisto\u00a0Bloombergin ekonomistikyselyss\u00e4 odotuksena oli noin 80\u00a0000 uutta ty\u00f6paikkaa, joten pettymys oli mittava.<\/p>\n<p class=\"wp-block-paragraph\">Kylm\u00e4\u00e4 kyyti\u00e4 tarjosivat my\u00f6s aiempien kuukausien luvut. Touko- ja kes\u00e4kuun ty\u00f6llisyyskasvua tarkistettiin alasp\u00e4in yhteens\u00e4 103\u00a0000 ty\u00f6paikalla, ja kes\u00e4kuun kasvuksi j\u00e4i lopulta vain 20\u00a0000 ty\u00f6paikkaa.<\/p>\n<p class=\"wp-block-paragraph\">Ty\u00f6tt\u00f6myysaste laski 4,2 prosentista 4,1 prosenttiin, mik\u00e4 on alin lukema sitten viime vuoden kes\u00e4kuun. My\u00f6nteiselt\u00e4 kuulostava luku ei kuitenkaan kerro ty\u00f6markkinoiden vahvistumisesta, sill\u00e4 lasku johtui ihmisten siirtymisest\u00e4 ty\u00f6voiman ulkopuolelle. Ty\u00f6voimaosuus painui 61,4 prosenttiin eli alimmilleen sitten vuoden 2021.<\/p>\n<p class=\"wp-block-paragraph\">\u201dT\u00e4m\u00e4n raportin pehmeys on aitoa\u201d, arvioi investointipankki\u00a0JPMorganin\u00a0p\u00e4\u00e4ekonomisti\u00a0<strong>Bruce Kasman<\/strong>. H\u00e4nen mukaansa hidastuminen n\u00e4kyy laajasti eri toimialoilla, ja kolmen kuukauden tarkastelujaksolla ty\u00f6llisyyskehitys on selv\u00e4sti heikompaa kuin viel\u00e4 alkuvuonna osattiin odottaa.<\/p>\n<p class=\"wp-block-paragraph\">Toimialoittain tarkasteltuna ty\u00f6paikkoja syntyi edelleen terveydenhuoltoon, jonne palkattiin arviolta 22\u00a0000 uutta ty\u00f6ntekij\u00e4\u00e4. Sen sijaan julkisen sektorin opetusteht\u00e4vist\u00e4 katosi per\u00e4ti 50\u00a0000 ty\u00f6paikkaa, v\u00e4hitt\u00e4iskaupasta 19\u00a0000 ja rahoitusalalta 14\u00a0000.<\/p>\n<p class=\"wp-block-paragraph\">Konsulttiyhti\u00f6\u00a0Inflation Insightsin\u00a0perustaja\u00a0<strong>Omair Sharif<\/strong>\u00a0huomautti, ett\u00e4 kokonaislukua painoi ennen kaikkea opetusalan romahdus. Se selittyy h\u00e4nen mukaansa todenn\u00e4k\u00f6isesti kes\u00e4lomakauteen liittyvill\u00e4 kausitasoituksen ongelmilla, joten synkin tulkinta luvuista voi osoittautua liioitelluksi.<\/p>\n<p>Koronnoston todenn\u00e4k\u00f6isyys hinnoiteltiin alemmas<\/p>\n<p class=\"wp-block-paragraph\">Markkinoilla reaktio oli v\u00e4lit\u00f6n. Korko-odotuksia herk\u00e4sti seuraileva Yhdysvaltain kahden vuoden valtionlainakorko laski 0,05 prosenttiyksikk\u00f6\u00e4 4,20 prosenttiin ja dollari heikkeni. Osakemarkkinoilla heikot ty\u00f6llisyysluvut tulkittiin hyv\u00e4ksi uutiseksi, ja S&amp;P 500 -indeksi nousi 0,6 prosenttia uuteen enn\u00e4tykseens\u00e4.<\/p>\n<p class=\"wp-block-paragraph\">Johdannaismarkkinoilla syyskuun koronnoston todenn\u00e4k\u00f6isyys putosi runsaaseen 40 prosenttiin, kun ennen ty\u00f6llisyysraporttia noston mahdollisuudeksi hinnoiteltiin l\u00e4hes 60 prosenttia.<\/p>\n<p class=\"wp-block-paragraph\">Tilanne on poikkeuksellinen, sill\u00e4 tavallisesti heikkenev\u00e4 ty\u00f6llisyys ruokkii odotuksia koronlaskuista. Nyt Yhdysvaltain keskuspankki Fed painii L\u00e4hi-id\u00e4n sodan kiihdytt\u00e4mien hintapaineiden kanssa, ja markkinoilla on varauduttu pikemminkin rahapolitiikan kirist\u00e4miseen. Ohjauskorko on hein\u00e4kuun kokouksen j\u00e4ljilt\u00e4 3,50\u20133,75 prosentin haarukassa.<\/p>\n<p class=\"wp-block-paragraph\">Varainhoitoyhti\u00f6\u00a0AllianceBernsteinin\u00a0kehittyneiden markkinoiden ekonomistijohtaja\u00a0<strong>Eric Winograd<\/strong>\u00a0totesi, etteiv\u00e4t tuoreet luvut poista koronnostoja kokonaan p\u00f6yd\u00e4lt\u00e4, mutta ne heikent\u00e4v\u00e4t nostojen perusteita tuntuvasti.<\/p>\n<p>Katse k\u00e4\u00e4ntyy ensi viikon inflaatiolukuihin<\/p>\n<p class=\"wp-block-paragraph\">Moni ekonomisti arvioi, ett\u00e4 keskuspankin seuraavan liikkeen ratkaisevat lopulta inflaatiotilastot, eiv\u00e4t ty\u00f6llisyysluvut. Hein\u00e4kuun kuluttajahintaindeksi julkaistaan ensi viikolla.<\/p>\n<p class=\"wp-block-paragraph\">\u201dJos tuleva inflaatiodata osoittautuu kuumaksi, paine palaa saman tien\u201d, sanoi japanilaispankki\u00a0Nomuran\u00a0Yhdysvaltain korkostrategiasta vastaava\u00a0<strong>Jonathan Cohn<\/strong>. H\u00e4nen mukaansa inflaatio on juuri nyt keskuspankin kaksoismandaatin t\u00e4rke\u00e4mpi puoli.<\/p>\n<p class=\"wp-block-paragraph\">Pitk\u00e4t markkinakorot nousivat jo viime viikolla, kun Fedin p\u00e4\u00e4johtaja\u00a0<strong>Kevin Warsh<\/strong>\u00a0antoi vain niukasti viitteit\u00e4 siit\u00e4, miten keskuspankki aikoo suitsia sodan ruokkimia hintapaineita. Warshin l\u00e4hipiirist\u00e4 on kerrottu, ett\u00e4 p\u00e4\u00e4johtaja aikoo pit\u00e4yty\u00e4 pelkistetyss\u00e4 viestint\u00e4tyyliss\u00e4\u00e4n my\u00f6s syyskuun kokouksessa valtionlainojen myyntiaallosta huolimatta.<\/p>\n<p class=\"wp-block-paragraph\"><a href=\"https:\/\/www.salkunrakentaja.fi\/2026\/08\/oljy-vei-pitkat-korot-19-vuoden-huippuun\/\" rel=\"nofollow noopener\" target=\"_blank\">Inflaatiohuolia pit\u00e4\u00e4 yll\u00e4 erityisesti energia.<\/a> \u00d6ljyn hinta on liikkunut elokuun alussa noin 80 dollarissa barrelilta, ja Hormuzinsalmen kuljetush\u00e4iri\u00f6iden pitkittyminen voisi nostaa hinnan takaisin yli 100 dollariin.<\/p>\n<p>Ty\u00f6markkinat ovat j\u00e4m\u00e4ht\u00e4neet paikoilleen<\/p>\n<p class=\"wp-block-paragraph\" id=\"h-tyomarkkinat-ovat-jamahtaneet-paikoilleen\">Alkuvuonna Yhdysvaltain ty\u00f6llisyyskasvu n\u00e4ytti toipuvan vaisusta vuodesta 2025, mutta vire on hiipunut kuukausi kuukaudelta. Kolmen kuukauden keskiarvolla mitattuna uusia ty\u00f6paikkoja on syntynyt en\u00e4\u00e4 parikymment\u00e4tuhatta kuukaudessa.<\/p>\n<p class=\"wp-block-paragraph\">Ekonomistit ovat kuvanneet tilannetta er\u00e4\u00e4nlaiseksi pys\u00e4htyneisyyden tilaksi. Yritykset eiv\u00e4t juuri palkkaa uutta v\u00e4ke\u00e4, mutta eiv\u00e4t my\u00f6sk\u00e4\u00e4n irtisano, ja ty\u00f6paikan vaihtaminen on k\u00e4ynyt harvinaisemmaksi.<\/p>\n<p class=\"wp-block-paragraph\">Samansuuntaista viesti\u00e4 kertoi jo aiemmin t\u00e4ll\u00e4 viikolla palkanlaskentayhti\u00f6\u00a0ADP:n\u00a0raportti, jonka mukaan yksityisen sektorin ty\u00f6llisyys kasvoi hein\u00e4kuussa en\u00e4\u00e4 arviolta 44\u00a0000 ty\u00f6paikalla. Kasvuvauhti kutakuinkin puolittui edelliskuukaudesta.<\/p>\n<p class=\"wp-block-paragraph\">Samansuuntaista viesti\u00e4 kertoi jo keskiviikkona palkanlaskentayhti\u00f6\u00a0ADP:n\u00a0raportti, jonka mukaan yksityisen sektorin ty\u00f6llisyys kasvoi hein\u00e4kuussa en\u00e4\u00e4 44\u00a0000 ty\u00f6paikalla. Kes\u00e4kuun lukemaa tarkistettiin samalla 98\u00a0000:sta 95\u00a0000:een, joten vauhti yli puolittui yhdess\u00e4 kuukaudessa.<\/p>\n<p class=\"wp-block-paragraph\">ADP:n raportti perustuu yli 26 miljoonan yhdysvaltalaisen yksityisen sektorin ty\u00f6ntekij\u00e4n anonymisoituihin palkka-aineistoihin, jotka yhti\u00f6n tutkimusyksikk\u00f6 analysoi yhdess\u00e4 Stanfordin yliopiston digitaalisen talouden laboratorion kanssa. Siksi sit\u00e4 seurataan tarkasti virallisen tilaston rinnalla.<\/p>\n<p class=\"wp-block-paragraph\">Toimialakuva oli ADP:n aineistossakin hajanainen. Koulutus- ja terveyspalveluihin syntyi 36\u00a0000 uutta ty\u00f6paikkaa ja rahoitusalalle 10\u00a0000, kun taas vapaa-ajan ja ravintola-alan ty\u00f6paikat v\u00e4heniv\u00e4t 11\u00a0000:lla sek\u00e4 kaupan ja kuljetusalan 8\u00a0000:lla.<\/p>\n<p>Ty\u00f6paikan vaihtajien palkat kiit\u00e4v\u00e4t<\/p>\n<p class=\"wp-block-paragraph\">Palkkapuolelta ADP:n data l\u00e4hetti selvemm\u00e4n signaalin. Ty\u00f6paikassaan pysyneiden mediaaniansiot nousivat 4,4 prosenttia vuodentakaisesta, mutta ty\u00f6paikkaa vaihtaneiden palkat kasvoivat 7,0 prosenttia. Vaihtajien palkkakehitys oli nopeinta sitten elokuun 2025.<\/p>\n<p class=\"wp-block-paragraph\">\u201dTy\u00f6paikan vaihtajat reagoivat herk\u00e4sti reaaliaikaiseen taloustilanteeseen, ja heid\u00e4n nopea palkkakehityksens\u00e4 viittaa tarjonnan kapeikkoihin osassa ty\u00f6markkinoita\u201d, sanoi ADP:n p\u00e4\u00e4ekonomisti\u00a0<strong>Nela Richardson<\/strong>. H\u00e4nen mukaansa my\u00f6s totutut rekrytointimallit ovat muuttumassa, kun ty\u00f6nantajat reagoivat makrotalouden k\u00e4\u00e4nteisiin.<\/p>\n<p class=\"wp-block-paragraph\">Virallisessa tilastossa keskituntiansiot kohosivat hein\u00e4kuussa 3,2 prosenttia vuodentakaisesta, mik\u00e4 alitti odotukset. Keskuspankin kannalta viesti on kaksijakoinen. Laaja palkkakehitys ei en\u00e4\u00e4 ruoki inflaatiota entiseen tapaan, mutta vaihtajien palkkapyr\u00e4hdys muistuttaa, ettei hintapaine ole ty\u00f6markkinoilta kokonaan kadonnut.<\/p>\n","protected":false},"excerpt":{"rendered":"Yhdysvaltain ty\u00f6markkinoiden viilentyminen sai hein\u00e4kuussa aiempaa vakavamman k\u00e4\u00e4nteen. Maan ty\u00f6tilastoviraston perjantaina julkaisemien lukujen mukaan ty\u00f6paikkojen m\u00e4\u00e4r\u00e4 v\u00e4heni 23\u00a0000:lla.&hellip;\n","protected":false},"author":2,"featured_media":320048,"comment_status":"","ping_status":"","sticky":false,"template":"","format":"standard","meta":{"footnotes":"","_share_on_mastodon":"0"},"categories":[76],"tags":[79,77,33,31,30,3245,21982,32,78,40578],"class_list":["post-320047","post","type-post","status-publish","format-standard","has-post-thumbnail","category-talous","tag-business","tag-economy","tag-fi","tag-finland","tag-finnish","tag-inflaatio","tag-rahapolitiiikka","tag-suomi","tag-talous","tag-yhdysvaltain-tyopaikkaraportti"],"share_on_mastodon":{"url":"https:\/\/pubeurope.com\/@fi\/117059884526235221","error":""},"_links":{"self":[{"href":"https:\/\/www.europesays.com\/fi\/wp-json\/wp\/v2\/posts\/320047","targetHints":{"allow":["GET"]}}],"collection":[{"href":"https:\/\/www.europesays.com\/fi\/wp-json\/wp\/v2\/posts"}],"about":[{"href":"https:\/\/www.europesays.com\/fi\/wp-json\/wp\/v2\/types\/post"}],"author":[{"embeddable":true,"href":"https:\/\/www.europesays.com\/fi\/wp-json\/wp\/v2\/users\/2"}],"replies":[{"embeddable":true,"href":"https:\/\/www.europesays.com\/fi\/wp-json\/wp\/v2\/comments?post=320047"}],"version-history":[{"count":0,"href":"https:\/\/www.europesays.com\/fi\/wp-json\/wp\/v2\/posts\/320047\/revisions"}],"wp:featuredmedia":[{"embeddable":true,"href":"https:\/\/www.europesays.com\/fi\/wp-json\/wp\/v2\/media\/320048"}],"wp:attachment":[{"href":"https:\/\/www.europesays.com\/fi\/wp-json\/wp\/v2\/media?parent=320047"}],"wp:term":[{"taxonomy":"category","embeddable":true,"href":"https:\/\/www.europesays.com\/fi\/wp-json\/wp\/v2\/categories?post=320047"},{"taxonomy":"post_tag","embeddable":true,"href":"https:\/\/www.europesays.com\/fi\/wp-json\/wp\/v2\/tags?post=320047"}],"curies":[{"name":"wp","href":"https:\/\/api.w.org\/{rel}","templated":true}]}}