{"id":320221,"date":"2026-08-08T17:42:12","date_gmt":"2026-08-08T17:42:12","guid":{"rendered":"https:\/\/www.europesays.com\/fi\/320221\/"},"modified":"2026-08-08T17:42:12","modified_gmt":"2026-08-08T17:42:12","slug":"iisalmessa-etsittiin-veden-varaan-joutunutta-etsinnat-lopetettu-savo","status":"publish","type":"post","link":"https:\/\/www.europesays.com\/fi\/320221\/","title":{"rendered":"Iisalmessa etsittiin veden varaan joutunutta \u2013 etsinn\u00e4t lopetettu | Savo"},"content":{"rendered":"<p>Pelastuslaitos etsi veden varaan joutunutta ihmist\u00e4 Iisalmessa lauantaina alkuillasta. Etsinn\u00e4t lopetettiin alle tunnin kuluessa niiden alkamisesta. Poliisi tai pelastuslaitos eiv\u00e4t kommentoineet asiaa tarkemmin tuoreeltaan.<\/p>\n<p>Iisalmen Sanomien paikalla olevan toimittajan mukaan ambulanssi poistui paikalta ilman h\u00e4t\u00e4vilkkuja. Pelastuslaitoksen vene n\u00e4kyi paikan p\u00e4\u00e4ll\u00e4 Koljonvirran sillan l\u00e4heisyydess\u00e4 viel\u00e4 iltaseitsem\u00e4n aikaan.<\/p>\n<p>Ilmoitus veteen pudonneesta ihmisest\u00e4 Iisalmen Ylemm\u00e4isentiell\u00e4 lauantaina hieman ennen iltakuutta.<\/p>\n<p>Veteen joutuneen henkil\u00f6n ik\u00e4 tai sukupuoli eiv\u00e4t ole toimituksen tiedossa.<\/p>\n","protected":false},"excerpt":{"rendered":"Pelastuslaitos etsi veden varaan joutunutta ihmist\u00e4 Iisalmessa lauantaina alkuillasta. Etsinn\u00e4t lopetettiin alle tunnin kuluessa niiden alkamisesta. Poliisi tai&hellip;\n","protected":false},"author":2,"featured_media":320222,"comment_status":"","ping_status":"","sticky":false,"template":"","format":"standard","meta":{"footnotes":"","_share_on_mastodon":"0"},"categories":[12],"tags":[22,23,26,27,33,31,30,17,4892,24,25,28,29,15,120,18,21,32,19,20,16],"class_list":["post-320221","post","type-post","status-publish","format-standard","has-post-thumbnail","category-suomi","tag-breaking-news","tag-breakingnews","tag-featured-news","tag-featurednews","tag-fi","tag-finland","tag-finnish","tag-headlines","tag-iisalmi","tag-latest-news","tag-latestnews","tag-main-news","tag-mainnews","tag-news","tag-onnettomuustapaus","tag-otsikot","tag-paauutiset","tag-suomi","tag-top-stories","tag-topstories","tag-uutiset"],"share_on_mastodon":{"url":"https:\/\/pubeurope.com\/@fi\/117061127229970193","error":""},"_links":{"self":[{"href":"https:\/\/www.europesays.com\/fi\/wp-json\/wp\/v2\/posts\/320221","targetHints":{"allow":["GET"]}}],"collection":[{"href":"https:\/\/www.europesays.com\/fi\/wp-json\/wp\/v2\/posts"}],"about":[{"href":"https:\/\/www.europesays.com\/fi\/wp-json\/wp\/v2\/types\/post"}],"author":[{"embeddable":true,"href":"https:\/\/www.europesays.com\/fi\/wp-json\/wp\/v2\/users\/2"}],"replies":[{"embeddable":true,"href":"https:\/\/www.europesays.com\/fi\/wp-json\/wp\/v2\/comments?post=320221"}],"version-history":[{"count":0,"href":"https:\/\/www.europesays.com\/fi\/wp-json\/wp\/v2\/posts\/320221\/revisions"}],"wp:featuredmedia":[{"embeddable":true,"href":"https:\/\/www.europesays.com\/fi\/wp-json\/wp\/v2\/media\/320222"}],"wp:attachment":[{"href":"https:\/\/www.europesays.com\/fi\/wp-json\/wp\/v2\/media?parent=320221"}],"wp:term":[{"taxonomy":"category","embeddable":true,"href":"https:\/\/www.europesays.com\/fi\/wp-json\/wp\/v2\/categories?post=320221"},{"taxonomy":"post_tag","embeddable":true,"href":"https:\/\/www.europesays.com\/fi\/wp-json\/wp\/v2\/tags?post=320221"}],"curies":[{"name":"wp","href":"https:\/\/api.w.org\/{rel}","templated":true}]}}