{"id":320295,"date":"2026-08-08T19:52:15","date_gmt":"2026-08-08T19:52:15","guid":{"rendered":"https:\/\/www.europesays.com\/fi\/320295\/"},"modified":"2026-08-08T19:52:15","modified_gmt":"2026-08-08T19:52:15","slug":"ceutan-rajakriisi-repii-railoa-italian-ja-espanjan-valille-asiantuntija-eu-antautui-hybridioperaatiolle-ulkomaat","status":"publish","type":"post","link":"https:\/\/www.europesays.com\/fi\/320295\/","title":{"rendered":"Ceutan rajakriisi repii railoa Italian ja Espanjan v\u00e4lille \u2013 asiantuntija: EU antautui hybridi\u00adoperaatiolle | Ulkomaat"},"content":{"rendered":"<ul class=\"aw__sc-1yb43iq-0 gFXHv yle__article__list yle__article__list--ul\">\n<li class=\"aw__sc-1yb43iq-1 gVAzbt\">Espanja aloitti rajatarkastukset Italiasta tuleville vastauksena Italian viikon takaisiin toimiin.<\/li>\n<li class=\"aw__sc-1yb43iq-1 gVAzbt\">Italia keskeytti Schengen-sopimuksen soveltamisen Espanjan kanssa 1. elokuuta.<\/li>\n<li class=\"aw__sc-1yb43iq-1 gVAzbt\">Taustalla on tapaus, jossa kymmeni\u00e4 tuhansia ihmisi\u00e4 tuli laittomasti Marokosta Espanjan Ceutaan.<\/li>\n<li class=\"aw__sc-1yb43iq-1 gVAzbt\">Helsingin yliopiston tutkija Timo Miettinen sanoo kriisin paljastavan Schengen-luottamuspulan.<\/li>\n<li class=\"aw__sc-1yb43iq-1 gVAzbt\">Kyse on Miettisen mukaan symbolisesta viestist\u00e4, ja kriisi todenn\u00e4k\u00f6isesti rauhoittuu pian.<\/li>\n<\/ul>\n<p class=\"aw__sc-1qwuw0s-0 aw__sc-ngllmo-0 epAWpq fzYpjk yle__article__paragraph\">Italian ja Espanjan v\u00e4linen selkkaus on paljastanut Schengen-j\u00e4rjestelm\u00e4n ja EU:n sis\u00e4isen luottamuspulan, arvioi Eurooppa-tutkija <strong class=\"aw__sc-ngllmo-2 gdRrun yle__article__strong\">Timo Miettinen<\/strong> Helsingin yliopistosta.<\/p>\n<p class=\"aw__sc-1qwuw0s-0 aw__sc-ngllmo-0 epAWpq fzYpjk yle__article__paragraph\">Espanja ja Italia ovat ajautuneet vakavaan diplomaattiseen kriisiin, joka on johtanut molemminpuolisiin rajavalvontatoimiin. Espanja aloitti t\u00e4n\u00e4\u00e4n lauantaina rajatarkastukset Italiasta saapuville ihmisille.<\/p>\n<p class=\"aw__sc-1qwuw0s-0 aw__sc-ngllmo-0 epAWpq fzYpjk yle__article__paragraph\">Kyseess\u00e4 on vastatoimi Italialle, joka keskeytti Schengen-sopimuksen soveltamisen Espanjan kanssa viikko sitten <a class=\"aw__sc-ngllmo-1 bTDnwX yle__article__link\" href=\"https:\/\/yle.fi\/a\/74-20239093\" role=\"link\" rel=\"nofollow noopener\" target=\"_blank\">Ceutan rajakriisin vuoksi<\/a>.<\/p>\n<p class=\"aw__sc-1qwuw0s-0 aw__sc-ngllmo-0 epAWpq fzYpjk yle__article__paragraph\">Vapaan liikkuvuuden takaava Schengen-j\u00e4rjestelm\u00e4 on perustunut siihen, ett\u00e4 maat luottavat toistensa kykyyn valvoa yhteist\u00e4 ulkorajaa ja uhkakuvat n\u00e4hd\u00e4\u00e4n yhteisin\u00e4.<\/p>\n<p class=\"aw__sc-1qwuw0s-0 aw__sc-ngllmo-0 epAWpq fzYpjk yle__article__paragraph\">Nyt asetelma on toinen.<\/p>\n<p class=\"aw__sc-1qwuw0s-0 aw__sc-ngllmo-0 epAWpq fzYpjk yle__article__paragraph\">\u2013 T\u00e4ss\u00e4 kriisiss\u00e4 yksitt\u00e4iseen maahan kohdistunut operaatio onkin johtanut siihen, ett\u00e4 valtiot katsovat asiaa omasta n\u00e4k\u00f6kulmastaan. Toimenpiteit\u00e4 kohdistetaan t\u00e4h\u00e4n yhteen valtioon sen sijaan, ett\u00e4 asia n\u00e4ht\u00e4isiin koko unionin yhteisen\u00e4 kysymyksen\u00e4, Miettinen sanoo.<\/p>\n<p class=\"aw__sc-1qwuw0s-0 aw__sc-ngllmo-0 epAWpq fzYpjk yle__article__paragraph\">\u2013 T\u00e4ss\u00e4 mieless\u00e4 voidaan sanoa, ett\u00e4 EU on antautunut hybridivaikuttamiselle, mit\u00e4 t\u00e4ss\u00e4 Ceutankin operaatiossa ainakin osittain oli taustalla.<\/p>\n<p class=\"aw__sc-1qwuw0s-0 aw__sc-ngllmo-0 epAWpq fzYpjk yle__article__paragraph\"><strong class=\"aw__sc-ngllmo-2 gdRrun yle__article__strong\">Kymmeni\u00e4 tuhansia ihmisi\u00e4 saapui uiden ja k\u00e4vellen Espanjan erillisalueelle Ceutaan viime viikolla:<\/strong><\/p>\n<p>Toimet ovat ennen kaikkea symbolisia<\/p>\n<p class=\"aw__sc-1qwuw0s-0 aw__sc-ngllmo-0 epAWpq fzYpjk yle__article__paragraph\">Espanjan asettamat rajatarkastukset astuivat voimaan t\u00e4n\u00e4\u00e4n, keskell\u00e4 kuuminta kes\u00e4lomakautta.<\/p>\n<p class=\"aw__sc-1qwuw0s-0 aw__sc-ngllmo-0 epAWpq fzYpjk yle__article__paragraph\">Italiasta Espanjaan lent\u00e4neet matkustajat ovat jo kertoneet <a class=\"aw__sc-ngllmo-1 bTDnwX yle__article__link\" href=\"https:\/\/www.rtve.es\/noticias\/20260808\/espana-controles-fronterizos-viajeros-italia\/17184452.shtml\" role=\"link\" rel=\"nofollow noopener\" target=\"_blank\">espanjalaismedioille<\/a>, ettei heit\u00e4 ole p\u00e4\u00e4stetty maahan ennen henkil\u00f6papereiden tarkastusta.<\/p>\n<p class=\"aw__sc-1qwuw0s-0 aw__sc-ngllmo-0 epAWpq fzYpjk yle__article__paragraph\">Miettisen mukaan tavallisen matkustajan arkeen vaikutukset j\u00e4\u00e4nev\u00e4t kaikkinensa maltillisiksi \u2013 kyse on pitk\u00e4lti passin tai henkil\u00f6kortin vilauttamisesta.<\/p>\n<p class=\"aw__sc-1qwuw0s-0 aw__sc-ngllmo-0 epAWpq fzYpjk yle__article__paragraph\">H\u00e4n pit\u00e4\u00e4kin rajatarkastuksia ennen kaikkea symbolisina.<\/p>\n<p><img decoding=\"async\" alt=\"Timo Miettinen.\" src=\"https:\/\/www.europesays.com\/fi\/wp-content\/uploads\/2026\/08\/1717832269.jpeg\" loading=\"lazy\" class=\"aw__sc-dklauk-0 LPzKX\"\/><\/p>\n<p>Avaa kuvien katselu<\/p>\n<p>Helsingin yliopiston akatemiatutkija Timo Miettinen arvioi, ettei rajatarkastuksilla ole suuria k\u00e4yt\u00e4nn\u00f6nvaikutuksia tavallisten matkustajien arkeen. Kyse on poliittisesta viestist\u00e4. Kuva: Tiina Jutila \/ Yle<\/p>\n<p class=\"aw__sc-1qwuw0s-0 aw__sc-ngllmo-0 epAWpq fzYpjk yle__article__paragraph\">V\u00e4liaikaiset sis\u00e4rajatarkastukset eiv\u00e4t sin\u00e4ns\u00e4 ole harvinaisia EU:ssa. T\u00e4ss\u00e4 tapauksessa poikkeuksellisuutta lis\u00e4\u00e4 avoimuus, joilla maat toimivat toisiaan vastaan.<\/p>\n<p class=\"aw__sc-1qwuw0s-0 aw__sc-ngllmo-0 epAWpq fzYpjk yle__article__paragraph\">\u2013 Italia haluaa esitt\u00e4\u00e4, ett\u00e4 Espanjaan ei voida luottaa ulkorajojen vartijana ja ett\u00e4 <a class=\"aw__sc-ngllmo-1 bTDnwX yle__article__link\" href=\"https:\/\/yle.fi\/a\/74-20234191\" role=\"link\" rel=\"nofollow noopener\" target=\"_blank\">Espanjan p\u00e4\u00e4t\u00f6kset oleskeluluvista<\/a> ovat olleet liian lev\u00e4per\u00e4isi\u00e4, Miettinen sanoo.<\/p>\n<p class=\"aw__sc-1qwuw0s-0 aw__sc-ngllmo-0 epAWpq fzYpjk yle__article__paragraph\">Italia on syytt\u00e4nyt Espanjaa l\u00f6per\u00f6st\u00e4 maahanmuuttopolitiikasta, ja maa ilmoitti palauttavansa rajatarkastukset turvallisuussyist\u00e4.<\/p>\n<p class=\"aw__sc-1qwuw0s-0 aw__sc-ngllmo-0 epAWpq fzYpjk yle__article__paragraph\">\u2013 Kyseess\u00e4 on symbolinen teko, jossa Espanjaa halutaan rangaista siit\u00e4, ett\u00e4 se on joutunut t\u00e4m\u00e4ntyyppisen operaation kohteeksi.<\/p>\n<p class=\"aw__sc-1qwuw0s-0 aw__sc-ngllmo-0 epAWpq fzYpjk yle__article__paragraph\">K\u00e4ynniss\u00e4 on vahva diplomaattinen ja sis\u00e4poliittinen peli. Kun Italia l\u00e4hti asettamaan rajatarkastuksia, Espanjankin oli reagoitava.<\/p>\n<p class=\"aw__sc-1qwuw0s-0 aw__sc-ngllmo-0 epAWpq fzYpjk yle__article__paragraph\">Symbolisesta viestist\u00e4 kielii tutkijan mukaan my\u00f6s se, ettei Ceutan kriisi tapahtunut Euroopan mantereella, eik\u00e4 alueilta ole suoraa yhteytt\u00e4 Italiaan.<\/p>\n<p class=\"aw__sc-1qwuw0s-0 aw__sc-ngllmo-0 epAWpq fzYpjk yle__article__paragraph\">Riidan taustalla vaikuttavat ainakin osittain my\u00f6s maiden hallitusten aatteelliset erot.<\/p>\n<p class=\"aw__sc-1qwuw0s-0 aw__sc-ngllmo-0 epAWpq fzYpjk yle__article__paragraph\"><strong class=\"aw__sc-ngllmo-2 gdRrun yle__article__strong\">Giorgia Melonin<\/strong> johtama Italian oikeistohallitus tarkastelee muuttoliikett\u00e4 ennaltaehk\u00e4isev\u00e4n pelotteen kautta, kun taas Espanjan <strong class=\"aw__sc-ngllmo-2 gdRrun yle__article__strong\">Pedro S\u00e1nchezin<\/strong> vasemmistohallitus korostaa eurooppalaista yhteisty\u00f6t\u00e4 ja lainmukaisuutta, Miettinen selvent\u00e4\u00e4.<\/p>\n<p class=\"aw__sc-1qwuw0s-0 aw__sc-ngllmo-0 epAWpq fzYpjk yle__article__paragraph\">Italiassa painetta lis\u00e4\u00e4v\u00e4t osaltaan ensi vuonna j\u00e4rjestett\u00e4v\u00e4t parlamenttivaalit ja oikeiston sis\u00e4inen kilpailu tiukasta maahanmuuttopolitiikasta.<\/p>\n<p><img decoding=\"async\" alt=\"Kuvakollaasissa Pedro Sanchez ja Giorgia Meloni \" src=\"https:\/\/www.europesays.com\/fi\/wp-content\/uploads\/2026\/08\/1786197998.jpeg\" loading=\"lazy\" class=\"aw__sc-dklauk-0 LPzKX\"\/><\/p>\n<p>Avaa kuvien katselu<\/p>\n<p>Espanjan p\u00e4\u00e4ministerin Pedro S\u00e1nchezin ja Italian p\u00e4\u00e4ministerin Giorgia Melonin v\u00e4lill\u00e4 on k\u00e4ynniss\u00e4 diplomaattinen peli. Kuva: AOP \/ Kuvakollaasi: Susanna Pesonen \/ YleSelkkaus langettaa varjon EU:n yhten\u00e4isyyden ylle<\/p>\n<p class=\"aw__sc-1qwuw0s-0 aw__sc-ngllmo-0 epAWpq fzYpjk yle__article__paragraph\">Italia on sanonut jatkavansa rajatarkastuksia ainakin elokuun 15. p\u00e4iv\u00e4\u00e4n asti. P\u00e4iv\u00e4m\u00e4\u00e4r\u00e4 perustuu <a class=\"aw__sc-ngllmo-1 bTDnwX yle__article__link\" href=\"https:\/\/yle.fi\/a\/74-20239846\" role=\"link\" rel=\"nofollow noopener\" target=\"_blank\">sosiaalisessa mediassa k\u00e4ytyihin keskusteluihin<\/a> uudesta yrityksest\u00e4 pyrki\u00e4 Ceutaan.<\/p>\n<p class=\"aw__sc-1qwuw0s-0 aw__sc-ngllmo-0 epAWpq fzYpjk yle__article__paragraph\">Espanja on sanonut vastaavasti jatkavansa rajatarkastuksia syyskuun 7. p\u00e4iv\u00e4\u00e4n asti.<\/p>\n<p class=\"aw__sc-1qwuw0s-0 aw__sc-ngllmo-0 epAWpq fzYpjk yle__article__paragraph\">On kuitenkin todenn\u00e4k\u00f6ist\u00e4, ett\u00e4 Espanjan ja Italian v\u00e4linen kriisi j\u00e4\u00e4 lyhyeksi diplomaattiseksi selkkaukseksi, Miettinen arvioi.<\/p>\n<p class=\"aw__sc-1qwuw0s-0 aw__sc-ngllmo-0 epAWpq fzYpjk yle__article__paragraph\">Kun Ceutan tilanne rauhoittuu, Italialla ei pit\u00e4isi olla perusteita jatkaa tarkastuksia. Espanja todenn\u00e4k\u00f6isesti seuraa per\u00e4ss\u00e4.<\/p>\n<p class=\"aw__sc-1qwuw0s-0 aw__sc-ngllmo-0 epAWpq fzYpjk yle__article__paragraph\">Pidemm\u00e4n aikav\u00e4lin vaikutukset voivat olla huolestuttavampia. Tapaus voi langettaa varjon EU:n yhten\u00e4isyyden ylle ja osoittaa, ett\u00e4 pientenkin kriisien yhteydess\u00e4 yhteisen edun tavoittelu j\u00e4\u00e4 kansallisvaltioiden omien intressien jalkoihin.<\/p>\n<p class=\"aw__sc-1qwuw0s-0 aw__sc-ngllmo-0 epAWpq fzYpjk yle__article__paragraph\">\u2013 Isommat vaikutukset liittyv\u00e4t Schengen-alueen kest\u00e4vyyteen \u2013 onko se sellainen j\u00e4rjestelm\u00e4, joka pidemm\u00e4n p\u00e4\u00e4lle pysyy kasassa, Miettinen pohtii.<\/p>\n<p class=\"aw__sc-1qwuw0s-0 aw__sc-ngllmo-0 epAWpq fzYpjk yle__article__paragraph\">H\u00e4nen mukaansa tapaus osoittaa, ett\u00e4 Eurooppa saattaa olla haavoittuvaisempi kuin on ajateltu.<\/p>\n<p class=\"aw__sc-1qwuw0s-0 aw__sc-ngllmo-0 epAWpq fzYpjk yle__article__paragraph\">\u2013 Asioissa, joihin liittyy poliittista vastakkainasettelua, yhteisen linjan l\u00f6ytyminen ei ole aina niin helppoa. My\u00f6s EU-komissiolta vaadittaisiin ja toivottaisiin nopeampaa ja j\u00e4m\u00e4k\u00e4mp\u00e4\u00e4 reagointia t\u00e4m\u00e4n tyyppisten kysymysten selvitt\u00e4miseen.<\/p>\n","protected":false},"excerpt":{"rendered":"Espanja aloitti rajatarkastukset Italiasta tuleville vastauksena Italian viikon takaisiin toimiin. Italia keskeytti Schengen-sopimuksen soveltamisen Espanjan kanssa 1. elokuuta.&hellip;\n","protected":false},"author":2,"featured_media":320296,"comment_status":"","ping_status":"","sticky":false,"template":"","format":"standard","meta":{"footnotes":"","_share_on_mastodon":"0"},"categories":[14],"tags":[22,23,1819,26,27,33,31,30,17,199,70,24,25,28,29,1478,15,18,21,4272,32,19,20,56,16,59,60,61],"class_list":["post-320295","post","type-post","status-publish","format-standard","has-post-thumbnail","category-ulkomaat","tag-breaking-news","tag-breakingnews","tag-espanja","tag-featured-news","tag-featurednews","tag-fi","tag-finland","tag-finnish","tag-headlines","tag-italia","tag-kansainvalinen-politiikka","tag-latest-news","tag-latestnews","tag-main-news","tag-mainnews","tag-matkailu","tag-news","tag-otsikot","tag-paauutiset","tag-rajavalvonta","tag-suomi","tag-top-stories","tag-topstories","tag-ulkomaat","tag-uutiset","tag-world","tag-world-news","tag-worldnews"],"share_on_mastodon":{"url":"https:\/\/pubeurope.com\/@fi\/117061638330778601","error":""},"_links":{"self":[{"href":"https:\/\/www.europesays.com\/fi\/wp-json\/wp\/v2\/posts\/320295","targetHints":{"allow":["GET"]}}],"collection":[{"href":"https:\/\/www.europesays.com\/fi\/wp-json\/wp\/v2\/posts"}],"about":[{"href":"https:\/\/www.europesays.com\/fi\/wp-json\/wp\/v2\/types\/post"}],"author":[{"embeddable":true,"href":"https:\/\/www.europesays.com\/fi\/wp-json\/wp\/v2\/users\/2"}],"replies":[{"embeddable":true,"href":"https:\/\/www.europesays.com\/fi\/wp-json\/wp\/v2\/comments?post=320295"}],"version-history":[{"count":0,"href":"https:\/\/www.europesays.com\/fi\/wp-json\/wp\/v2\/posts\/320295\/revisions"}],"wp:featuredmedia":[{"embeddable":true,"href":"https:\/\/www.europesays.com\/fi\/wp-json\/wp\/v2\/media\/320296"}],"wp:attachment":[{"href":"https:\/\/www.europesays.com\/fi\/wp-json\/wp\/v2\/media?parent=320295"}],"wp:term":[{"taxonomy":"category","embeddable":true,"href":"https:\/\/www.europesays.com\/fi\/wp-json\/wp\/v2\/categories?post=320295"},{"taxonomy":"post_tag","embeddable":true,"href":"https:\/\/www.europesays.com\/fi\/wp-json\/wp\/v2\/tags?post=320295"}],"curies":[{"name":"wp","href":"https:\/\/api.w.org\/{rel}","templated":true}]}}