{"id":320521,"date":"2026-08-09T03:47:16","date_gmt":"2026-08-09T03:47:16","guid":{"rendered":"https:\/\/www.europesays.com\/fi\/320521\/"},"modified":"2026-08-09T03:47:16","modified_gmt":"2026-08-09T03:47:16","slug":"iisalmessa-hukkui-noin-30-vuotias-nainen-pohjois-savo","status":"publish","type":"post","link":"https:\/\/www.europesays.com\/fi\/320521\/","title":{"rendered":"Iisalmessa hukkui noin 30-vuotias nainen | Pohjois-Savo"},"content":{"rendered":"<p class=\"aw__sc-1qwuw0s-0 aw__sc-1vg2sqm-0 epAWpq ecELkD yle__article__paragraph\">Henkil\u00f6 putosi veneest\u00e4 ja vajosi pinnan alle, poliisi tiedottaa.<\/p>\n<p>8.8. 18:28\u2022P\u00e4ivitetty 8.8. 21:02<\/p>\n<p class=\"aw__sc-1qwuw0s-0 aw__sc-ngllmo-0 epAWpq fzYpjk yle__article__paragraph\">Iisalmessa hukkui lauantaina noin 30-vuotias nainen. H\u00e4t\u00e4keskukseen ilmoitettiin lauantaina ennen iltakuutta, et\u00e4 henkil\u00f6 oli pudonnut veneest\u00e4 ja vajonnut pinnan alle.<\/p>\n<p class=\"aw__sc-1qwuw0s-0 aw__sc-ngllmo-0 epAWpq fzYpjk yle__article__paragraph\">Runsaasti viranomaisyksik\u00f6it\u00e4 l\u00e4hetettiin paikalle.<\/p>\n<p class=\"aw__sc-1qwuw0s-0 aw__sc-ngllmo-0 epAWpq fzYpjk yle__article__paragraph\">Pelastuslaitoksen sukeltajat l\u00f6ysiv\u00e4t paikkakuntalaisen naisen hukkuuneena kaksi tuntia h\u00e4t\u00e4keskusilmoituksen j\u00e4lkeen, It\u00e4-Suomen poliisilaitos tiedottaa.<\/p>\n<p class=\"aw__sc-1qwuw0s-0 aw__sc-ngllmo-0 epAWpq fzYpjk yle__article__paragraph\">Pelastusryhm\u00e4n johtaja <strong class=\"aw__sc-ngllmo-2 gdRrun yle__article__strong\">Janne Pirhonen<\/strong> kertoi aiemmin, ett\u00e4 kaksi ihmist\u00e4 l\u00e4hti liikkeelle veneell\u00e4. Tapaus sattui Koljonvirralla.<\/p>\n<p class=\"aw__sc-1qwuw0s-0 aw__sc-ngllmo-0 epAWpq fzYpjk yle__article__paragraph\">Poliisi suorittaa kuolemansyyntutkintaa.<\/p>\n","protected":false},"excerpt":{"rendered":"Henkil\u00f6 putosi veneest\u00e4 ja vajosi pinnan alle, poliisi tiedottaa. 8.8. 18:28\u2022P\u00e4ivitetty 8.8. 21:02 Iisalmessa hukkui lauantaina noin 30-vuotias&hellip;\n","protected":false},"author":2,"featured_media":320522,"comment_status":"","ping_status":"","sticky":false,"template":"","format":"standard","meta":{"footnotes":"","_share_on_mastodon":"0"},"categories":[5],"tags":[22,23,26,27,33,31,30,17,4892,24,25,28,29,15,837,18,21,1136,32,19,20,16],"class_list":["post-320521","post","type-post","status-publish","format-standard","has-post-thumbnail","category-otsikot","tag-breaking-news","tag-breakingnews","tag-featured-news","tag-featurednews","tag-fi","tag-finland","tag-finnish","tag-headlines","tag-iisalmi","tag-latest-news","tag-latestnews","tag-main-news","tag-mainnews","tag-news","tag-onnettomuudet","tag-otsikot","tag-paauutiset","tag-pohjois-savo","tag-suomi","tag-top-stories","tag-topstories","tag-uutiset"],"share_on_mastodon":{"url":"https:\/\/pubeurope.com\/@fi\/117063506038199597","error":""},"_links":{"self":[{"href":"https:\/\/www.europesays.com\/fi\/wp-json\/wp\/v2\/posts\/320521","targetHints":{"allow":["GET"]}}],"collection":[{"href":"https:\/\/www.europesays.com\/fi\/wp-json\/wp\/v2\/posts"}],"about":[{"href":"https:\/\/www.europesays.com\/fi\/wp-json\/wp\/v2\/types\/post"}],"author":[{"embeddable":true,"href":"https:\/\/www.europesays.com\/fi\/wp-json\/wp\/v2\/users\/2"}],"replies":[{"embeddable":true,"href":"https:\/\/www.europesays.com\/fi\/wp-json\/wp\/v2\/comments?post=320521"}],"version-history":[{"count":0,"href":"https:\/\/www.europesays.com\/fi\/wp-json\/wp\/v2\/posts\/320521\/revisions"}],"wp:featuredmedia":[{"embeddable":true,"href":"https:\/\/www.europesays.com\/fi\/wp-json\/wp\/v2\/media\/320522"}],"wp:attachment":[{"href":"https:\/\/www.europesays.com\/fi\/wp-json\/wp\/v2\/media?parent=320521"}],"wp:term":[{"taxonomy":"category","embeddable":true,"href":"https:\/\/www.europesays.com\/fi\/wp-json\/wp\/v2\/categories?post=320521"},{"taxonomy":"post_tag","embeddable":true,"href":"https:\/\/www.europesays.com\/fi\/wp-json\/wp\/v2\/tags?post=320521"}],"curies":[{"name":"wp","href":"https:\/\/api.w.org\/{rel}","templated":true}]}}