{"id":320551,"date":"2026-08-09T05:04:09","date_gmt":"2026-08-09T05:04:09","guid":{"rendered":"https:\/\/www.europesays.com\/fi\/320551\/"},"modified":"2026-08-09T05:04:09","modified_gmt":"2026-08-09T05:04:09","slug":"ceutaan-tuli-tyttoja-jotka-ovat-nyt-vaarassa-ulkomaat","status":"publish","type":"post","link":"https:\/\/www.europesays.com\/fi\/320551\/","title":{"rendered":"Ceutaan tuli tytt\u00f6j\u00e4, jotka ovat nyt vaarassa | Ulkomaat"},"content":{"rendered":"<p class=\"aw__sc-1qwuw0s-0 aw__sc-1vg2sqm-0 epAWpq ecELkD yle__article__paragraph\">Paikallismedia kertoo ainakin viiden tyt\u00f6n saaneen sairaalahoitoa raiskauksen vuoksi. Lapsia nukkuu kadulla, koska majoitustiloja ei riit\u00e4.<\/p>\n<p><img decoding=\"async\" alt=\"Kuvan etualalla kaksi naista, joilla molemmilla kaksi uimarengasta k\u00e4dess\u00e4\u00e4n. Taustalla enemm\u00e4n uimarenkaita ja ihmisi\u00e4.\" src=\"https:\/\/www.europesays.com\/fi\/wp-content\/uploads\/2026\/08\/1785495812.jpeg\" class=\"aw__sc-dklauk-0 LPzKX\"\/><\/p>\n<p>Avaa kuvien katselu<\/p>\n<p>Valtaosa Marokosta meriteitse Ceutaan tulleista siirtolaisista oli miehi\u00e4, mutta joukossa oli my\u00f6s naisia ja lapsia. Kuva: Marcos Moreno \/ AOP<\/p>\n<ul class=\"aw__sc-1yb43iq-0 gFXHv yle__article__list yle__article__list--ul\">\n<li class=\"aw__sc-1yb43iq-1 gVAzbt\">Ceutaan saapuneet tyt\u00f6t ovat vaarassa joutua ihmiskaupan ja raiskausten uhreiksi. Ainakin viitt\u00e4 alle 14-vuotiasta tytt\u00f6\u00e4 on hoidettu sairaalassa raiskausep\u00e4ilyn vuoksi.<\/li>\n<li class=\"aw__sc-1yb43iq-1 gVAzbt\">Ceutassa oli perjantaihin menness\u00e4 rekister\u00f6ity 1342 alaik\u00e4ist\u00e4 siirtolaista. Majoitustiloja ei riit\u00e4, ja lapsia nukkuu kaduilla.<\/li>\n<li class=\"aw__sc-1yb43iq-1 gVAzbt\">Espanja alkaa siirt\u00e4\u00e4 lapsia Manner-Espanjaan. Tavoitteena on palauttaa lapset lopulta perheidens\u00e4 luo.<\/li>\n<\/ul>\n<p class=\"aw__sc-1qwuw0s-0 aw__sc-ngllmo-0 epAWpq fzYpjk yle__article__paragraph\">Ceutan alueelle tuli viime viikon rajanylityksiss\u00e4 paljon alaik\u00e4isi\u00e4 tytt\u00f6j\u00e4, sanoi Espanjan nuoriso- ja lapsiasioiden ministeri <strong class=\"aw__sc-ngllmo-2 gdRrun yle__article__strong\">Sira Rego<\/strong> perjantaina. Tarkkoja lukuja tytt\u00f6jen m\u00e4\u00e4r\u00e4st\u00e4 ei ole kerrottu julkisuudessa.<\/p>\n<p class=\"aw__sc-1qwuw0s-0 aw__sc-ngllmo-0 epAWpq fzYpjk yle__article__paragraph\">Perjantaihin menness\u00e4 Ceutassa oli rekister\u00f6ity yhteens\u00e4 1\u00a0342 alaik\u00e4ist\u00e4 siirtolaista. Osa heist\u00e4 on Ceutassa yksin, ilman aikuista saattajaa, mutta my\u00f6sk\u00e4\u00e4n t\u00e4llaisten lasten m\u00e4\u00e4r\u00e4st\u00e4 ei ole saatavilla tilastoja tai arvioita.<\/p>\n<p class=\"aw__sc-1qwuw0s-0 aw__sc-ngllmo-0 epAWpq fzYpjk yle__article__paragraph\">Pelastakaa lapset -j\u00e4rjest\u00f6 on <a class=\"aw__sc-ngllmo-1 bTDnwX yle__article__link\" href=\"https:\/\/www.savethechildren.es\/actualidad\/por-que-las-ninas-corren-mas-peligro-en-la-emergencia-de-ceuta\" role=\"link\" rel=\"nofollow noopener\" target=\"_blank\">varoittanut<\/a>, ett\u00e4 erityisesti Ceutaan saapuneet tyt\u00f6t ovat vaarassa joutua v\u00e4kivallan, ihmiskaupan ja hyv\u00e4ksik\u00e4yt\u00f6n uhreiksi.<\/p>\n<p>Merkkej\u00e4 raiskauksista<\/p>\n<p class=\"aw__sc-1qwuw0s-0 aw__sc-ngllmo-0 epAWpq fzYpjk yle__article__paragraph\">Ceutan paikallismedian El Pueblo de Ceutan <a class=\"aw__sc-ngllmo-1 bTDnwX yle__article__link\" href=\"https:\/\/www.elpueblodeceuta.es\/sec\/politica\/inmigracion\/cinco-ninas-acudieron-huce-casos_1_1184906.html\" role=\"link\" rel=\"nofollow noopener\" target=\"_blank\">mukaan<\/a> kaupungin sairaalassa on hoidettu ainakin viitt\u00e4 Marokosta saapunutta tytt\u00f6\u00e4, joiden ep\u00e4ill\u00e4\u00e4n joutuneen raiskatuiksi. Sairaalassa hoidetut tyt\u00f6t ovat olleet alle 14-vuotiaita.<\/p>\n<p class=\"aw__sc-1qwuw0s-0 aw__sc-ngllmo-0 epAWpq fzYpjk yle__article__paragraph\">Paikallismedian l\u00e4hteiden mukaan raiskausten uhreja voi olla enemm\u00e4nkin, koska osa uhreista ei ilmoita tulleensa raiskatuksi.<\/p>\n<p class=\"aw__sc-1qwuw0s-0 aw__sc-ngllmo-0 epAWpq fzYpjk yle__article__paragraph\">Ceutan syytt\u00e4j\u00e4nvirasto kertoi medialle torstaina, ett\u00e4 viranomaiset tutkivat kahta raiskausep\u00e4ily\u00e4.<\/p>\n<p><img decoding=\"async\" alt=\"Naisia ja tytt\u00f6j\u00e4 ker\u00e4\u00e4ntyneen\u00e4 pienelle aukiolle.\" src=\"https:\/\/www.europesays.com\/fi\/wp-content\/uploads\/2026\/08\/1786205301.jpeg\" loading=\"lazy\" class=\"aw__sc-dklauk-0 LPzKX\"\/><\/p>\n<p>Avaa kuvien katselu<\/p>\n<p>Siirtolaisnaisia ja -lapsia Ceutassa 3.8.2026. Kuva:  Ana L\u00f2pez \/ AOPCeutassa ei apu riit\u00e4<\/p>\n<p class=\"aw__sc-1qwuw0s-0 aw__sc-ngllmo-0 epAWpq fzYpjk yle__article__paragraph\">Ceutan viranomaiset ja vapaaehtoiset yll\u00e4pit\u00e4v\u00e4t muutamia majoituskeskuksia lapsille, mutta alaik\u00e4isten siirtolaisten m\u00e4\u00e4r\u00e4 ylitt\u00e4\u00e4 selv\u00e4sti majoituskapasiteetin.<\/p>\n<p class=\"aw__sc-1qwuw0s-0 aw__sc-ngllmo-0 epAWpq fzYpjk yle__article__paragraph\">Siksi lapsia nukkuu my\u00f6s kaduilla.<\/p>\n<p class=\"aw__sc-1qwuw0s-0 aw__sc-ngllmo-0 epAWpq fzYpjk yle__article__paragraph\"><strong class=\"aw__sc-ngllmo-2 gdRrun yle__article__strong\">Videolla ceutalainen mies kertoo, miten h\u00e4n yritt\u00e4\u00e4 tarjota turvallista majoitusta kodittomille siirtolaisille:<\/strong><\/p>\n<p class=\"aw__sc-1qwuw0s-0 aw__sc-ngllmo-0 epAWpq fzYpjk yle__article__paragraph\">Ministeri Sira Rego kertoi perjantaina, ett\u00e4 Espanja alkaa l\u00e4hiviikkoina siirt\u00e4\u00e4 lapsia Ceutasta Manner-Espanjaan, jotta heille voidaan tarjota riitt\u00e4v\u00e4\u00e4 apua.<\/p>\n<p class=\"aw__sc-1qwuw0s-0 aw__sc-ngllmo-0 epAWpq fzYpjk yle__article__paragraph\">Espanjan tavoitteena on saada lapset takaisin perheidens\u00e4 luo. Marokon uutistoimiston MAP:n mukaan lasten perheiden l\u00f6yt\u00e4minen ja lasten palauttaminen kotimaahansa on my\u00f6s Marokon tavoitteena.<\/p>\n<p>Monen maan v\u00e4ke\u00e4<\/p>\n<p class=\"aw__sc-1qwuw0s-0 aw__sc-ngllmo-0 epAWpq fzYpjk yle__article__paragraph\">Media- ja viranomaistietojen perusteella ei ole selv\u00e4\u00e4, miten suuri osa siirtolaislapsista Ceutassa on marokkolaisia, ja onko joukossa my\u00f6s muunmaalaisia lapsia ilman saattajia.<\/p>\n<p class=\"aw__sc-1qwuw0s-0 aw__sc-ngllmo-0 epAWpq fzYpjk yle__article__paragraph\">Ceutaan j\u00e4\u00e4neist\u00e4 aikuisista siirtolaisista monien tiedet\u00e4\u00e4n <a class=\"aw__sc-ngllmo-1 bTDnwX yle__article__link\" href=\"https:\/\/elpais.com\/espana\/2026-08-05\/playa-de-trampolin-el-refugio-a-sol-abierto-para-centenares-de-subsaharianos-en-busca-de-asilo.html\" role=\"link\" rel=\"nofollow noopener\" target=\"_blank\">olevan kotoisin<\/a> muista Afrikan maista kuin Marokosta.<\/p>\n<p class=\"aw__sc-1qwuw0s-0 aw__sc-ngllmo-0 epAWpq fzYpjk yle__article__paragraph\">Espanjan sis\u00e4ministeri\u00f6n mukaan 72\u00a0000:sta Ceutaan viime viikolla tulleesta siirtolaisesta jo 70\u00a0000 on poistunut Marokon puolelle. Alueella toimivat avustusj\u00e4rjest\u00f6t kuitenkin <a class=\"aw__sc-ngllmo-1 bTDnwX yle__article__link\" href=\"https:\/\/elpais.com\/espana\/2026-08-08\/ultima-hora-de-la-entrada-de-inmigrantes-a-ceuta-en-directo.html\" role=\"link\" rel=\"nofollow noopener\" target=\"_blank\">arvioivat<\/a>, ett\u00e4 Ceutassa on yh\u00e4 selv\u00e4sti yli 2\u00a0000 siirtolaista.<\/p>\n","protected":false},"excerpt":{"rendered":"Paikallismedia kertoo ainakin viiden tyt\u00f6n saaneen sairaalahoitoa raiskauksen vuoksi. Lapsia nukkuu kadulla, koska majoitustiloja ei riit\u00e4. Avaa kuvien&hellip;\n","protected":false},"author":2,"featured_media":320552,"comment_status":"","ping_status":"","sticky":false,"template":"","format":"standard","meta":{"footnotes":"","_share_on_mastodon":"0"},"categories":[14],"tags":[22,23,1819,26,27,33,31,30,17,100,24,25,28,29,15,18,21,12862,581,32,19,20,56,16,40,59,60,61],"class_list":["post-320551","post","type-post","status-publish","format-standard","has-post-thumbnail","category-ulkomaat","tag-breaking-news","tag-breakingnews","tag-espanja","tag-featured-news","tag-featurednews","tag-fi","tag-finland","tag-finnish","tag-headlines","tag-lapset-ja-nuoret","tag-latest-news","tag-latestnews","tag-main-news","tag-mainnews","tag-news","tag-otsikot","tag-paauutiset","tag-pohjois-afrikka","tag-rikokset","tag-suomi","tag-top-stories","tag-topstories","tag-ulkomaat","tag-uutiset","tag-vakivalta","tag-world","tag-world-news","tag-worldnews"],"share_on_mastodon":{"url":"https:\/\/pubeurope.com\/@fi\/117063808994728961","error":""},"_links":{"self":[{"href":"https:\/\/www.europesays.com\/fi\/wp-json\/wp\/v2\/posts\/320551","targetHints":{"allow":["GET"]}}],"collection":[{"href":"https:\/\/www.europesays.com\/fi\/wp-json\/wp\/v2\/posts"}],"about":[{"href":"https:\/\/www.europesays.com\/fi\/wp-json\/wp\/v2\/types\/post"}],"author":[{"embeddable":true,"href":"https:\/\/www.europesays.com\/fi\/wp-json\/wp\/v2\/users\/2"}],"replies":[{"embeddable":true,"href":"https:\/\/www.europesays.com\/fi\/wp-json\/wp\/v2\/comments?post=320551"}],"version-history":[{"count":0,"href":"https:\/\/www.europesays.com\/fi\/wp-json\/wp\/v2\/posts\/320551\/revisions"}],"wp:featuredmedia":[{"embeddable":true,"href":"https:\/\/www.europesays.com\/fi\/wp-json\/wp\/v2\/media\/320552"}],"wp:attachment":[{"href":"https:\/\/www.europesays.com\/fi\/wp-json\/wp\/v2\/media?parent=320551"}],"wp:term":[{"taxonomy":"category","embeddable":true,"href":"https:\/\/www.europesays.com\/fi\/wp-json\/wp\/v2\/categories?post=320551"},{"taxonomy":"post_tag","embeddable":true,"href":"https:\/\/www.europesays.com\/fi\/wp-json\/wp\/v2\/tags?post=320551"}],"curies":[{"name":"wp","href":"https:\/\/api.w.org\/{rel}","templated":true}]}}