{"id":320748,"date":"2026-08-09T11:08:09","date_gmt":"2026-08-09T11:08:09","guid":{"rendered":"https:\/\/www.europesays.com\/fi\/320748\/"},"modified":"2026-08-09T11:08:09","modified_gmt":"2026-08-09T11:08:09","slug":"banksyn-tyot-maksaneet-veronmaksajille-lahes-180-000-euroa-uutisia-lyhyesti","status":"publish","type":"post","link":"https:\/\/www.europesays.com\/fi\/320748\/","title":{"rendered":"Banksyn ty\u00f6t maksaneet veronmaksajille l\u00e4hes 180 000 euroa | Uutisia lyhyesti"},"content":{"rendered":"<p><img decoding=\"async\" alt=\"Vaaleanharmaaseen kivisein\u00e4\u00e4n on maalattu suuri, tumma varjokuvateos, jossa henkil\u00f6 ly\u00f6 toista vasaralla.\" src=\"https:\/\/www.europesays.com\/fi\/wp-content\/uploads\/2026\/08\/1786271851.jpeg\" class=\"aw__sc-dklauk-0 LPzKX\"\/><\/p>\n<p>Avaa kuvien katselu<\/p>\n<p>Suurin yksitt\u00e4inen kustannus liittyy syyskuussa 2025 Lontoon korkeimman oikeuden rakennukseen maalattuun muraaliin. Kuva: Rasid Necati Aslim \/ AOP<\/p>\n<p>13:22\u2022P\u00e4ivitetty 13:31<\/p>\n<p class=\"aw__sc-1qwuw0s-0 aw__sc-ngllmo-0 epAWpq fzYpjk yle__article__paragraph\">Kolme katutaiteilija Banksyn teosta on maksanut Britannian veronmaksajille t\u00e4h\u00e4n menness\u00e4 l\u00e4hes 180\u00a0000 euroa, kertoo <a class=\"aw__sc-ngllmo-1 bTDnwX yle__article__link\" href=\"https:\/\/www.bbc.com\/news\/articles\/cx2vnny7j5zo\" role=\"link\" rel=\"nofollow noopener\" target=\"_blank\">BBC<\/a>. Summa koostuu puhdistuksesta ja turvallisuuskuluista.<\/p>\n<p class=\"aw__sc-1qwuw0s-0 aw__sc-ngllmo-0 epAWpq fzYpjk yle__article__paragraph\">Suurin yksitt\u00e4inen kustannus liittyy syyskuussa 2025 <a class=\"aw__sc-ngllmo-1 bTDnwX yle__article__link\" href=\"https:\/\/yle.fi\/a\/74-20182498\" role=\"link\" rel=\"nofollow noopener\" target=\"_blank\">Lontoon korkeimman oikeuden rakennukseen<\/a> maalattuun muraaliin, jonka poistamisyritykset ja turvallisuustoimet ovat t\u00e4h\u00e4n menness\u00e4 maksaneet yli 102\u00a0000 euroa.<\/p>\n<p class=\"aw__sc-1qwuw0s-0 aw__sc-ngllmo-0 epAWpq fzYpjk yle__article__paragraph\">Oikeusministeri\u00f6 sanoo k\u00e4ytt\u00e4neens\u00e4 60\u00a0000 euroa yritt\u00e4ess\u00e4\u00e4n poistaa maalia rakennuksen sein\u00e4st\u00e4. Lis\u00e4ksi 42\u00a0400 euroa k\u00e4ytettiin ylity\u00f6- ja turvallisuuskustannuksiin.<\/p>\n<p class=\"aw__sc-1qwuw0s-0 aw__sc-ngllmo-0 epAWpq fzYpjk yle__article__paragraph\">Huhtikuussa lippua kantavan miehen patsas ilmestyi Waterloo Placelle Trafalgar Squaren l\u00e4hell\u00e4. Lippu peitti miehen kasvot ja h\u00e4n n\u00e4ytti olevan astumassa ja putoamassa jalustalta.<\/p>\n<p><img decoding=\"async\" alt=\"Mies ottaa k\u00e4nnyk\u00e4ll\u00e4 kuvaa Banksyn teoksesta Lontoossa.\" src=\"https:\/\/www.europesays.com\/fi\/wp-content\/uploads\/2026\/08\/1777570381.jpeg\" loading=\"lazy\" class=\"aw__sc-dklauk-0 LPzKX\"\/><\/p>\n<p>Avaa kuvien katselu<\/p>\n<p>Ihmiset ihmetteliv\u00e4t huhtikuussa Waterloo Placelle ilmestynytt\u00e4 patsasta. Kuva: Andy Rain \/ EPA<\/p>\n<p class=\"aw__sc-1qwuw0s-0 aw__sc-ngllmo-0 epAWpq fzYpjk yle__article__paragraph\"><a class=\"aw__sc-ngllmo-1 bTDnwX yle__article__link\" href=\"https:\/\/yle.fi\/a\/74-20223679\" role=\"link\" rel=\"nofollow noopener\" target=\"_blank\">Banksy otti vastuun <\/a>teoksesta Instagram-videolla, joka n\u00e4ytti y\u00f6llisen asennuksen.<\/p>\n<p class=\"aw__sc-1qwuw0s-0 aw__sc-ngllmo-0 epAWpq fzYpjk yle__article__paragraph\">Lippua heiluttavan miehen patsaan vartiointiin ja aitaamiseen meni l\u00e4hes 72\u00a0000 euroa.<\/p>\n<p class=\"aw__sc-1qwuw0s-0 aw__sc-ngllmo-0 epAWpq fzYpjk yle__article__paragraph\">Kolmas piraija-teos oli maalattu mainoslaatikkoon ja sen poistaminen maksoi 2\u00a0200 puntaa.<\/p>\n<p class=\"aw__sc-1qwuw0s-0 aw__sc-ngllmo-0 epAWpq fzYpjk yle__article__paragraph\">Menot paljastettiin BBC:lle tietopyynt\u00f6jen kautta. BBC:n mukaan ne todenn\u00e4k\u00f6isesti sytytt\u00e4v\u00e4t uudelleen keskustelun siit\u00e4, onko Banksyn ty\u00f6 vandalismia vai arvokasta julkista taidetta.<\/p>\n","protected":false},"excerpt":{"rendered":"Avaa kuvien katselu Suurin yksitt\u00e4inen kustannus liittyy syyskuussa 2025 Lontoon korkeimman oikeuden rakennukseen maalattuun muraaliin. Kuva: Rasid Necati&hellip;\n","protected":false},"author":2,"featured_media":320749,"comment_status":"","ping_status":"","sticky":false,"template":"","format":"standard","meta":{"footnotes":"","_share_on_mastodon":"0"},"categories":[14],"tags":[8809,2326,22,23,1775,26,27,33,31,30,17,35662,8810,108,24,25,28,29,15,18,21,32,397,19,20,56,16,59,60,61],"class_list":["post-320748","post","type-post","status-publish","format-standard","has-post-thumbnail","category-ulkomaat","tag-banksy","tag-bbc","tag-breaking-news","tag-breakingnews","tag-britannia","tag-featured-news","tag-featurednews","tag-fi","tag-finland","tag-finnish","tag-headlines","tag-katukulttuuri","tag-katutaide","tag-kulttuuri","tag-latest-news","tag-latestnews","tag-main-news","tag-mainnews","tag-news","tag-otsikot","tag-paauutiset","tag-suomi","tag-taide","tag-top-stories","tag-topstories","tag-ulkomaat","tag-uutiset","tag-world","tag-world-news","tag-worldnews"],"share_on_mastodon":{"url":"https:\/\/pubeurope.com\/@fi\/117065240700446686","error":""},"_links":{"self":[{"href":"https:\/\/www.europesays.com\/fi\/wp-json\/wp\/v2\/posts\/320748","targetHints":{"allow":["GET"]}}],"collection":[{"href":"https:\/\/www.europesays.com\/fi\/wp-json\/wp\/v2\/posts"}],"about":[{"href":"https:\/\/www.europesays.com\/fi\/wp-json\/wp\/v2\/types\/post"}],"author":[{"embeddable":true,"href":"https:\/\/www.europesays.com\/fi\/wp-json\/wp\/v2\/users\/2"}],"replies":[{"embeddable":true,"href":"https:\/\/www.europesays.com\/fi\/wp-json\/wp\/v2\/comments?post=320748"}],"version-history":[{"count":0,"href":"https:\/\/www.europesays.com\/fi\/wp-json\/wp\/v2\/posts\/320748\/revisions"}],"wp:featuredmedia":[{"embeddable":true,"href":"https:\/\/www.europesays.com\/fi\/wp-json\/wp\/v2\/media\/320749"}],"wp:attachment":[{"href":"https:\/\/www.europesays.com\/fi\/wp-json\/wp\/v2\/media?parent=320748"}],"wp:term":[{"taxonomy":"category","embeddable":true,"href":"https:\/\/www.europesays.com\/fi\/wp-json\/wp\/v2\/categories?post=320748"},{"taxonomy":"post_tag","embeddable":true,"href":"https:\/\/www.europesays.com\/fi\/wp-json\/wp\/v2\/tags?post=320748"}],"curies":[{"name":"wp","href":"https:\/\/api.w.org\/{rel}","templated":true}]}}