{"id":320784,"date":"2026-08-09T12:03:13","date_gmt":"2026-08-09T12:03:13","guid":{"rendered":"https:\/\/www.europesays.com\/fi\/320784\/"},"modified":"2026-08-09T12:03:13","modified_gmt":"2026-08-09T12:03:13","slug":"paraisilla-tehdyissa-etsinnoissa-loytyi-vainaja-poliisi-selvittaa-henkilollisyytta-varsinais-suomi","status":"publish","type":"post","link":"https:\/\/www.europesays.com\/fi\/320784\/","title":{"rendered":"Paraisilla tehdyiss\u00e4 etsinn\u00f6iss\u00e4 l\u00f6ytyi vainaja \u2013 poliisi selvitt\u00e4\u00e4 henkil\u00f6llisyytt\u00e4 | Varsinais-Suomi"},"content":{"rendered":"<p class=\"aw__sc-1qwuw0s-0 aw__sc-1vg2sqm-0 epAWpq ecELkD yle__article__paragraph\">Etsinn\u00e4t liittyiv\u00e4t Turussa kadonneeksi ilmoitettuun mieheen.<\/p>\n<p><img decoding=\"async\" alt=\"Poliisiauto py\u00f6r\u00e4tien varrelle. \" src=\"https:\/\/www.europesays.com\/fi\/wp-content\/uploads\/2026\/08\/1685014001.jpeg\" class=\"aw__sc-dklauk-0 LPzKX\"\/><\/p>\n<p>Avaa kuvien katselu<\/p>\n<p>Kuva: Birgitta Vuorela \/ Yle<\/p>\n<p class=\"aw__sc-1qwuw0s-0 aw__sc-ngllmo-0 epAWpq fzYpjk yle__article__paragraph\">Lounais-Suomen poliisi l\u00f6ysi viikonlopun etsinn\u00f6iss\u00e4 Paraisilta maastosta menehtyneen henkil\u00f6n. Etsinn\u00e4t liittyiv\u00e4t Turussa kadonneeksi ilmoitettuun mieheen.<\/p>\n<p class=\"aw__sc-1qwuw0s-0 aw__sc-ngllmo-0 epAWpq fzYpjk yle__article__paragraph\">Poliisi selvitt\u00e4\u00e4 vainajan henkil\u00f6llisyytt\u00e4. Vasta henkil\u00f6llisyyden varmistuttua poliisi voi vahvistaa, onko kyseess\u00e4 kadonneeksi ilmoitettu mies.<\/p>\n<p class=\"aw__sc-1qwuw0s-0 aw__sc-ngllmo-0 epAWpq fzYpjk yle__article__paragraph\">Viranomaiset tekiv\u00e4t etsint\u00f6j\u00e4 yhdess\u00e4 vapaaehtoisen pelastuspalvelun kanssa. Poliisi tutkii asiaa kuolemansyyn selvitt\u00e4misen\u00e4.<\/p>\n","protected":false},"excerpt":{"rendered":"Etsinn\u00e4t liittyiv\u00e4t Turussa kadonneeksi ilmoitettuun mieheen. Avaa kuvien katselu Kuva: Birgitta Vuorela \/ Yle Lounais-Suomen poliisi l\u00f6ysi viikonlopun&hellip;\n","protected":false},"author":2,"featured_media":320785,"comment_status":"","ping_status":"","sticky":false,"template":"","format":"standard","meta":{"footnotes":"","_share_on_mastodon":"0"},"categories":[5],"tags":[22,23,26,27,33,31,30,17,7264,24,25,2946,28,29,15,18,21,1249,52,32,19,20,662,16,663],"class_list":["post-320784","post","type-post","status-publish","format-standard","has-post-thumbnail","category-otsikot","tag-breaking-news","tag-breakingnews","tag-featured-news","tag-featurednews","tag-fi","tag-finland","tag-finnish","tag-headlines","tag-kadonneet-henkilot","tag-latest-news","tag-latestnews","tag-lounais-suomen-poliisilaitos","tag-main-news","tag-mainnews","tag-news","tag-otsikot","tag-paauutiset","tag-parainen","tag-poliisi","tag-suomi","tag-top-stories","tag-topstories","tag-turku","tag-uutiset","tag-varsinais-suomi"],"share_on_mastodon":{"url":"https:\/\/pubeurope.com\/@fi\/117065456292502448","error":""},"_links":{"self":[{"href":"https:\/\/www.europesays.com\/fi\/wp-json\/wp\/v2\/posts\/320784","targetHints":{"allow":["GET"]}}],"collection":[{"href":"https:\/\/www.europesays.com\/fi\/wp-json\/wp\/v2\/posts"}],"about":[{"href":"https:\/\/www.europesays.com\/fi\/wp-json\/wp\/v2\/types\/post"}],"author":[{"embeddable":true,"href":"https:\/\/www.europesays.com\/fi\/wp-json\/wp\/v2\/users\/2"}],"replies":[{"embeddable":true,"href":"https:\/\/www.europesays.com\/fi\/wp-json\/wp\/v2\/comments?post=320784"}],"version-history":[{"count":0,"href":"https:\/\/www.europesays.com\/fi\/wp-json\/wp\/v2\/posts\/320784\/revisions"}],"wp:featuredmedia":[{"embeddable":true,"href":"https:\/\/www.europesays.com\/fi\/wp-json\/wp\/v2\/media\/320785"}],"wp:attachment":[{"href":"https:\/\/www.europesays.com\/fi\/wp-json\/wp\/v2\/media?parent=320784"}],"wp:term":[{"taxonomy":"category","embeddable":true,"href":"https:\/\/www.europesays.com\/fi\/wp-json\/wp\/v2\/categories?post=320784"},{"taxonomy":"post_tag","embeddable":true,"href":"https:\/\/www.europesays.com\/fi\/wp-json\/wp\/v2\/tags?post=320784"}],"curies":[{"name":"wp","href":"https:\/\/api.w.org\/{rel}","templated":true}]}}