{"id":320808,"date":"2026-08-09T12:54:12","date_gmt":"2026-08-09T12:54:12","guid":{"rendered":"https:\/\/www.europesays.com\/fi\/320808\/"},"modified":"2026-08-09T12:54:12","modified_gmt":"2026-08-09T12:54:12","slug":"onnettomuus-haittasi-tieliikennetta-jamsassa-keski-suomi","status":"publish","type":"post","link":"https:\/\/www.europesays.com\/fi\/320808\/","title":{"rendered":"Onnettomuus haittasi tieliikennett\u00e4 J\u00e4ms\u00e4ss\u00e4 | Keski-Suomi"},"content":{"rendered":"<p class=\"aw__sc-1qwuw0s-0 aw__sc-1vg2sqm-0 epAWpq ecELkD yle__article__paragraph\">Toinen kaista oli suljettuna sunnuntaina iltap\u00e4iv\u00e4ll\u00e4 onnettomuus\u00adpaikan l\u00e4heisyydess\u00e4.<\/p>\n<p><img decoding=\"async\" alt=\"Keski-Suomen pelastuslaitoksen paloauto.\" src=\"https:\/\/www.europesays.com\/fi\/wp-content\/uploads\/2026\/08\/1782817392.jpeg\" class=\"aw__sc-dklauk-0 LPzKX\"\/><\/p>\n<p>Avaa kuvien katselu<\/p>\n<p>Pelastuslaitos h\u00e4lytettiin onnettomuuspaikalle sunnuntaina iltap\u00e4iv\u00e4ll\u00e4. Kuva: Kalle Pallonen \/ Yle<\/p>\n<p>14:03\u2022P\u00e4ivitetty 14:19<\/p>\n<p class=\"aw__sc-1qwuw0s-0 aw__sc-ngllmo-0 epAWpq fzYpjk yle__article__paragraph\">J\u00e4ms\u00e4ss\u00e4 tapahtui sunnuntaina iltap\u00e4iv\u00e4ll\u00e4 kahden henkil\u00f6auton per\u00e4\u00e4najokolari.<\/p>\n<p class=\"aw__sc-1qwuw0s-0 aw__sc-ngllmo-0 epAWpq fzYpjk yle__article__paragraph\">Onnettomuuspaikka sijaitsee l\u00e4hell\u00e4 kiertoliittym\u00e4\u00e4, joka yhdist\u00e4\u00e4 Tampereentien, Lahdentien ja Jyv\u00e4skyl\u00e4ntien. Tarkempi paikka on noin 200 metri\u00e4 kiertoliittym\u00e4st\u00e4 Tampereentien suuntaan.<\/p>\n<p class=\"aw__sc-1qwuw0s-0 aw__sc-ngllmo-0 epAWpq fzYpjk yle__article__paragraph\">Toinen ajokaista oli suljettuna.<\/p>\n<p class=\"aw__sc-1qwuw0s-0 aw__sc-ngllmo-0 epAWpq fzYpjk yle__article__paragraph\">Kukaan autojen kyydiss\u00e4 olleista ei loukkaantunut per\u00e4\u00e4najossa.<\/p>\n<p class=\"aw__sc-1qwuw0s-0 aw__sc-ngllmo-0 epAWpq fzYpjk yle__article__paragraph\">Onnettomuus tapahtui kello 13.30 aikaan.<\/p>\n","protected":false},"excerpt":{"rendered":"Toinen kaista oli suljettuna sunnuntaina iltap\u00e4iv\u00e4ll\u00e4 onnettomuus\u00adpaikan l\u00e4heisyydess\u00e4. Avaa kuvien katselu Pelastuslaitos h\u00e4lytettiin onnettomuuspaikalle sunnuntaina iltap\u00e4iv\u00e4ll\u00e4. Kuva: Kalle&hellip;\n","protected":false},"author":2,"featured_media":320809,"comment_status":"","ping_status":"","sticky":false,"template":"","format":"standard","meta":{"footnotes":"","_share_on_mastodon":"0"},"categories":[12],"tags":[22,23,26,27,33,31,30,17,2565,9277,474,24,25,1161,990,28,29,15,837,18,21,32,19,20,16],"class_list":["post-320808","post","type-post","status-publish","format-standard","has-post-thumbnail","category-suomi","tag-breaking-news","tag-breakingnews","tag-featured-news","tag-featurednews","tag-fi","tag-finland","tag-finnish","tag-headlines","tag-jamsa","tag-jamsan-seutukunta","tag-keski-suomi","tag-latest-news","tag-latestnews","tag-liikenne","tag-liikenneonnettomuudet","tag-main-news","tag-mainnews","tag-news","tag-onnettomuudet","tag-otsikot","tag-paauutiset","tag-suomi","tag-top-stories","tag-topstories","tag-uutiset"],"share_on_mastodon":{"url":"","error":""},"_links":{"self":[{"href":"https:\/\/www.europesays.com\/fi\/wp-json\/wp\/v2\/posts\/320808","targetHints":{"allow":["GET"]}}],"collection":[{"href":"https:\/\/www.europesays.com\/fi\/wp-json\/wp\/v2\/posts"}],"about":[{"href":"https:\/\/www.europesays.com\/fi\/wp-json\/wp\/v2\/types\/post"}],"author":[{"embeddable":true,"href":"https:\/\/www.europesays.com\/fi\/wp-json\/wp\/v2\/users\/2"}],"replies":[{"embeddable":true,"href":"https:\/\/www.europesays.com\/fi\/wp-json\/wp\/v2\/comments?post=320808"}],"version-history":[{"count":0,"href":"https:\/\/www.europesays.com\/fi\/wp-json\/wp\/v2\/posts\/320808\/revisions"}],"wp:featuredmedia":[{"embeddable":true,"href":"https:\/\/www.europesays.com\/fi\/wp-json\/wp\/v2\/media\/320809"}],"wp:attachment":[{"href":"https:\/\/www.europesays.com\/fi\/wp-json\/wp\/v2\/media?parent=320808"}],"wp:term":[{"taxonomy":"category","embeddable":true,"href":"https:\/\/www.europesays.com\/fi\/wp-json\/wp\/v2\/categories?post=320808"},{"taxonomy":"post_tag","embeddable":true,"href":"https:\/\/www.europesays.com\/fi\/wp-json\/wp\/v2\/tags?post=320808"}],"curies":[{"name":"wp","href":"https:\/\/api.w.org\/{rel}","templated":true}]}}