{"id":320932,"date":"2026-08-09T16:43:16","date_gmt":"2026-08-09T16:43:16","guid":{"rendered":"https:\/\/www.europesays.com\/fi\/320932\/"},"modified":"2026-08-09T16:43:16","modified_gmt":"2026-08-09T16:43:16","slug":"meghan-kaytti-tiaraa-syntymapaivillaan-raivo-repesi","status":"publish","type":"post","link":"https:\/\/www.europesays.com\/fi\/320932\/","title":{"rendered":"Meghan k\u00e4ytti tiaraa syntym\u00e4p\u00e4ivill\u00e4\u00e4n \u2013 Raivo repesi"},"content":{"rendered":"<p>Meghanin k\u00e4ytt\u00e4m\u00e4 syntym\u00e4p\u00e4iv\u00e4tiara oli monille liikaa.<\/p>\n<p><img decoding=\"async\" class=\"image image-show image-preview\" src=\"https:\/\/www.europesays.com\/fi\/wp-content\/uploads\/2026\/08\/74b27e8eae016c9e998fc7353e2d808640e76ee6eef8720716da90ff0668e3e2.jpg\" alt=\"\"\/><img decoding=\"async\" class=\"image image-show\" src=\"https:\/\/www.europesays.com\/fi\/wp-content\/uploads\/2026\/08\/1786293796_717_74b27e8eae016c9e998fc7353e2d808640e76ee6eef8720716da90ff0668e3e2.jpg\" alt=\"\"\/><\/p>\n<p>Meghan t\u00e4ytti 45 vuotta 4. elokuuta. AOP<\/p>\n<p class=\"paragraph\">Herttuatar <a href=\"https:\/\/www.iltalehti.fi\/henkilot\/Meghan, Sussexin herttuatar\" class=\"article-link-person-page\" rel=\"nofollow noopener\" target=\"_blank\">Meghan<\/a> on joutunut rajun kritiikin kohteeksi syntym\u00e4p\u00e4iv\u00e4juhliensa my\u00f6t\u00e4, kertoo <a href=\"https:\/\/radaronline.com\/p\/meghan-markle-45th-birthday-tiara-like-a-queen\/\" target=\"_blank\" rel=\"noopener nofollow\">RadarOnline<\/a>.<\/p>\n<p class=\"paragraph\">Meghan juhlisti 45-vuotisp\u00e4iv\u00e4\u00e4ns\u00e4 4. elokuuta. Sen kunniaksi h\u00e4n julkaisi kotonaan Kalifornian Montecitossa otettuja kuvia ja videoita syntym\u00e4p\u00e4iv\u00e4juhlistaan.<\/p>\n<p class=\"paragraph\">Er\u00e4\u00e4ss\u00e4 Instagram-tarinassa julkaistussa videossa n\u00e4hd\u00e4\u00e4n, kuinka Meghan tanssahtelee leikkis\u00e4sti keitti\u00f6ss\u00e4 p\u00e4\u00e4ss\u00e4\u00e4n kimaltava syntym\u00e4p\u00e4iv\u00e4tiara. Kameran takana oleva prinssi <a href=\"https:\/\/www.iltalehti.fi\/henkilot\/Harry\" class=\"article-link-person-page\" rel=\"nofollow noopener\" target=\"_blank\">Harry<\/a> nauraa ja toteaa leikkis\u00e4sti:<\/p>\n<p class=\"paragraph\">\u2013 Voi hyv\u00e4nen aika.<\/p>\n<p class=\"paragraph\">Hyv\u00e4ntuulinen juhlatunnelma sai kuitenkin nopeasti kriittisen vastaanoton. Julkaisut her\u00e4ttiv\u00e4t X:ss\u00e4 vilkasta keskustelua, ja osa kommentoijista arvosteli herttuattaren syntym\u00e4p\u00e4iv\u00e4p\u00e4ivityksi\u00e4 poikkeuksellisen kovin sanank\u00e4\u00e4ntein.<\/p>\n<p class=\"paragraph\">\u2013 Ihan oikeasti? Luulin t\u00e4m\u00e4n olevan feikki. Jotkut asiat on parempi j\u00e4tt\u00e4\u00e4 omaan puhelimeen kuin julkaista koko maailman n\u00e4ht\u00e4v\u00e4ksi. Meghan Marklen t\u00e4ytyy olla maailman rasittavin ihminen, jonka kanssa el\u00e4\u00e4, er\u00e4s kirjoitti.<\/p>\n<p class=\"paragraph\">\u2013 H\u00e4nen pit\u00e4isi h\u00e4vet\u00e4, mutta h\u00e4n ei h\u00e4pe\u00e4, toinen kommentoi.<\/p>\n<p class=\"paragraph\">\u2013 H\u00e4n on t\u00e4ysin kykenem\u00e4t\u00f6n tuntemaan h\u00e4pe\u00e4\u00e4.<\/p>\n<p class=\"paragraph\">\u2013 H\u00e4n k\u00e4ytt\u00e4ytyy kuin 12-vuotias.<\/p>\n<p class=\"paragraph\">Meghanin k\u00e4ytt\u00e4m\u00e4 tiara nousi monien k\u00e4ytt\u00e4jien huomion kohteeksi ja kirvoitti runsaasti kritiikki\u00e4.<\/p>\n<p class=\"paragraph\">\u2013 Hah, paperitiara p\u00e4\u00e4ss\u00e4, koska h\u00e4n ei en\u00e4\u00e4 koskaan p\u00e4\u00e4se k\u00e4ytt\u00e4m\u00e4\u00e4n oikeaa.<\/p>\n<p class=\"paragraph\">\u2013 Edelleen t\u00e4m\u00e4 \u00e4rsytt\u00e4v\u00e4 kakara k\u00e4ytt\u00e4\u00e4 muovitiaraa ja vaatii, ett\u00e4 h\u00e4nt\u00e4 kohdellaan kuninkaallisena.<\/p>\n<p class=\"paragraph\">L\u00e4hde l\u00e4hipiirist\u00e4 kertoi, ett\u00e4 videoiden tarkoituksena oli n\u00e4ytt\u00e4\u00e4 seuraajille rentoa perhejuhlaa, mutta ne my\u00f6s jakoivat odotetusti mielipiteit\u00e4.<\/p>\n<p class=\"paragraph\">\u2013 Videot julkaistiin, jotta seuraajat saisivat n\u00e4hd\u00e4 rennon syntym\u00e4p\u00e4iv\u00e4nvieton kotona, mutta kaikki, mit\u00e4 Meghan julkaisee, joutuu valtavan tarkastelun kohteeksi. Osa katsojista piti tiaraa hauskana syntym\u00e4p\u00e4iv\u00e4asusteena, kun taas toiset tulkitsivat sen eri tavalla h\u00e4nen kuninkaallisen taustansa \u2013 tai pikemminkin sen puuttumisen vuoksi.<\/p>\n<p class=\"paragraph\">Meghan ja Harry vet\u00e4ytyiv\u00e4t virallisista kuninkaallisista teht\u00e4vist\u00e4\u00e4n vuonna 2020.<\/p>\n","protected":false},"excerpt":{"rendered":"Meghanin k\u00e4ytt\u00e4m\u00e4 syntym\u00e4p\u00e4iv\u00e4tiara oli monille liikaa. Meghan t\u00e4ytti 45 vuotta 4. elokuuta. AOP Herttuatar Meghan on joutunut rajun&hellip;\n","protected":false},"author":2,"featured_media":320933,"comment_status":"","ping_status":"","sticky":false,"template":"","format":"standard","meta":{"footnotes":"","_share_on_mastodon":"0"},"categories":[130],"tags":[35,654,137,33,31,30,101,653,652,98,32,109],"class_list":["post-320932","post","type-post","status-publish","format-standard","has-post-thumbnail","category-viihde","tag-24h","tag-britannian-kuningashuone","tag-entertainment","tag-fi","tag-finland","tag-finnish","tag-ihmissuhteet","tag-julkkisperheet","tag-kuninkaalliset","tag-perhe","tag-suomi","tag-viihde"],"share_on_mastodon":{"url":"https:\/\/pubeurope.com\/@fi\/117066557823417649","error":""},"_links":{"self":[{"href":"https:\/\/www.europesays.com\/fi\/wp-json\/wp\/v2\/posts\/320932","targetHints":{"allow":["GET"]}}],"collection":[{"href":"https:\/\/www.europesays.com\/fi\/wp-json\/wp\/v2\/posts"}],"about":[{"href":"https:\/\/www.europesays.com\/fi\/wp-json\/wp\/v2\/types\/post"}],"author":[{"embeddable":true,"href":"https:\/\/www.europesays.com\/fi\/wp-json\/wp\/v2\/users\/2"}],"replies":[{"embeddable":true,"href":"https:\/\/www.europesays.com\/fi\/wp-json\/wp\/v2\/comments?post=320932"}],"version-history":[{"count":0,"href":"https:\/\/www.europesays.com\/fi\/wp-json\/wp\/v2\/posts\/320932\/revisions"}],"wp:featuredmedia":[{"embeddable":true,"href":"https:\/\/www.europesays.com\/fi\/wp-json\/wp\/v2\/media\/320933"}],"wp:attachment":[{"href":"https:\/\/www.europesays.com\/fi\/wp-json\/wp\/v2\/media?parent=320932"}],"wp:term":[{"taxonomy":"category","embeddable":true,"href":"https:\/\/www.europesays.com\/fi\/wp-json\/wp\/v2\/categories?post=320932"},{"taxonomy":"post_tag","embeddable":true,"href":"https:\/\/www.europesays.com\/fi\/wp-json\/wp\/v2\/tags?post=320932"}],"curies":[{"name":"wp","href":"https:\/\/api.w.org\/{rel}","templated":true}]}}