{"id":320996,"date":"2026-08-09T18:30:27","date_gmt":"2026-08-09T18:30:27","guid":{"rendered":"https:\/\/www.europesays.com\/fi\/320996\/"},"modified":"2026-08-09T18:30:27","modified_gmt":"2026-08-09T18:30:27","slug":"nuoret-haluavat-nyt-kirveella-veistettyja-ysariautoja-18-vuotiaan-eeliksen-ford-fiesta-on-tuunattu-sisalta-taysin-uusiksi","status":"publish","type":"post","link":"https:\/\/www.europesays.com\/fi\/320996\/","title":{"rendered":"Nuoret ha\u00adlua\u00advat nyt kir\u00adveel\u00adl\u00e4 veis\u00adtet\u00adty\u00adj\u00e4 ys\u00e4\u00adriau\u00adto\u00adja: 18-vuotiaan Eeliksen Ford Fiesta on tuu\u00adnat\u00adtu sis\u00e4lt\u00e4 t\u00e4ysin uusiksi"},"content":{"rendered":"<p class=\"faktanvinjetti\">Viisi nostoa artikkelista<\/p>\n<p class=\"fakta\">Nuoret autoharrastajat ovat innostuneet 1980- ja 1990-luvun autoista.<\/p>\n<p class=\"fakta\">Eelis Manninen on tuunannut vuoden 1990 Ford Fiestaansa sis\u00e4lt\u00e4 t\u00e4ysin uusiksi, ja autoon on mennyt satoja ty\u00f6tunteja ja euroja.<\/p>\n<p class=\"fakta\">Autossa on muun muassa hydraulinen k\u00e4sijarru ja Marimekon Unikko-kuosia verhoilussa.<\/p>\n<p class=\"fakta\">Osa harrastajista vie autonsa museorekisteriin. <\/p>\n<p class=\"fakta\">Museoajoneuvossa valmistusvuoden p\u00e4\u00e4ttymisest\u00e4 on pit\u00e4nyt kulua v\u00e4hint\u00e4\u00e4n 30 vuotta.<\/p>\n<p class=\"faktanviite\">Tiivistelm\u00e4n teossa on hy\u00f6dynnetty teko\u00e4ly\u00e4, mutta sen on tarkastanut toimittaja.<\/p>\n","protected":false},"excerpt":{"rendered":"Viisi nostoa artikkelista Nuoret autoharrastajat ovat innostuneet 1980- ja 1990-luvun autoista. Eelis Manninen on tuunannut vuoden 1990 Ford&hellip;\n","protected":false},"author":2,"featured_media":320997,"comment_status":"","ping_status":"","sticky":false,"template":"","format":"standard","meta":{"footnotes":"","_share_on_mastodon":"0"},"categories":[76],"tags":[648,79,77,8620,33,31,30,478,440,795,814,32,78],"class_list":["post-320996","post","type-post","status-publish","format-standard","has-post-thumbnail","category-talous","tag-autot","tag-business","tag-economy","tag-elamantapa","tag-fi","tag-finland","tag-finnish","tag-harrastukset","tag-ihmiset","tag-ilmiot","tag-nuoret","tag-suomi","tag-talous"],"share_on_mastodon":{"url":"https:\/\/pubeurope.com\/@fi\/117066978109874101","error":""},"_links":{"self":[{"href":"https:\/\/www.europesays.com\/fi\/wp-json\/wp\/v2\/posts\/320996","targetHints":{"allow":["GET"]}}],"collection":[{"href":"https:\/\/www.europesays.com\/fi\/wp-json\/wp\/v2\/posts"}],"about":[{"href":"https:\/\/www.europesays.com\/fi\/wp-json\/wp\/v2\/types\/post"}],"author":[{"embeddable":true,"href":"https:\/\/www.europesays.com\/fi\/wp-json\/wp\/v2\/users\/2"}],"replies":[{"embeddable":true,"href":"https:\/\/www.europesays.com\/fi\/wp-json\/wp\/v2\/comments?post=320996"}],"version-history":[{"count":0,"href":"https:\/\/www.europesays.com\/fi\/wp-json\/wp\/v2\/posts\/320996\/revisions"}],"wp:featuredmedia":[{"embeddable":true,"href":"https:\/\/www.europesays.com\/fi\/wp-json\/wp\/v2\/media\/320997"}],"wp:attachment":[{"href":"https:\/\/www.europesays.com\/fi\/wp-json\/wp\/v2\/media?parent=320996"}],"wp:term":[{"taxonomy":"category","embeddable":true,"href":"https:\/\/www.europesays.com\/fi\/wp-json\/wp\/v2\/categories?post=320996"},{"taxonomy":"post_tag","embeddable":true,"href":"https:\/\/www.europesays.com\/fi\/wp-json\/wp\/v2\/tags?post=320996"}],"curies":[{"name":"wp","href":"https:\/\/api.w.org\/{rel}","templated":true}]}}