{"id":321058,"date":"2026-08-09T20:39:13","date_gmt":"2026-08-09T20:39:13","guid":{"rendered":"https:\/\/www.europesays.com\/fi\/321058\/"},"modified":"2026-08-09T20:39:13","modified_gmt":"2026-08-09T20:39:13","slug":"jopa-60-tahdenlentoa-tunnissa-perseidien-huippu-osuu-ensi-viikkoon-paikalliset","status":"publish","type":"post","link":"https:\/\/www.europesays.com\/fi\/321058\/","title":{"rendered":"Jopa 60 t\u00e4hdenlentoa tunnissa: perseidien huippu osuu ensi viikkoon | Paikalliset"},"content":{"rendered":"<p>Perseidien t\u00e4hdenlentoparvi n\u00e4kyy j\u00e4lleen elokuisella taivaalla. Meteoreja voi havaita 24. elokuuta saakka, mutta parhaat havainto-olosuhteet osuvat Ursan mukaan maanantaista perjantaihin 10.\u201314. elokuuta.<\/p>\n<p>T\u00e4htitieteellinen yhdistys Ursa kertoo tiedotteessaan, ett\u00e4 perseidej\u00e4 n\u00e4kyy runsaimmin torstain vastaisena aamuy\u00f6n\u00e4 13. elokuuta. Tuolloin taivaalla saattaa vilahtaa jopa 60 t\u00e4hdenlentoa tunnissa.<\/p>\n<p>T\u00e4n\u00e4 vuonna havaintoja helpottaa se, ettei Kuun valo juuri h\u00e4iritse perseidien n\u00e4kymist\u00e4.<\/p>\n<p><strong class=\"diks-storyline__impact\">S\u00e4\u00e4nn\u00f6lliset<\/strong> meteoriparvet, kuten perseidit, johtuvat Ursan mukaan pyrst\u00f6t\u00e4htien eli komeettojen ytimest\u00e4 ironneista murusista ja p\u00f6lyst\u00e4, joita komeetat j\u00e4tt\u00e4v\u00e4t j\u00e4lkeens\u00e4 kiert\u00e4ess\u00e4\u00e4n Aurinkoa. Perseidit aiheuttaa pyrst\u00f6t\u00e4hti nimelt\u00e4 109\/P Swift-Tuttle, joka kiert\u00e4\u00e4 Auringon kerran 133 vuodessa.<\/p>\n<p>Perseidit ovat saaneet nimens\u00e4 siit\u00e4, ett\u00e4 meteorit tulevat Perseuksen t\u00e4htikuvion suunnalta. Ursa kertoo, ett\u00e4 elokuussa Perseus on taivaalla korkeimmillaan aamuy\u00f6ll\u00e4, mink\u00e4 vuoksi perseidej\u00e4 n\u00e4kyy eniten juuri silloin.<\/p>\n<p>Perseus on auringon laskiessa koillistaivaalla ja id\u00e4n suunnalla koko y\u00f6n. T\u00e4htikuvion paikkaa ei kuitenkaan tarvitse etsi\u00e4, sill\u00e4 t\u00e4hdenlentoja n\u00e4kyy kaikkialla taivaalla, Ursa muistuttaa.<\/p>\n<p><strong class=\"diks-storyline__impact\">Meteorien<\/strong> havaitseminen on sit\u00e4 helpompaa, mit\u00e4 pime\u00e4mpi taivas on, ja mit\u00e4 v\u00e4hemm\u00e4n on pilvi\u00e4.<\/p>\n<p>\u2013 T\u00e4hdenlentoja on mukavinta havaita sel\u00e4ll\u00e4\u00e4n, vaikkapa makuualustan p\u00e4\u00e4ll\u00e4 maaten. Mit\u00e4 pidemp\u00e4\u00e4n taivasta tarkkailee, sit\u00e4 useampia t\u00e4hdenlentoja enn\u00e4tt\u00e4\u00e4 n\u00e4hd\u00e4, Ursa vinkkaa tiedotteessa.<\/p>\n<p>Jos p\u00e4\u00e4tyy makoilemaan, kannattaa muistaa l\u00e4mmin pukeutuminen, sill\u00e4 y\u00f6t ovat jo viileit\u00e4, yhdistys muistuttaa.<\/p>\n<p>Pimeit\u00e4 havaintopaikkoja voi etsi\u00e4 esimerkiksi <a href=\"https:\/\/www.taivaanvahti.fi\/locations\/browse\/map\" rel=\"nofollow noopener\" target=\"_blank\">Taivaanvahdin Tuhannen t\u00e4hden paikkojen kartalta<\/a>.<\/p>\n","protected":false},"excerpt":{"rendered":"Perseidien t\u00e4hdenlentoparvi n\u00e4kyy j\u00e4lleen elokuisella taivaalla. Meteoreja voi havaita 24. elokuuta saakka, mutta parhaat havainto-olosuhteet osuvat Ursan mukaan&hellip;\n","protected":false},"author":2,"featured_media":321059,"comment_status":"","ping_status":"","sticky":false,"template":"","format":"standard","meta":{"footnotes":"","_share_on_mastodon":"0"},"categories":[112],"tags":[33,31,30,605,5756,710,118,32,779,4842,119,719,538],"class_list":["post-321058","post","type-post","status-publish","format-standard","has-post-thumbnail","category-tiede","tag-fi","tag-finland","tag-finnish","tag-luonnontieteet","tag-pukeutuminen","tag-saa","tag-science","tag-suomi","tag-tahtitiede","tag-taivaankappaleet","tag-tiede","tag-tiede-yleista","tag-tiede-ja-tekniikka"],"share_on_mastodon":{"url":"https:\/\/pubeurope.com\/@fi\/117067485422720127","error":""},"_links":{"self":[{"href":"https:\/\/www.europesays.com\/fi\/wp-json\/wp\/v2\/posts\/321058","targetHints":{"allow":["GET"]}}],"collection":[{"href":"https:\/\/www.europesays.com\/fi\/wp-json\/wp\/v2\/posts"}],"about":[{"href":"https:\/\/www.europesays.com\/fi\/wp-json\/wp\/v2\/types\/post"}],"author":[{"embeddable":true,"href":"https:\/\/www.europesays.com\/fi\/wp-json\/wp\/v2\/users\/2"}],"replies":[{"embeddable":true,"href":"https:\/\/www.europesays.com\/fi\/wp-json\/wp\/v2\/comments?post=321058"}],"version-history":[{"count":0,"href":"https:\/\/www.europesays.com\/fi\/wp-json\/wp\/v2\/posts\/321058\/revisions"}],"wp:featuredmedia":[{"embeddable":true,"href":"https:\/\/www.europesays.com\/fi\/wp-json\/wp\/v2\/media\/321059"}],"wp:attachment":[{"href":"https:\/\/www.europesays.com\/fi\/wp-json\/wp\/v2\/media?parent=321058"}],"wp:term":[{"taxonomy":"category","embeddable":true,"href":"https:\/\/www.europesays.com\/fi\/wp-json\/wp\/v2\/categories?post=321058"},{"taxonomy":"post_tag","embeddable":true,"href":"https:\/\/www.europesays.com\/fi\/wp-json\/wp\/v2\/tags?post=321058"}],"curies":[{"name":"wp","href":"https:\/\/api.w.org\/{rel}","templated":true}]}}