{"id":321060,"date":"2026-08-09T20:40:11","date_gmt":"2026-08-09T20:40:11","guid":{"rendered":"https:\/\/www.europesays.com\/fi\/321060\/"},"modified":"2026-08-09T20:40:11","modified_gmt":"2026-08-09T20:40:11","slug":"venalainen-okypuhelinvalmistaja-caviar-saattoi-vuotaa-seuraavien-iphonejen-tiedot","status":"publish","type":"post","link":"https:\/\/www.europesays.com\/fi\/321060\/","title":{"rendered":"Ven\u00e4l\u00e4inen \u00f6kypuhelinvalmistaja Caviar saattoi vuotaa seuraavien iPhonejen tiedot"},"content":{"rendered":"<p>Ven\u00e4l\u00e4inen luksuspuhelinvalmistaja Caviar on julkaissut verkkosivuillaan omat versionsa viel\u00e4 julkistamattomista iPhone 18 Prosta, iPhone 18 Pro Maxista ja huhutusta iPhone Ultrasta.<\/p>\n<p>Muun muassa kullalla koristelluista \u00f6kypuhelimistaan tutun ven\u00e4l\u00e4isen Caviarin mukaan <a href=\"https:\/\/muropaketti.com\/avainsana\/apple\/\" rel=\"nofollow noopener\" target=\"_blank\">Apple<\/a> j\u00e4rjest\u00e4\u00e4 seuraavan julkaisutilaisuutensa 9. syyskuuta, <a href=\"https:\/\/www.gsmarena.com\/did_caviar_just_spill_the_beans_on_the_iphone_ultra_and_the_iphone_18_pro_design_specs_and_release_d-news-74082.php\" target=\"_blank\" rel=\"noreferrer noopener nofollow\">kertoo GSMArena<\/a>. iPhone 18 Pro -mallien n\u00e4ytt\u00f6koot pysyisiv\u00e4t ennallaan 6,3 ja 6,9 tuumassa, mutta Dynamic Island kutistuisi Face ID -komponenttien siirtyess\u00e4 osittain n\u00e4yt\u00f6n alle. Puhelimiin odotetaan my\u00f6s 2 nanometrin A20 Pro -piiri\u00e4, muuttuvaa aukkoa p\u00e4\u00e4kameraan sek\u00e4 hieman nykyist\u00e4 paksumpaa rakennetta. Akun kapasiteetin kerrotaan olevan jopa 5100\u20135200 mAh.<\/p>\n<p>Huhuttu iPhone Ultra olisi puolestaan Applen ensimm\u00e4inen taittuva puhelin. Caviarin mukaan laite olisi avattuna vain 4,9 millimetri\u00e4 paksu ja k\u00e4ytt\u00e4isi titaanirunkoa sek\u00e4 nestem\u00e4isest\u00e4 metallista valmistettua saranamekanismia.<\/p>\n<p>Sis\u00e4n\u00e4ytt\u00f6 olisi 7,8-tuumainen ja ulkoinen n\u00e4ytt\u00f6 5,3-tuumainen. Molemmat tukisivat 120 hertsin virkistystaajuutta. Laitteeseen v\u00e4itet\u00e4\u00e4n my\u00f6s 12 gigatavua RAM-muistia, kaksi 48 megapikselin takakameraa ja per\u00e4ti 5800 mAh:n akku. Caviarin vuotoon kannattaa kuitenkin varautua isolla varauksella. <\/p>\n","protected":false},"excerpt":{"rendered":"Ven\u00e4l\u00e4inen luksuspuhelinvalmistaja Caviar on julkaissut verkkosivuillaan omat versionsa viel\u00e4 julkistamattomista iPhone 18 Prosta, iPhone 18 Pro Maxista ja&hellip;\n","protected":false},"author":2,"featured_media":321061,"comment_status":"","ping_status":"","sticky":false,"template":"","format":"standard","meta":{"footnotes":"","_share_on_mastodon":"0"},"categories":[84],"tags":[1029,33,31,30,32,91,92],"class_list":["post-321060","post","type-post","status-publish","format-standard","has-post-thumbnail","category-teknologia","tag-apple","tag-fi","tag-finland","tag-finnish","tag-suomi","tag-technology","tag-teknologia"],"share_on_mastodon":{"url":"https:\/\/pubeurope.com\/@fi\/117067489595278398","error":""},"_links":{"self":[{"href":"https:\/\/www.europesays.com\/fi\/wp-json\/wp\/v2\/posts\/321060","targetHints":{"allow":["GET"]}}],"collection":[{"href":"https:\/\/www.europesays.com\/fi\/wp-json\/wp\/v2\/posts"}],"about":[{"href":"https:\/\/www.europesays.com\/fi\/wp-json\/wp\/v2\/types\/post"}],"author":[{"embeddable":true,"href":"https:\/\/www.europesays.com\/fi\/wp-json\/wp\/v2\/users\/2"}],"replies":[{"embeddable":true,"href":"https:\/\/www.europesays.com\/fi\/wp-json\/wp\/v2\/comments?post=321060"}],"version-history":[{"count":0,"href":"https:\/\/www.europesays.com\/fi\/wp-json\/wp\/v2\/posts\/321060\/revisions"}],"wp:featuredmedia":[{"embeddable":true,"href":"https:\/\/www.europesays.com\/fi\/wp-json\/wp\/v2\/media\/321061"}],"wp:attachment":[{"href":"https:\/\/www.europesays.com\/fi\/wp-json\/wp\/v2\/media?parent=321060"}],"wp:term":[{"taxonomy":"category","embeddable":true,"href":"https:\/\/www.europesays.com\/fi\/wp-json\/wp\/v2\/categories?post=321060"},{"taxonomy":"post_tag","embeddable":true,"href":"https:\/\/www.europesays.com\/fi\/wp-json\/wp\/v2\/tags?post=321060"}],"curies":[{"name":"wp","href":"https:\/\/api.w.org\/{rel}","templated":true}]}}