{"id":321531,"date":"2026-08-10T12:04:13","date_gmt":"2026-08-10T12:04:13","guid":{"rendered":"https:\/\/www.europesays.com\/fi\/321531\/"},"modified":"2026-08-10T12:04:13","modified_gmt":"2026-08-10T12:04:13","slug":"lotta-kemppinen-karsi-epareilusta-saannosta-em-kisoissa-savaytti-silti-ai-etta-tama-tuntuu-hyvalta-yleisurheilun-em-2026","status":"publish","type":"post","link":"https:\/\/www.europesays.com\/fi\/321531\/","title":{"rendered":"Lotta Kemppinen k\u00e4rsi \u201dep\u00e4reilusta\u201d s\u00e4\u00e4nn\u00f6st\u00e4 EM-kisoissa \u2013 s\u00e4v\u00e4ytti silti: \u201dAi ett\u00e4, t\u00e4m\u00e4 tuntuu hyv\u00e4lt\u00e4\u201d | Yleisurheilun EM 2026"},"content":{"rendered":"<p class=\"aw__sc-1qwuw0s-0 aw__sc-1vg2sqm-0 epAWpq ecELkD yle__article__paragraph\">Lotta Kemppinen p\u00e4\u00e4si v\u00e4lieriin 100 metrill\u00e4 yleisurheilun EM-kisoissa, vaikka muut hy\u00f6tyiv\u00e4t uudesta s\u00e4\u00e4nn\u00f6st\u00e4 merkitt\u00e4v\u00e4sti.<\/p>\n<p>14:01\u2022P\u00e4ivitetty 14:13<\/p>\n<p class=\"aw__sc-1qwuw0s-0 aw__sc-ngllmo-0 epAWpq fzYpjk yle__article__paragraph\">Yleisurheilun EM-kisat Ylen kanavilla 10.\u201316.8. <a class=\"aw__sc-ngllmo-1 bTDnwX yle__article__link\" href=\"https:\/\/yle.fi\/a\/74-20235083\" role=\"link\" rel=\"nofollow noopener\" target=\"_blank\">Katso kisojen aikataulu ja l\u00e4hetystiedot.<\/a><\/p>\n<p class=\"aw__sc-1qwuw0s-0 aw__sc-ngllmo-0 epAWpq fzYpjk yle__article__paragraph\"><strong class=\"aw__sc-ngllmo-2 gdRrun yle__article__strong\">Lotta Kemppinen<\/strong> juoksi yleisurheilun EM-kisoissa v\u00e4lieriin yhdeks\u00e4nneksi nopeimmalla ajalla 11,25. Se on Kemppisen kauden paras.<\/p>\n<p class=\"aw__sc-1qwuw0s-0 aw__sc-ngllmo-0 epAWpq fzYpjk yle__article__paragraph\">Kemppinen eteni jatkoon, vaikka h\u00e4nen alkuer\u00e4ss\u00e4\u00e4n olivat nollatuulet ja muissa eriss\u00e4 oli selv\u00e4sti my\u00f6t\u00e4tuulta. Muissa alkueriss\u00e4 my\u00f6t\u00e4tuulta oli 3,2 metri\u00e4 sekunnissa ja 1,8 metri\u00e4 sekunnissa.<\/p>\n<p class=\"aw__sc-1qwuw0s-0 aw__sc-ngllmo-0 epAWpq fzYpjk yle__article__paragraph\">N\u00e4iss\u00e4 EM-kisoissa s\u00e4\u00e4nt\u00f6n\u00e4 on, ett\u00e4 jatkoon menn\u00e4\u00e4n puhtaasti aikaerojen perusteella, eik\u00e4 kukaan p\u00e4\u00e4se suoraan jatkoon er\u00e4ns\u00e4 voittamalla tai er\u00e4ns\u00e4 toisena. Kemppinen oli toinen er\u00e4ss\u00e4\u00e4n.<\/p>\n<p class=\"aw__sc-1qwuw0s-0 aw__sc-ngllmo-0 epAWpq fzYpjk yle__article__paragraph\">Ylen yleisurheiluasiantuntija <strong class=\"aw__sc-ngllmo-2 gdRrun yle__article__strong\">Tuomas Raja<\/strong> arvioi, ett\u00e4 Kemppinen k\u00e4rsi merkitt\u00e4v\u00e4sti s\u00e4\u00e4nn\u00f6st\u00e4.<\/p>\n<p class=\"aw__sc-1qwuw0s-0 aw__sc-ngllmo-0 epAWpq fzYpjk yle__article__paragraph\">\u2013 On hyvin merkitt\u00e4v\u00e4 ero nollatuulen ja kolmen metrin my\u00f6t\u00e4tuulen v\u00e4lill\u00e4. Puhutaan useista kymmenyksist\u00e4. Se on ikuisuus 100 metrill\u00e4. Uskon, ett\u00e4 t\u00e4t\u00e4 s\u00e4\u00e4nt\u00f6\u00e4 tullaan vakavasti punnitsemaan, onko se oikeudenmukainen. Lottaa ei se kuitenkaan nyt haitannut, Raja sanoi.<\/p>\n<p class=\"aw__sc-1qwuw0s-0 aw__sc-ngllmo-0 epAWpq fzYpjk yle__article__paragraph\">Kemppisest\u00e4 tuntui hyv\u00e4lt\u00e4, koska h\u00e4n paransi kauden parasta aikaansa 100 metrill\u00e4 viidell\u00e4toista sadasosalla.<\/p>\n<p class=\"aw__sc-1qwuw0s-0 aw__sc-ngllmo-0 epAWpq fzYpjk yle__article__paragraph\">Kemppinen kertoi, ett\u00e4 h\u00e4nell\u00e4 on ollut huono tuuri tuulien suhteen aiemminkin arvokisoissa.<\/p>\n<p class=\"aw__sc-1qwuw0s-0 aw__sc-ngllmo-0 epAWpq fzYpjk yle__article__paragraph\">\u2013 Nyt se jatkui. Muilla oli t\u00e4ydelliset olosuhteet. Ai ett\u00e4, t\u00e4m\u00e4 tuntuu hyv\u00e4lt\u00e4, Kemppinen sanoo.<\/p>\n<p class=\"aw__sc-1qwuw0s-0 aw__sc-ngllmo-0 epAWpq fzYpjk yle__article__paragraph\">Kemppinen arvioi, ett\u00e4 t\u00e4ydellisiss\u00e4 tuulissa h\u00e4n pystyisi juoksemaan alle 11,10:n.<\/p>\n<p class=\"aw__sc-1qwuw0s-0 aw__sc-ngllmo-0 epAWpq fzYpjk yle__article__paragraph\">\u2013 Tuo oli hyv\u00e4 juoksu, Kemppinen sanoi.<\/p>\n<p class=\"aw__sc-1qwuw0s-0 aw__sc-ngllmo-0 epAWpq fzYpjk yle__article__paragraph\">Kemppinen my\u00f6nsi, ett\u00e4 nykyinen s\u00e4\u00e4nt\u00f6 ei ole reilu.<\/p>\n<p class=\"aw__sc-1qwuw0s-0 aw__sc-ngllmo-0 epAWpq fzYpjk yle__article__paragraph\">\u2013 Tykk\u00e4\u00e4n hallissa kisata. Siell\u00e4 ei tuule. Se on tasapuolista. Ulkona ollaan tuulien varassa. Kun on tosi tasaista, tuulista tulee isot erot, vuonna 2021 EM-hallihopeaa 60 metrill\u00e4 ottanut Kemppinen kuvaili.<\/p>\n<p>Lotta Kemppinen: \u201dS\u00e4\u00e4nt\u00f6 ei ole reilu\u201d<\/p>\n<p class=\"aw__sc-1qwuw0s-0 aw__sc-ngllmo-0 epAWpq fzYpjk yle__article__paragraph\">Suomalainen l\u00e4htee juoksemaan finaalipaikasta maanantai-iltana.<\/p>\n<p class=\"aw__sc-1qwuw0s-0 aw__sc-ngllmo-0 epAWpq fzYpjk yle__article__paragraph\">\u2013 Sit\u00e4 ei pedattu minulle. Minulle ei pedattu edes v\u00e4lier\u00e4paikkaa. Nautin kyll\u00e4 arvokisajuoksemisesta. Se vaan n\u00e4kyy suorittamisessa. Olen k\u00e4yt\u00e4nn\u00f6ss\u00e4 aina juossut arvokisoissa kauden parasta, Kemppinen tunnelmoi.<\/p>\n<p class=\"aw__sc-1qwuw0s-0 aw__sc-ngllmo-0 epAWpq fzYpjk yle__article__paragraph\">Naisten 100 metrin v\u00e4lier\u00e4t kisataan kello 22.10 alkaen.<\/p>\n<p>Naisten 100 metri\u00e4, alkuer\u00e4t<\/p>\n<p class=\"aw__sc-1qwuw0s-0 aw__sc-ngllmo-0 epAWpq fzYpjk yle__article__paragraph\">Er\u00e4 1<\/p>\n<p class=\"aw__sc-1qwuw0s-0 aw__sc-ngllmo-0 epAWpq fzYpjk yle__article__paragraph\"><strong class=\"aw__sc-ngllmo-2 gdRrun yle__article__strong\">1. Boglarka Takacs HUN 10,93<br \/>2. Imani Lansiquot GBR 10,99<br \/>3. Maria Perez ESP 11,11<br \/>4. Arialis Gandulla POR 11,18<br \/>5. Ciara Neville IRL 11,29<\/strong><br \/>6. Viktoria Forster SVK 11,51<br \/>7. Charlotte Peat GIB 12,71<br \/>8. Zala Istenic SLO dq<\/p>\n<p class=\"aw__sc-1qwuw0s-0 aw__sc-ngllmo-0 epAWpq fzYpjk yle__article__paragraph\">Tuuli +3,2 m\/s<\/p>\n<p class=\"aw__sc-1qwuw0s-0 aw__sc-ngllmo-0 epAWpq fzYpjk yle__article__paragraph\">Er\u00e4 2<\/p>\n<p class=\"aw__sc-1qwuw0s-0 aw__sc-ngllmo-0 epAWpq fzYpjk yle__article__paragraph\"><strong class=\"aw__sc-ngllmo-2 gdRrun yle__article__strong\">1. Rani Rosius BEL 11,17 SB<br \/>2. Lotta Kemppinen FIN 11,25 SB<br \/>3. Natasha Kouni SUI 11,31<\/strong><br \/>4. Polyniki Emmanouilidou GRE 11,31<br \/>5. Ann Marii Kivikas EST 11,35 NR<br \/>6. Chelsea Kadiri GER 11,47<br \/>7. Isabel Posch AUT 11,48<br \/>8. Alessandra Gasparelli SMR 11,60<\/p>\n<p class=\"aw__sc-1qwuw0s-0 aw__sc-ngllmo-0 epAWpq fzYpjk yle__article__paragraph\">Tuuli 0,0 m\/s<\/p>\n<p class=\"aw__sc-1qwuw0s-0 aw__sc-ngllmo-0 epAWpq fzYpjk yle__article__paragraph\">Er\u00e4 3<\/p>\n<p class=\"aw__sc-1qwuw0s-0 aw__sc-ngllmo-0 epAWpq fzYpjk yle__article__paragraph\"><strong class=\"aw__sc-ngllmo-2 gdRrun yle__article__strong\">1. Delphine Nkansa BEL 11,07 PB<br \/>2. Salome Kora SUI 11,19<br \/>3. Gloria Hooper ITA 11,24 PB<br \/>4. Krystina Tsimanouskaya POL 11,30<\/strong><br \/>5. Magdalena Lindner AUT 11,32<br \/>6. Lauren Roy IRL 11,32<br \/>7. Rafailia Spanoudaki-C. GRE 11,42<br \/>8. Claire Azzopardi MLT 11,88<\/p>\n<p class=\"aw__sc-1qwuw0s-0 aw__sc-ngllmo-0 epAWpq fzYpjk yle__article__paragraph\">Tuuli +1,8 m\/s<\/p>\n<p class=\"aw__sc-1qwuw0s-0 aw__sc-ngllmo-0 epAWpq fzYpjk yle__article__paragraph\">Lihavoidut nimet jatkoon.<br \/>Erien aikavertailussa 12 nopeinta selviytyi illan v\u00e4lieriin, jonne rankingin 12 parasta on jo varmistanut paikkansa.<\/p>\n","protected":false},"excerpt":{"rendered":"Lotta Kemppinen p\u00e4\u00e4si v\u00e4lieriin 100 metrill\u00e4 yleisurheilun EM-kisoissa, vaikka muut hy\u00f6tyiv\u00e4t uudesta s\u00e4\u00e4nn\u00f6st\u00e4 merkitt\u00e4v\u00e4sti. 14:01\u2022P\u00e4ivitetty 14:13 Yleisurheilun EM-kisat&hellip;\n","protected":false},"author":2,"featured_media":321532,"comment_status":"","ping_status":"","sticky":false,"template":"","format":"standard","meta":{"footnotes":"","_share_on_mastodon":"0"},"categories":[158],"tags":[10684,33,31,30,3914,2817,159,32,160,162,40262,13615],"class_list":["post-321531","post","type-post","status-publish","format-standard","has-post-thumbnail","category-urheilu","tag-100-metrin-juoksu","tag-fi","tag-finland","tag-finnish","tag-juoksu","tag-lotta-kemppinen","tag-sports","tag-suomi","tag-urheilu","tag-yleisurheilu","tag-yleisurheilun-em-2026","tag-yleisurheilun-em-kilpailut"],"share_on_mastodon":{"url":"https:\/\/pubeurope.com\/@fi\/117071122722069565","error":""},"_links":{"self":[{"href":"https:\/\/www.europesays.com\/fi\/wp-json\/wp\/v2\/posts\/321531","targetHints":{"allow":["GET"]}}],"collection":[{"href":"https:\/\/www.europesays.com\/fi\/wp-json\/wp\/v2\/posts"}],"about":[{"href":"https:\/\/www.europesays.com\/fi\/wp-json\/wp\/v2\/types\/post"}],"author":[{"embeddable":true,"href":"https:\/\/www.europesays.com\/fi\/wp-json\/wp\/v2\/users\/2"}],"replies":[{"embeddable":true,"href":"https:\/\/www.europesays.com\/fi\/wp-json\/wp\/v2\/comments?post=321531"}],"version-history":[{"count":0,"href":"https:\/\/www.europesays.com\/fi\/wp-json\/wp\/v2\/posts\/321531\/revisions"}],"wp:featuredmedia":[{"embeddable":true,"href":"https:\/\/www.europesays.com\/fi\/wp-json\/wp\/v2\/media\/321532"}],"wp:attachment":[{"href":"https:\/\/www.europesays.com\/fi\/wp-json\/wp\/v2\/media?parent=321531"}],"wp:term":[{"taxonomy":"category","embeddable":true,"href":"https:\/\/www.europesays.com\/fi\/wp-json\/wp\/v2\/categories?post=321531"},{"taxonomy":"post_tag","embeddable":true,"href":"https:\/\/www.europesays.com\/fi\/wp-json\/wp\/v2\/tags?post=321531"}],"curies":[{"name":"wp","href":"https:\/\/api.w.org\/{rel}","templated":true}]}}