{"id":321699,"date":"2026-08-10T16:48:13","date_gmt":"2026-08-10T16:48:13","guid":{"rendered":"https:\/\/www.europesays.com\/fi\/321699\/"},"modified":"2026-08-10T16:48:13","modified_gmt":"2026-08-10T16:48:13","slug":"janne-katajan-ja-kristan-babyshower-video-paljastaa-vauvan-sukupuolen","status":"publish","type":"post","link":"https:\/\/www.europesays.com\/fi\/321699\/","title":{"rendered":"Janne Katajan ja Kristan babyshower-video paljastaa vauvan sukupuolen"},"content":{"rendered":"<p>\n            20250811, Helsinki. Maikkarin ohjelmien yhteispressi. Masked Singer. Kuvassa Janne Kataja. Timo Korhonen \/ All Over Press<br \/>\n            Timo Korhonen\n        <\/p>\n<p class=\"subtitle \">Janne Katajan puolison Kristan julkaisema babyshower-video paljasti Katajien perheen tulokkaan sukupuolen.<\/p>\n<p class=\"article-content article-content-width !bg-background\">Median monitoimimies , 46, puoliso , 32, jakoi sunnuntaina (9.8.) Instagramissa iloisen videon babyshowereistaan, josta k\u00e4y ilmi Katajien perheen lapsen sukupuoli.\u00a0<\/p>\n<p class=\"font-weight-bold m-font-weight-bold article-content article-content-width !bg-background\">Video: TIS-Jonin ja Jonnan vinkit taaperoarkeen<\/p>\n<p class=\"article-content article-content-width !bg-background\">Videolla n\u00e4kyy Kristan babyshowereiden\u00a0kirjaintaulu, jossa lukee &#8221;KRISTA BABY SHOWER 9.8.2026&#8221;.\u00a0<\/p>\n<p class=\"article-content article-content-width !bg-background\">Videolla n\u00e4kyy tyypillisi\u00e4 babyshower-aktiviteetteja, kuten vaippakakun kokoamista, kakkuja, jotka on koristeltu sinisin ja liiloin konfetein ja ikuistetaan raskaana olevan Kristan vatsa kipsivaluksi.<\/p>\n<p class=\"article-content article-content-width !bg-background\">My\u00f6s tunnelma on herkk\u00e4, kun sek\u00e4 tuleva \u00e4iti ett\u00e4 yst\u00e4v\u00e4t herkistyv\u00e4t kutsuilla.\u00a0\u00a0<\/p>\n<p>        <a itemprop=\"url\" href=\"https:\/\/www.seiska.fi\/kotimaa\/uskomattoman-kaunis-morsian-janne-kataja-meni-naimisiin-herkka-kuva-julki\/2139748\" rel=\"nofollow noopener\" target=\"_blank\"><\/p>\n<p>\nJanne Kataja naimisiin\n<\/p>\n<p class=\"section-date\">\n        <strong class=\"article-section\" data-section=\"kotimaa\"><br \/>\n            kotimaa<br \/>\n        <\/strong><br \/>\n        29.4. 15:00\n    <\/p>\n<p>Uskomattoman kaunis morsian! Janne Kataja meni naimisiin \u2013 herkk\u00e4 kuva julki\n    <\/p>\n<p itemprop=\"description\" class=\"subtitle \">\n    Median monitoimimies kertoi ilouutisesta iloisella yhteiskuvalla.\n<\/p>\n<p>        <\/a><\/p>\n<p> Sininen vihje pomppasi silmille <\/p>\n<p class=\"article-content article-content-width !bg-background\"> Varsinainen paljastus n\u00e4kyy videon loppupuolella.\u00a0<\/p>\n<p class=\"article-content article-content-width !bg-background\">Taustasein\u00e4ll\u00e4 komeilevat keltaiset folioilmapallot, joista erottuu sana &#8221;boy&#8221;, eli suomeksi poika.\u00a0<\/p>\n<p class=\"article-content article-content-width !bg-background\">My\u00f6s koristelu huutaa sinist\u00e4 s\u00e4vy\u00e4: vaaleansininen rusetti vaippakakussa, siniset ja kultaiset ilmapallot sek\u00e4 turkoosit konfetit.<\/p>\n<p class=\"article-content article-content-width !bg-background\">Perheess\u00e4 on jo joulukuussa 2024 syntynyt\u00a0-poika. <\/p>\n<p class=\"italic m-italic article-content article-content-width !bg-background\"> Jos upotus ei toimi, voit katsoa videon <a href=\"https:\/\/www.instagram.com\/reels\/Db0yO0wtXMI\/?hl=fi\" target=\"_blank\" rel=\"nofollow noopener\">t\u00e4\u00e4lt\u00e4<\/a>. <\/p>\n<p>        <a itemprop=\"url\" href=\"https:\/\/www.seiska.fi\/katso\/is-janne-katajan-tv-ohjelmalle-tyly-paatos\/2092101\" rel=\"nofollow noopener\" target=\"_blank\"><\/p>\n<p>\nIS:\n<\/p>\n<p class=\"section-date\">\n        <strong class=\"article-section\" data-section=\"katso\"><br \/>\n            katso<br \/>\n        <\/strong><br \/>\n        3.3. 16:06\n    <\/p>\n<p>IS: Janne Katajan tv-ohjelmalle tyly p\u00e4\u00e4t\u00f6s\n    <\/p>\n<p itemprop=\"description\" class=\"subtitle \">\n    Kev\u00e4\u00e4ksi luvattu uusi kausi katosi v\u00e4hin \u00e4\u00e4nin.\n<\/p>\n<p>        <\/a><\/p>\n<p>Katajien vuosi t\u00e4ynn\u00e4 k\u00e4\u00e4nteit\u00e4<\/p>\n<p class=\"article-content article-content-width !bg-background\">Janne ja Krista ovat el\u00e4neet vauhdikasta vuotta.\u00a0<\/p>\n<p class=\"article-content article-content-width !bg-background\">Pariskunta meni naimisiin huhtikuun lopussa maistraatissa, ja Krista julkaisi tuolloin somessa ensimm\u00e4isen selfiens\u00e4 rouva Katajana.\u00a0 Katajat ovat aiemmin kertoneet haaveilevansa ortodoksisista kirkkoh\u00e4ist\u00e4, jotka siirtyiv\u00e4t vauva-arjen vuoksi my\u00f6hemm\u00e4ksi. <\/p>\n<p class=\"article-content article-content-width !bg-background\"> Riihim\u00e4ell\u00e4 asuva pariskunta on viime aikoina avannut uusperhearkeaan, jossa riitt\u00e4\u00e4 vilskett\u00e4.\u00a0Nyt tulossa oleva vauva on Jannelle nelj\u00e4s lapsi, sill\u00e4 h\u00e4nell\u00e4 on aiemmasta liitostaan kaksi teini-ik\u00e4ist\u00e4 tyt\u00e4rt\u00e4.\u00a0<\/p>\n<p class=\"article-content article-content-width !bg-background\">Parin arkeen ovat kuuluneet viimeaikoina muun muassa yhteiset Instagram-livel\u00e4hetykset Jannen reseptien parissa.<\/p>\n<p>        <a itemprop=\"url\" href=\"https:\/\/www.seiska.fi\/kotimaa\/jenni-poikelus-vauva-syntyi\/2184652\" rel=\"nofollow noopener\" target=\"_blank\"><\/p>\n<p>\nJenni Poikelus\n<\/p>\n<p class=\"section-date\">\n        <strong class=\"article-section\" data-section=\"kotimaa\"><br \/>\n            kotimaa<br \/>\n        <\/strong><br \/>\n        22.7. 10:20\n    <\/p>\n<p>Jenni Poikelus: Vauva syntyi!\n    <\/p>\n<p itemprop=\"description\" class=\"subtitle \">\n    Jennin esikoislapsi saapui maailmaan.\n<\/p>\n<p>        <\/a><\/p>\n<p><script async src=\"\/\/www.instagram.com\/embed.js\"><\/script><\/p>\n","protected":false},"excerpt":{"rendered":"20250811, Helsinki. Maikkarin ohjelmien yhteispressi. Masked Singer. Kuvassa Janne Kataja. Timo Korhonen \/ All Over Press Timo Korhonen&hellip;\n","protected":false},"author":2,"featured_media":321700,"comment_status":"","ping_status":"","sticky":false,"template":"","format":"standard","meta":{"footnotes":"","_share_on_mastodon":"0"},"categories":[136],"tags":[18396,407,137,33,31,30,2366,408,40740,98,12217,2443,32,109],"class_list":["post-321699","post","type-post","status-publish","format-standard","has-post-thumbnail","category-julkkikset","tag-babyshower","tag-celebrities","tag-entertainment","tag-fi","tag-finland","tag-finnish","tag-janne-kataja","tag-julkkikset","tag-krista-kataja","tag-perhe","tag-perheuutiset","tag-raskaus","tag-suomi","tag-viihde"],"share_on_mastodon":{"url":"https:\/\/pubeurope.com\/@fi\/117072239350240162","error":""},"_links":{"self":[{"href":"https:\/\/www.europesays.com\/fi\/wp-json\/wp\/v2\/posts\/321699","targetHints":{"allow":["GET"]}}],"collection":[{"href":"https:\/\/www.europesays.com\/fi\/wp-json\/wp\/v2\/posts"}],"about":[{"href":"https:\/\/www.europesays.com\/fi\/wp-json\/wp\/v2\/types\/post"}],"author":[{"embeddable":true,"href":"https:\/\/www.europesays.com\/fi\/wp-json\/wp\/v2\/users\/2"}],"replies":[{"embeddable":true,"href":"https:\/\/www.europesays.com\/fi\/wp-json\/wp\/v2\/comments?post=321699"}],"version-history":[{"count":0,"href":"https:\/\/www.europesays.com\/fi\/wp-json\/wp\/v2\/posts\/321699\/revisions"}],"wp:featuredmedia":[{"embeddable":true,"href":"https:\/\/www.europesays.com\/fi\/wp-json\/wp\/v2\/media\/321700"}],"wp:attachment":[{"href":"https:\/\/www.europesays.com\/fi\/wp-json\/wp\/v2\/media?parent=321699"}],"wp:term":[{"taxonomy":"category","embeddable":true,"href":"https:\/\/www.europesays.com\/fi\/wp-json\/wp\/v2\/categories?post=321699"},{"taxonomy":"post_tag","embeddable":true,"href":"https:\/\/www.europesays.com\/fi\/wp-json\/wp\/v2\/tags?post=321699"}],"curies":[{"name":"wp","href":"https:\/\/api.w.org\/{rel}","templated":true}]}}