{"id":322127,"date":"2026-08-11T10:29:19","date_gmt":"2026-08-11T10:29:19","guid":{"rendered":"https:\/\/www.europesays.com\/fi\/322127\/"},"modified":"2026-08-11T10:29:19","modified_gmt":"2026-08-11T10:29:19","slug":"henna-paunu-siirtyy-aboa-vetus-ars-novasta-lonnstromin-taidemuseon-johtoon-satakunta","status":"publish","type":"post","link":"https:\/\/www.europesays.com\/fi\/322127\/","title":{"rendered":"Henna Paunu siirtyy Aboa Vetus &#038; Ars Novasta L\u00f6nnstr\u00f6min taidemuseon johtoon | Satakunta"},"content":{"rendered":"<p class=\"aw__sc-1qwuw0s-0 aw__sc-1vg2sqm-0 epAWpq ecELkD yle__article__paragraph\">Raumalaisl\u00e4ht\u00f6inen Henna Paunu aloittaa L\u00f6nnstr\u00f6min taidemuseon johtajana syyskuun alussa.<\/p>\n<p><img decoding=\"async\" alt=\"Taideteoksessa putkista ja pressuista on rakennettu kasveja. Se luo veistoksellisen ja mystisen n\u00e4kym\u00e4n.\" src=\"https:\/\/www.europesays.com\/fi\/wp-content\/uploads\/2026\/08\/1762784342.jpeg\" class=\"aw__sc-dklauk-0 LPzKX\"\/><\/p>\n<p>Avaa kuvien katselu<\/p>\n<p>Big Botanic oli viime vuonna yksi L\u00f6nnstr\u00f6min taidemuseon projekteista. Kuva: Soila Ojanen \/ Yle<\/p>\n<p class=\"aw__sc-1qwuw0s-0 aw__sc-ngllmo-0 epAWpq fzYpjk yle__article__paragraph\"><strong class=\"aw__sc-ngllmo-2 gdRrun yle__article__strong\">Henna Paunu<\/strong> on nimitetty Raumalla toimivan L\u00f6nnstr\u00f6min taidemuseon johtajaksi. Raumalaisl\u00e4ht\u00f6inen Paunu on ty\u00f6skennellyt viimeksi Turussa Aboa Vetus &amp; Ars Nova -museon johtajana, miss\u00e4 h\u00e4n<a class=\"aw__sc-ngllmo-1 bTDnwX yle__article__link\" href=\"https:\/\/yle.fi\/a\/74-20199407\" role=\"link\" rel=\"nofollow noopener\" target=\"_blank\"> aloitti t\u00e4m\u00e4n tammikuun puoliv\u00e4liss\u00e4<\/a>. Lis\u00e4ksi h\u00e4n on toiminut Espoon modernin taiteen museo EMMAn intendenttin\u00e4, sek\u00e4 muun muassa Rauman taidemuseossa.<\/p>\n<p class=\"aw__sc-1qwuw0s-0 aw__sc-ngllmo-0 epAWpq fzYpjk yle__article__paragraph\">\u2013 Olen todella innoissani uudesta teht\u00e4v\u00e4st\u00e4ni. Kuvataiteen edist\u00e4misen ja nykytaiteen projektien lis\u00e4ksi kotimuseo piha-alueineen tarjoaa monia kiehtovia mahdollisuuksia el\u00e4mykselliseen toimintaan, Henna Paunu sanoo tiedotteessa.<\/p>\n<p class=\"aw__sc-1qwuw0s-0 aw__sc-ngllmo-0 epAWpq fzYpjk yle__article__paragraph\">L\u00f6nnstr\u00f6min taidemuseo ja Teresia ja Rafael L\u00f6nnstr\u00f6min kotimuseo on kahden museon kokonaisuus Raumalla. L\u00f6nnstr\u00f6min taidemuseo on vuodesta 2016 l\u00e4htien toteuttanut nykytaiteen projekteja tiiviiss\u00e4 yhteisty\u00f6ss\u00e4 taiteilijan tai taiteilijaryhm\u00e4n kanssa.<\/p>\n<p class=\"aw__sc-1qwuw0s-0 aw__sc-ngllmo-0 epAWpq fzYpjk yle__article__paragraph\">Teresia ja Rafael L\u00f6nnstr\u00f6min kotimuseo puolestaan esittelee raumalaisen tehtailijapariskunnan edustuskotia ja taidekokoelmaa.<\/p>\n<p class=\"aw__sc-1qwuw0s-0 aw__sc-ngllmo-0 epAWpq fzYpjk yle__article__paragraph\">L\u00f6nnstr\u00f6min taidemuseota sek\u00e4 Teresia ja Rafael L\u00f6nnstr\u00f6min kotimuseota yll\u00e4pit\u00e4v\u00e4 s\u00e4\u00e4ti\u00f6 L\u00f6nnstr\u00f6min taidemuseo sr. on perustettu teollisuusneuvos <strong class=\"aw__sc-ngllmo-2 gdRrun yle__article__strong\">Teresia L\u00f6nnstr\u00f6min<\/strong> testamenttim\u00e4\u00e4r\u00e4yksen mukaisesti vuonna 1987. S\u00e4\u00e4ti\u00f6n tarkoituksena on kuvataiteen edist\u00e4minen.<\/p>\n","protected":false},"excerpt":{"rendered":"Raumalaisl\u00e4ht\u00f6inen Henna Paunu aloittaa L\u00f6nnstr\u00f6min taidemuseon johtajana syyskuun alussa. Avaa kuvien katselu Big Botanic oli viime vuonna yksi&hellip;\n","protected":false},"author":2,"featured_media":322128,"comment_status":"","ping_status":"","sticky":false,"template":"","format":"standard","meta":{"footnotes":"","_share_on_mastodon":"0"},"categories":[130],"tags":[40758,137,33,31,30,40757,3642,4061,968,32,397,662,663,109],"class_list":["post-322127","post","type-post","status-publish","format-standard","has-post-thumbnail","category-viihde","tag-aboa-vetus-ars-nova-saatio","tag-entertainment","tag-fi","tag-finland","tag-finnish","tag-lonnstromin-taidemuseo","tag-rauma","tag-rauman-seutukunta","tag-satakunta","tag-suomi","tag-taide","tag-turku","tag-varsinais-suomi","tag-viihde"],"share_on_mastodon":{"url":"https:\/\/pubeurope.com\/@fi\/117076411784126113","error":""},"_links":{"self":[{"href":"https:\/\/www.europesays.com\/fi\/wp-json\/wp\/v2\/posts\/322127","targetHints":{"allow":["GET"]}}],"collection":[{"href":"https:\/\/www.europesays.com\/fi\/wp-json\/wp\/v2\/posts"}],"about":[{"href":"https:\/\/www.europesays.com\/fi\/wp-json\/wp\/v2\/types\/post"}],"author":[{"embeddable":true,"href":"https:\/\/www.europesays.com\/fi\/wp-json\/wp\/v2\/users\/2"}],"replies":[{"embeddable":true,"href":"https:\/\/www.europesays.com\/fi\/wp-json\/wp\/v2\/comments?post=322127"}],"version-history":[{"count":0,"href":"https:\/\/www.europesays.com\/fi\/wp-json\/wp\/v2\/posts\/322127\/revisions"}],"wp:featuredmedia":[{"embeddable":true,"href":"https:\/\/www.europesays.com\/fi\/wp-json\/wp\/v2\/media\/322128"}],"wp:attachment":[{"href":"https:\/\/www.europesays.com\/fi\/wp-json\/wp\/v2\/media?parent=322127"}],"wp:term":[{"taxonomy":"category","embeddable":true,"href":"https:\/\/www.europesays.com\/fi\/wp-json\/wp\/v2\/categories?post=322127"},{"taxonomy":"post_tag","embeddable":true,"href":"https:\/\/www.europesays.com\/fi\/wp-json\/wp\/v2\/tags?post=322127"}],"curies":[{"name":"wp","href":"https:\/\/api.w.org\/{rel}","templated":true}]}}