{"id":322185,"date":"2026-08-11T11:59:11","date_gmt":"2026-08-11T11:59:11","guid":{"rendered":"https:\/\/www.europesays.com\/fi\/322185\/"},"modified":"2026-08-11T11:59:11","modified_gmt":"2026-08-11T11:59:11","slug":"ymparisto-pudonneet-omenat-houkuttelevat-rottia-tanne-voit-vieda-pihasi-pilaantuneet-hedelmat-paikalliset","status":"publish","type":"post","link":"https:\/\/www.europesays.com\/fi\/322185\/","title":{"rendered":"Ymp\u00e4rist\u00f6 | Pudonneet omenat houkuttelevat rottia \u2013 t\u00e4nne voit vied\u00e4 pihasi pilaantuneet hedelm\u00e4t | Paikalliset"},"content":{"rendered":"<p>Syksyn runsas omenasato n\u00e4kyy monilla pihoilla, mutta maahan j\u00e4\u00e4neet omenat voivat houkutella rottia ja muita haittael\u00e4imi\u00e4. Helsingin seudun ymp\u00e4rist\u00f6palvelut (HSY) kehottaa asukkaita ker\u00e4\u00e4m\u00e4\u00e4n pudonneet omenat s\u00e4\u00e4nn\u00f6llisesti ja viem\u00e4\u00e4n sy\u00f6m\u00e4kelvottomat hedelm\u00e4t Sortti-asemille. N\u00e4in piha pysyy siistin\u00e4 eik\u00e4 tarjoa ravintoa haittael\u00e4imille.<\/p>\n<p>Pilaantuneita tai muumiotautisia omenoita voi tuoda Sortti-asemille Konalaan, Kivikkoon, Ruskeasantaan, Jorvakseen ja \u00c4mm\u00e4ssuolle.<\/p>\n<p>HSY:n tuotannonsuunnittelija <strong>Jari Viitam\u00e4en<\/strong> mukaan omenat kannattaa lajitella jo kotona erilleen muusta puutarhaj\u00e4tteest\u00e4, sill\u00e4 asemilla on omat lajittelupisteens\u00e4 eri j\u00e4telajeille. Kotitalouksilta vastaanotto maksaa 5,30 euroa kuormalta, johon voi sis\u00e4llytt\u00e4\u00e4 my\u00f6s risuja ja haravointij\u00e4tett\u00e4.<\/p>\n<p>Sortti-asemille toimitetut omenat ja muu puutarhaj\u00e4te jalostetaan \u00c4mm\u00e4ssuon ekoteollisuuskeskuksessa lannoitteeksi maatalouden k\u00e4ytt\u00f6\u00f6n. Jalostuksen yhteydess\u00e4 syntyv\u00e4st\u00e4 biokaasusta tuotetaan uusiutuvaa s\u00e4hk\u00f6\u00e4 ja l\u00e4mp\u00f6\u00e4, Viitam\u00e4ki kertoo.<\/p>\n<p>Pilaantuneiden omenoiden kompostointi voi onnistua my\u00f6s kotona, kunhan k\u00e4yt\u00f6ss\u00e4 on jyrsij\u00e4suojattu kompostori. Sen avulla ehk\u00e4ist\u00e4\u00e4n haittael\u00e4inten p\u00e4\u00e4sy bioj\u00e4tteeseen ja varmistetaan turvallinen kompostointi.<\/p>\n<p>HSY muistuttaa my\u00f6s, ett\u00e4 omenoita ei saa vied\u00e4 puistoihin tai viheralueille, sill\u00e4 ne voivat pahentaa haittael\u00e4inongelmaa koko ymp\u00e4rist\u00f6ss\u00e4.<\/p>\n","protected":false},"excerpt":{"rendered":"Syksyn runsas omenasato n\u00e4kyy monilla pihoilla, mutta maahan j\u00e4\u00e4neet omenat voivat houkutella rottia ja muita haittael\u00e4imi\u00e4. Helsingin seudun&hellip;\n","protected":false},"author":2,"featured_media":322186,"comment_status":"","ping_status":"","sticky":false,"template":"","format":"standard","meta":{"footnotes":"","_share_on_mastodon":"0"},"categories":[113],"tags":[29949,446,33,31,30,960,961,2369,900,118,32,119,447,534,709],"class_list":["post-322185","post","type-post","status-publish","format-standard","has-post-thumbnail","category-ymparisto","tag-ai-uutiset","tag-environment","tag-fi","tag-finland","tag-finnish","tag-helsingin-seudun-ymparistopalvelut-hsy","tag-luonnonsuojelu","tag-puutarha","tag-ruoka","tag-science","tag-suomi","tag-tiede","tag-ymparisto","tag-ymparisto-ja-luonto","tag-ymparistoasiat"],"share_on_mastodon":{"url":"https:\/\/pubeurope.com\/@fi\/117076765180246192","error":""},"_links":{"self":[{"href":"https:\/\/www.europesays.com\/fi\/wp-json\/wp\/v2\/posts\/322185","targetHints":{"allow":["GET"]}}],"collection":[{"href":"https:\/\/www.europesays.com\/fi\/wp-json\/wp\/v2\/posts"}],"about":[{"href":"https:\/\/www.europesays.com\/fi\/wp-json\/wp\/v2\/types\/post"}],"author":[{"embeddable":true,"href":"https:\/\/www.europesays.com\/fi\/wp-json\/wp\/v2\/users\/2"}],"replies":[{"embeddable":true,"href":"https:\/\/www.europesays.com\/fi\/wp-json\/wp\/v2\/comments?post=322185"}],"version-history":[{"count":0,"href":"https:\/\/www.europesays.com\/fi\/wp-json\/wp\/v2\/posts\/322185\/revisions"}],"wp:featuredmedia":[{"embeddable":true,"href":"https:\/\/www.europesays.com\/fi\/wp-json\/wp\/v2\/media\/322186"}],"wp:attachment":[{"href":"https:\/\/www.europesays.com\/fi\/wp-json\/wp\/v2\/media?parent=322185"}],"wp:term":[{"taxonomy":"category","embeddable":true,"href":"https:\/\/www.europesays.com\/fi\/wp-json\/wp\/v2\/categories?post=322185"},{"taxonomy":"post_tag","embeddable":true,"href":"https:\/\/www.europesays.com\/fi\/wp-json\/wp\/v2\/tags?post=322185"}],"curies":[{"name":"wp","href":"https:\/\/api.w.org\/{rel}","templated":true}]}}