{"id":322257,"date":"2026-08-11T14:16:25","date_gmt":"2026-08-11T14:16:25","guid":{"rendered":"https:\/\/www.europesays.com\/fi\/322257\/"},"modified":"2026-08-11T14:16:25","modified_gmt":"2026-08-11T14:16:25","slug":"trump-suhteeni-netanjahuun-on-hyva-gaza-erimielisyyksista-huolimatta-uutisia-lyhyesti","status":"publish","type":"post","link":"https:\/\/www.europesays.com\/fi\/322257\/","title":{"rendered":"Trump: Suhteeni Netanjahuun on hyv\u00e4 Gaza-erimielisyyksist\u00e4 huolimatta | Uutisia lyhyesti"},"content":{"rendered":"<p class=\"aw__sc-1qwuw0s-0 aw__sc-1vg2sqm-0 epAWpq ecELkD yle__article__paragraph\">Netanjahun viimeaikaisten ulostulojen on ep\u00e4ilty ly\u00f6v\u00e4n kiilaa valtionjohtajien v\u00e4lille.<\/p>\n<p><img decoding=\"async\" alt=\"Benjamin Netanyahu och Donald Trump sitter bredvid varandra i Vita huset och ler mot kameran.\" src=\"https:\/\/www.europesays.com\/fi\/wp-content\/uploads\/2026\/08\/1786439752.jpeg\" class=\"aw__sc-dklauk-0 LPzKX\"\/><\/p>\n<p>Avaa kuvien katselu<\/p>\n<p>Trumpin ja Netanjahun suhde on ollut varsin l\u00e4heinen Trumpin toisen kauden aikana, mutta Netanjahun viimeaikaisten ulostulojen on ep\u00e4ilty ly\u00f6v\u00e4n kiilaa heid\u00e4n v\u00e4lilleen. Kuva: Vita huset \/ All Over Press<\/p>\n<p class=\"aw__sc-1qwuw0s-0 aw__sc-ngllmo-0 epAWpq fzYpjk yle__article__paragraph\">Yhdysvaltain presidentin <strong class=\"aw__sc-ngllmo-2 gdRrun yle__article__strong\">Donald Trumpin<\/strong> mukaan h\u00e4nen ja Israelin p\u00e4\u00e4ministerin <strong class=\"aw__sc-ngllmo-2 gdRrun yle__article__strong\">Benjamin Netanjahun<\/strong> v\u00e4linen suhde on eritt\u00e4in hyv\u00e4 Gaza-erimielisyyksist\u00e4 huolimatta. Trumpilta kysyttiin kaksikon v\u00e4leist\u00e4 maanantaina Valkoisessa talossa.<\/p>\n<p class=\"aw__sc-1qwuw0s-0 aw__sc-ngllmo-0 epAWpq fzYpjk yle__article__paragraph\">Trumpin ja Netanjahun suhde on ollut varsin l\u00e4heinen Trumpin toisen kauden aikana, mutta Netanjahun viimeaikaisten ulostulojen on ep\u00e4ilty ly\u00f6v\u00e4n kiilaa heid\u00e4n v\u00e4lilleen.<\/p>\n<p class=\"aw__sc-1qwuw0s-0 aw__sc-ngllmo-0 epAWpq fzYpjk yle__article__paragraph\">Netanjahu oli jo yli viikon ajan arvostellut enenev\u00e4ss\u00e4 m\u00e4\u00e4rin Trumpin Gaza-suunnitelmaa. Sunnuntaina Netanjahun ulostulot kuitenkin kovenivat, kun h\u00e4n sanoi suoraan vastustavansa suunnitelmaa.<\/p>\n<p class=\"aw__sc-1qwuw0s-0 aw__sc-ngllmo-0 epAWpq fzYpjk yle__article__paragraph\">Netanjahu perusteli kantaansa sanoen, ett\u00e4 Israel ei suostu vet\u00e4ytym\u00e4\u00e4n Gazasta ennen kuin \u00e4\u00e4rij\u00e4rjest\u00f6 Hamas on todella riisuttu aseista. Netanjahulle oli t\u00e4t\u00e4 ennen vakuutettu, ettei Israelin tarvitsisi aloittaa joukkojensa vet\u00e4mist\u00e4 kaistalta v\u00e4litt\u00f6m\u00e4sti.<\/p>\n","protected":false},"excerpt":{"rendered":"Netanjahun viimeaikaisten ulostulojen on ep\u00e4ilty ly\u00f6v\u00e4n kiilaa valtionjohtajien v\u00e4lille. Avaa kuvien katselu Trumpin ja Netanjahun suhde on ollut&hellip;\n","protected":false},"author":2,"featured_media":322258,"comment_status":"","ping_status":"","sticky":false,"template":"","format":"standard","meta":{"footnotes":"","_share_on_mastodon":"0"},"categories":[14],"tags":[3068,22,23,585,26,27,33,31,30,505,17,993,70,992,24,25,28,29,15,18,21,32,19,20,56,16,59,60,61],"class_list":["post-322257","post","type-post","status-publish","format-standard","has-post-thumbnail","category-ulkomaat","tag-benjamin-netanjahu","tag-breaking-news","tag-breakingnews","tag-donald-trump","tag-featured-news","tag-featurednews","tag-fi","tag-finland","tag-finnish","tag-gazan-sota","tag-headlines","tag-israel","tag-kansainvalinen-politiikka","tag-lahi-ita","tag-latest-news","tag-latestnews","tag-main-news","tag-mainnews","tag-news","tag-otsikot","tag-paauutiset","tag-suomi","tag-top-stories","tag-topstories","tag-ulkomaat","tag-uutiset","tag-world","tag-world-news","tag-worldnews"],"share_on_mastodon":{"url":"https:\/\/pubeurope.com\/@fi\/117077304720032406","error":""},"_links":{"self":[{"href":"https:\/\/www.europesays.com\/fi\/wp-json\/wp\/v2\/posts\/322257","targetHints":{"allow":["GET"]}}],"collection":[{"href":"https:\/\/www.europesays.com\/fi\/wp-json\/wp\/v2\/posts"}],"about":[{"href":"https:\/\/www.europesays.com\/fi\/wp-json\/wp\/v2\/types\/post"}],"author":[{"embeddable":true,"href":"https:\/\/www.europesays.com\/fi\/wp-json\/wp\/v2\/users\/2"}],"replies":[{"embeddable":true,"href":"https:\/\/www.europesays.com\/fi\/wp-json\/wp\/v2\/comments?post=322257"}],"version-history":[{"count":0,"href":"https:\/\/www.europesays.com\/fi\/wp-json\/wp\/v2\/posts\/322257\/revisions"}],"wp:featuredmedia":[{"embeddable":true,"href":"https:\/\/www.europesays.com\/fi\/wp-json\/wp\/v2\/media\/322258"}],"wp:attachment":[{"href":"https:\/\/www.europesays.com\/fi\/wp-json\/wp\/v2\/media?parent=322257"}],"wp:term":[{"taxonomy":"category","embeddable":true,"href":"https:\/\/www.europesays.com\/fi\/wp-json\/wp\/v2\/categories?post=322257"},{"taxonomy":"post_tag","embeddable":true,"href":"https:\/\/www.europesays.com\/fi\/wp-json\/wp\/v2\/tags?post=322257"}],"curies":[{"name":"wp","href":"https:\/\/api.w.org\/{rel}","templated":true}]}}