{"id":322281,"date":"2026-08-11T15:03:12","date_gmt":"2026-08-11T15:03:12","guid":{"rendered":"https:\/\/www.europesays.com\/fi\/322281\/"},"modified":"2026-08-11T15:03:12","modified_gmt":"2026-08-11T15:03:12","slug":"assat-takoi-kovan-tuloksen-voitto-lahentelee-miljoonaa-euroa-satakunta","status":"publish","type":"post","link":"https:\/\/www.europesays.com\/fi\/322281\/","title":{"rendered":"\u00c4ss\u00e4t takoi kovan tuloksen \u2013 voitto l\u00e4hentelee miljoonaa euroa | Satakunta"},"content":{"rendered":"<p class=\"aw__sc-1qwuw0s-0 aw__sc-1vg2sqm-0 epAWpq ecELkD yle__article__paragraph\">Porin \u00c4ssien taustayhti\u00f6 HC \u00c4ss\u00e4t oy teki viime tilikaudella l\u00e4hes 920\u00a0000 euroa voittoa ja enn\u00e4tyksellisen liikevaihdon.<\/p>\n<p><img decoding=\"async\" alt=\"\u00c4ss\u00e4t juhlii maalia. \" src=\"https:\/\/www.europesays.com\/fi\/wp-content\/uploads\/2026\/08\/1775921195.jpeg\" class=\"aw__sc-dklauk-0 LPzKX\"\/><\/p>\n<p>Avaa kuvien katselu<\/p>\n<p>\u00c4ss\u00e4t tuuletti viime kaudella my\u00f6s toimistossa. Tilikauden voitto l\u00e4hestyi miljoonaa euroa. Kuva: Pasi Suokko \/ Apollo Photo \/ All Over Press<\/p>\n<p class=\"aw__sc-1qwuw0s-0 aw__sc-ngllmo-0 epAWpq fzYpjk yle__article__paragraph\">Porin \u00c4ssien taustayhti\u00f6 HC \u00c4ss\u00e4t Pori oy teki viime tilikaudella voittoa l\u00e4hes 920\u00a0000 euroa. Tarkalleen HC \u00c4ss\u00e4t oy:n tilikausi tuotti plussaa 918.698,99 euroa. Liikevaihto oli \u00c4ssille enn\u00e4tyksellinen, yli 9,7 miljoonaa euroa.<\/p>\n<p class=\"aw__sc-1qwuw0s-0 aw__sc-ngllmo-0 epAWpq fzYpjk yle__article__paragraph\">Taloudellisen tuloksen my\u00f6t\u00e4 my\u00f6s seuran omavaraisuusaste kasvoi 26 prosentista 55 prosenttiin.<\/p>\n<p class=\"aw__sc-1qwuw0s-0 aw__sc-ngllmo-0 epAWpq fzYpjk yle__article__paragraph\">\u2013 Tulos on eritt\u00e4in kova ja sit\u00e4 tarvittiin n\u00e4in\u00e4 kovenevan kilpailun aikoina, sanoo \u00c4ssien toimitusjohtaja <strong class=\"aw__sc-ngllmo-2 gdRrun yle__article__strong\">Sami Hautam\u00e4ki<\/strong> tiedotteessa.<\/p>\n<p class=\"aw__sc-1qwuw0s-0 aw__sc-ngllmo-0 epAWpq fzYpjk yle__article__paragraph\">Hautam\u00e4ki kertoo, ett\u00e4 tilikauden voitolliseen tulokseen vaikuttivat eniten pudotuspelien tuotot sek\u00e4 kertaluontoiset er\u00e4t, kuten NHL-korvaukset sek\u00e4 Liigan maksama p\u00e4\u00e4omanpalautus. Lis\u00e4ksi yritysmyynti sek\u00e4 runkosarjan lipunmyynti ylittiv\u00e4t viime kaudella tavoitteet.<\/p>\n<p class=\"aw__sc-1qwuw0s-0 aw__sc-ngllmo-0 epAWpq fzYpjk yle__article__paragraph\">\u2013 My\u00f6s kulupuolella olemme tehneet hyvi\u00e4 toimenpiteit\u00e4 ja niit\u00e4 tarvitaan my\u00f6s tulevaisuudessa, Hautam\u00e4ki toteaa.<\/p>\n<p>Hyv\u00e4 tulos antaa reagointivaraa<\/p>\n<p class=\"aw__sc-1qwuw0s-0 aw__sc-ngllmo-0 epAWpq fzYpjk yle__article__paragraph\">\u00c4ssien Liigalle ilmoittama pelaajabudjetti tulevalle kaudelle tilikauden alkupuolella oli 2,45 miljoonaa euroa. Hautam\u00e4en mukaan tilikauden tulos antaa \u00c4ssille reagointivaraa pelaajabudjettiin. H\u00e4n my\u00f6s muistuttaa, ett\u00e4 taloudellisen tuloksen tekeminen kuluvalla kaudella on erityisen haastavaa.<\/p>\n<p class=\"aw__sc-1qwuw0s-0 aw__sc-ngllmo-0 epAWpq fzYpjk yle__article__paragraph\">\u2013 L\u00e4hdemme kuitenkin luottavaisina kauteen. Takanamme on \u00e4\u00e4rimm\u00e4isen sitoutunut seurayhteis\u00f6.<\/p>\n<p class=\"aw__sc-1qwuw0s-0 aw__sc-ngllmo-0 epAWpq fzYpjk yle__article__paragraph\">Liiga k\u00e4ynnistyy \u00c4ssien osalta tiistaina 1. syyskuuta Oulussa ja ensimm\u00e4inen kotiottelu \u00c4ss\u00e4t-Ilves pelataan perjantaina 4. syyskuuta.<\/p>\n","protected":false},"excerpt":{"rendered":"Porin \u00c4ssien taustayhti\u00f6 HC \u00c4ss\u00e4t oy teki viime tilikaudella l\u00e4hes 920\u00a0000 euroa voittoa ja enn\u00e4tyksellisen liikevaihdon. Avaa kuvien&hellip;\n","protected":false},"author":2,"featured_media":322282,"comment_status":"","ping_status":"","sticky":false,"template":"","format":"standard","meta":{"footnotes":"","_share_on_mastodon":"0"},"categories":[158],"tags":[9080,33,31,30,1143,71,2787,7148,968,159,32,160],"class_list":["post-322281","post","type-post","status-publish","format-standard","has-post-thumbnail","category-urheilu","tag-assat-jaakiekon-miesten-liiga","tag-fi","tag-finland","tag-finnish","tag-jaakiekko","tag-kotimaa","tag-pori","tag-porin-assat","tag-satakunta","tag-sports","tag-suomi","tag-urheilu"],"share_on_mastodon":{"url":"https:\/\/pubeurope.com\/@fi\/117077489273108550","error":""},"_links":{"self":[{"href":"https:\/\/www.europesays.com\/fi\/wp-json\/wp\/v2\/posts\/322281","targetHints":{"allow":["GET"]}}],"collection":[{"href":"https:\/\/www.europesays.com\/fi\/wp-json\/wp\/v2\/posts"}],"about":[{"href":"https:\/\/www.europesays.com\/fi\/wp-json\/wp\/v2\/types\/post"}],"author":[{"embeddable":true,"href":"https:\/\/www.europesays.com\/fi\/wp-json\/wp\/v2\/users\/2"}],"replies":[{"embeddable":true,"href":"https:\/\/www.europesays.com\/fi\/wp-json\/wp\/v2\/comments?post=322281"}],"version-history":[{"count":0,"href":"https:\/\/www.europesays.com\/fi\/wp-json\/wp\/v2\/posts\/322281\/revisions"}],"wp:featuredmedia":[{"embeddable":true,"href":"https:\/\/www.europesays.com\/fi\/wp-json\/wp\/v2\/media\/322282"}],"wp:attachment":[{"href":"https:\/\/www.europesays.com\/fi\/wp-json\/wp\/v2\/media?parent=322281"}],"wp:term":[{"taxonomy":"category","embeddable":true,"href":"https:\/\/www.europesays.com\/fi\/wp-json\/wp\/v2\/categories?post=322281"},{"taxonomy":"post_tag","embeddable":true,"href":"https:\/\/www.europesays.com\/fi\/wp-json\/wp\/v2\/tags?post=322281"}],"curies":[{"name":"wp","href":"https:\/\/api.w.org\/{rel}","templated":true}]}}