{"id":322297,"date":"2026-08-11T15:30:14","date_gmt":"2026-08-11T15:30:14","guid":{"rendered":"https:\/\/www.europesays.com\/fi\/322297\/"},"modified":"2026-08-11T15:30:14","modified_gmt":"2026-08-11T15:30:14","slug":"kyosti-makimattila-ja-maikki-rajaniemi-eroavat-tangokuninkaan-shokkiero","status":"publish","type":"post","link":"https:\/\/www.europesays.com\/fi\/322297\/","title":{"rendered":"Ky\u00f6sti M\u00e4kimattila ja Maikki Rajaniemi eroavat \u2013 Tangokuninkaan shokkiero"},"content":{"rendered":"<p>            Matti Matikainen\n        <\/p>\n<p class=\"subtitle \">Takavuosien tangokuningas Ky\u00f6sti M\u00e4kimattila ja h\u00e4nen puolisonsa Maikki Rajaniemi ovat eronneet.<\/p>\n<p class=\"article-content article-content-width !bg-background\">Vuoden 2013 tangokuninkaana tunnettava , 50, ja Neitoset-yhtyeen keulakuvana tunnetuksi tullut solisti (ent. ), 40, ovat eronneet.<\/p>\n<p class=\"font-weight-bold m-font-weight-bold article-content article-content-width !bg-background\">Katso my\u00f6s! Ky\u00f6sti M\u00e4kimattilan haastattelu Sein\u00e4joella (2022):<\/p>\n<p class=\"article-content article-content-width !bg-background\">Ky\u00f6sti tiedottaa asiasta omalla<a href=\"https:\/\/www.instagram.com\/kyostijohannes\/\" target=\"_blank\" rel=\"nofollow noopener\"> Instagram-tilill\u00e4\u00e4n<\/a>\u00a0tiistaina (11.8.).<\/p>\n<p class=\"article-content article-content-width !bg-background\"> \u2013 Maikin ja minun parisuhde on p\u00e4\u00e4ttynyt. Eroon ei liity draamaa tai muita osapuolia. T\u00e4ll\u00e4 hetkell\u00e4 opettelen tuntemaan itseni paremmin ja el\u00e4m\u00e4\u00e4n uutta, omanlaista itsen\u00e4ist\u00e4 el\u00e4m\u00e4\u00e4. En kommentoi tai k\u00e4sittele eroamme julkisuudessa t\u00e4m\u00e4n enemp\u00e4\u00e4, Ky\u00f6sti kirjoittaa julkaisunsa kuvatekstiss\u00e4. <\/p>\n<p>        <a itemprop=\"url\" href=\"https:\/\/www.seiska.fi\/vain-seiskassa\/kyosti-makimattilan-salattu-romanssi-roihuaa\/1329309\" rel=\"nofollow noopener\" target=\"_blank\"><\/p>\n<p>\nVain Seiskassa!\n<\/p>\n<p class=\"section-date\">\n        <strong class=\"article-section\" data-section=\"vain seiskassa\"><br \/>\n            vain seiskassa<br \/>\n        <\/strong><br \/>\n        25.4.2024 08:00\n    <\/p>\n<p>Ky\u00f6sti M\u00e4kimattilan salattu romanssi roihuaa\n    <\/p>\n<p itemprop=\"description\" class=\"subtitle \">\n    Tangot\u00e4hdill\u00e4 on takanaan pitk\u00e4 yhteisty\u00f6, mik\u00e4 on tiivistynyt suhteeksi.\n<\/p>\n<p>        <\/a><\/p>\n<p class=\"article-content article-content-width !bg-background\">Avoliitossa el\u00e4neen pariskunnan suhteesta uutisoitiin ensikerran kev\u00e4\u00e4ll\u00e4 2024.<\/p>\n<p>Maikilta riipaiseva ulostulo<\/p>\n<p class=\"article-content article-content-width !bg-background\">Ky\u00f6sti on lis\u00e4nnyt julkaisuunsa my\u00f6s koskettavan otteen itsekirjoittamasta runostaan.<\/p>\n<p class=\"article-content article-content-width !bg-background\"> \u2013 Yksin\u00e4\u00e4n, viel\u00e4 j\u00e4\u00e4n, uskon ett\u00e4 viel\u00e4 kerran, hetken ainokaisen verran, onnen l\u00f6yd\u00e4n min\u00e4kin, h\u00e4n lausuu runossaan.<\/p>\n<p>                <img decoding=\"async\" src=\"https:\/\/www.europesays.com\/fi\/wp-content\/uploads\/2026\/08\/2232568.webp\" width=\"576\" height=\"720\" alt=\"Ky\u00f6stin ja Maikin suhteesta uutisoitiin ensikertaa vuonna 2024.\" loading=\"lazy\" \/>            <\/p>\n<p>\n            Ky\u00f6stin ja Maikin suhteesta uutisoitiin ensikertaa vuonna 2024.<br \/>\n            Juhamatti Nieminen\n        <\/p>\n<p class=\"article-content article-content-width !bg-background\">Maikki puolestaan ei ole ottanut varsinaiseen eroon kantaa omilla sosiaalisen median tileill\u00e4\u00e4n, mutta ilmoitti viime perjantaina (7.8.) <a href=\"https:\/\/www.facebook.com\/maijkkia\/?locale=fi_FI\" target=\"_blank\" rel=\"nofollow noopener\">Facebook-sein\u00e4ll\u00e4\u00e4n<\/a> peruvansa kyseisen viikonlopun keikkansa.<\/p>\n<p class=\"article-content article-content-width !bg-background\"> \u2013 El\u00e4m\u00e4 toi eteeni sellaisen yll\u00e4tyksen, ett\u00e4 nyt on minun aikani haukata hiukan happea ja pys\u00e4hty\u00e4. Ja niinh\u00e4n se on, ett\u00e4 lopulta on hyvin v\u00e4h\u00e4n asioita joihin voimme ennakkoon valmistautua ja lopulta vaikuttaa. Siisp\u00e4 el\u00e4 hetkess\u00e4 ja nauti t\u00e4ysill\u00e4 siit\u00e4 mit\u00e4 sinulla nyt on, Maikki selvent\u00e4\u00e4 julkaisussaan. <\/p>\n<p>        <a itemprop=\"url\" href=\"https:\/\/www.seiska.fi\/terveys\/kyosti-makimattila-ja-jussi-lammela-pelastivat-sari-tammisen-suosikkijuontajan-henki-oli-vartista-kiinni\/1294419\" rel=\"nofollow noopener\" target=\"_blank\"><\/p>\n<p class=\"section-date\">\n        <strong class=\"article-section\" data-section=\"terveys\"><br \/>\n            terveys<br \/>\n        <\/strong><br \/>\n        16.3.2024 10:00\n    <\/p>\n<p>Ky\u00f6sti M\u00e4kimattila ja Jussi Lammela pelastivat Sari Tammisen \u2013 suosikkijuontajan henki oli vartista kiinni\n    <\/p>\n<p itemprop=\"description\" class=\"subtitle \">\n    Sari vietiin studiosta vauhdilla sairaalaan.\n<\/p>\n<p>        <\/a><\/p>\n<p>Lemmenliekit leimahtivat ty\u00f6paikalla<\/p>\n<p class=\"article-content article-content-width !bg-background\">Vuonna 2013 tangokuninkaan kruunun p\u00e4\u00e4h\u00e4ns\u00e4 saanut Ky\u00f6sti erosi pitk\u00e4aikaisesta avioliitostaan vuonna 2022.<\/p>\n<p class=\"article-content article-content-width !bg-background\">Kev\u00e4\u00e4ll\u00e4 2024 Seiska uutisoi ky\u00f6stin l\u00f6yt\u00e4neen uuden rakkauden rinnalleen musiikkipiireist\u00e4. Kyseess\u00e4 oli Maikki.\u00a0<\/p>\n<p>        <a itemprop=\"url\" href=\"https:\/\/www.seiska.fi\/vain-seiskassa\/tangokuningas-kyosti-makimattilan-ja-maikki-puolison-rakkaustilitys\/2017792\" rel=\"nofollow noopener\" target=\"_blank\"><\/p>\n<p>\nTangokuningas ja puoliso\n<\/p>\n<p class=\"section-date\">\n        <strong class=\"article-section\" data-section=\"vain seiskassa\"><br \/>\n            vain seiskassa<br \/>\n        <\/strong><br \/>\n        13.12.2025 09:00\n    <\/p>\n<p>Tangokuningas Ky\u00f6sti M\u00e4kimattilan ja Maikki-puolison rakkaustilitys\n    <\/p>\n<p itemprop=\"description\" class=\"subtitle \">\n    Laulavat rakastavaiset viett\u00e4v\u00e4t joulun laivalla.\n<\/p>\n<p>        <\/a><\/p>\n<p class=\"article-content article-content-width !bg-background\"> Ky\u00f6still\u00e4 ja Maikilla oli takanaan pitk\u00e4 yhteisty\u00f6 musiikin saralla, joka nytk\u00e4hti eteenp\u00e4in vuonna 2019, kun Maiki Neitoset-yhtye voitti Tangomarkkinoiden yhteydess\u00e4 pidetyn tanssiorkestereiden SM-kilpailun, jonka suojelijana Ky\u00f6sti toimi. <\/p>\n<p class=\"article-content article-content-width !bg-background\">My\u00f6hemmin Ky\u00f6sti alkoi tuottaa Maikille omia iskelm\u00e4kappaleita, ja v\u00e4lit l\u00e4heniv\u00e4t entisest\u00e4\u00e4n aina parisuhteeksi asti.<\/p>\n<p class=\"article-content article-content-width !bg-background\">Kaksikko hehkutti rakkausonneaan <a href=\"https:\/\/www.seiska.fi\/vain-seiskassa\/tangokuningas-kyosti-makimattilan-ja-maikki-puolison-rakkaustilitys\/2017792\" target=\"_blank\" rel=\"nofollow noopener\">Seiskalle joulukuussa 2025 antamassaan parisuhdehaastattellussa<\/a>.<\/p>\n<p>                <img decoding=\"async\" src=\"https:\/\/www.europesays.com\/fi\/wp-content\/uploads\/2026\/08\/2232570.webp\" width=\"576\" height=\"274\" alt=\"Seiska tapasi Ky\u00f6stin ja Maikin viime joulukuussa.\" loading=\"lazy\" \/>            <\/p>\n<p>\n            Seiska tapasi Ky\u00f6stin ja Maikin viime joulukuussa.<br \/>\n            Juhamatti Nieminen\n        <\/p>\n<p class=\"article-content article-content-width !bg-background\">Tuolloin heill\u00e4 oli k\u00e4ynniss\u00e4 yhteinen\u00a0Ajaton joulu -kirkkokiertue.<\/p>\n<p class=\"article-content article-content-width !bg-background\"> \u2013 Olimme pitk\u00e4\u00e4n vain ty\u00f6kavereita. Sitten huomasimme, ett\u00e4 puhumme samaa kielt\u00e4 ja meill\u00e4 on samanlaisia tavoitteita el\u00e4m\u00e4ss\u00e4, Maikki lausui tuolloin Seiskalle.<\/p>\n<p class=\"article-content article-content-width !bg-background\"> \u2013 Kun voidaan olla yhdess\u00e4, ei joulu t\u00f6iss\u00e4k\u00e4\u00e4n tunnu niin pahalta, h\u00e4n jatkoi. <\/p>\n<p><script async src=\"\/\/www.instagram.com\/embed.js\"><\/script><\/p>\n","protected":false},"excerpt":{"rendered":"Matti Matikainen Takavuosien tangokuningas Ky\u00f6sti M\u00e4kimattila ja h\u00e4nen puolisonsa Maikki Rajaniemi ovat eronneet. Vuoden 2013 tangokuninkaana tunnettava ,&hellip;\n","protected":false},"author":2,"featured_media":322298,"comment_status":"","ping_status":"","sticky":false,"template":"","format":"standard","meta":{"footnotes":"","_share_on_mastodon":"0"},"categories":[130],"tags":[137,1664,33,31,30,21090,212,40764,32,3111,109],"class_list":["post-322297","post","type-post","status-publish","format-standard","has-post-thumbnail","category-viihde","tag-entertainment","tag-ero","tag-fi","tag-finland","tag-finnish","tag-kyosti-makimattila","tag-lifestyle","tag-marja-rajaniemi","tag-suomi","tag-tangokuningas","tag-viihde"],"share_on_mastodon":{"url":"https:\/\/pubeurope.com\/@fi\/117077595010343492","error":""},"_links":{"self":[{"href":"https:\/\/www.europesays.com\/fi\/wp-json\/wp\/v2\/posts\/322297","targetHints":{"allow":["GET"]}}],"collection":[{"href":"https:\/\/www.europesays.com\/fi\/wp-json\/wp\/v2\/posts"}],"about":[{"href":"https:\/\/www.europesays.com\/fi\/wp-json\/wp\/v2\/types\/post"}],"author":[{"embeddable":true,"href":"https:\/\/www.europesays.com\/fi\/wp-json\/wp\/v2\/users\/2"}],"replies":[{"embeddable":true,"href":"https:\/\/www.europesays.com\/fi\/wp-json\/wp\/v2\/comments?post=322297"}],"version-history":[{"count":0,"href":"https:\/\/www.europesays.com\/fi\/wp-json\/wp\/v2\/posts\/322297\/revisions"}],"wp:featuredmedia":[{"embeddable":true,"href":"https:\/\/www.europesays.com\/fi\/wp-json\/wp\/v2\/media\/322298"}],"wp:attachment":[{"href":"https:\/\/www.europesays.com\/fi\/wp-json\/wp\/v2\/media?parent=322297"}],"wp:term":[{"taxonomy":"category","embeddable":true,"href":"https:\/\/www.europesays.com\/fi\/wp-json\/wp\/v2\/categories?post=322297"},{"taxonomy":"post_tag","embeddable":true,"href":"https:\/\/www.europesays.com\/fi\/wp-json\/wp\/v2\/tags?post=322297"}],"curies":[{"name":"wp","href":"https:\/\/api.w.org\/{rel}","templated":true}]}}