{"id":322327,"date":"2026-08-11T16:22:12","date_gmt":"2026-08-11T16:22:12","guid":{"rendered":"https:\/\/www.europesays.com\/fi\/322327\/"},"modified":"2026-08-11T16:22:12","modified_gmt":"2026-08-11T16:22:12","slug":"jakob-ingebrigtsen-teki-vaimonsakin-mielesta-jotain-sairasta-nyt-perhe-alkoi-jarruttaa-mestarijuoksijaa-yleisurheilun-em-2026","status":"publish","type":"post","link":"https:\/\/www.europesays.com\/fi\/322327\/","title":{"rendered":"Jakob Ingebrigtsen teki vaimonsakin mielest\u00e4 jotain sairasta \u2013 nyt perhe alkoi jarruttaa mestarijuoksijaa | Yleisurheilun EM 2026"},"content":{"rendered":"<p class=\"aw__sc-1qwuw0s-0 aw__sc-ngllmo-0 epAWpq fzYpjk yle__article__paragraph\">Yleisurheilun EM-kisat Ylen kanavilla 10.\u201316.8. <a class=\"aw__sc-ngllmo-1 bTDnwX yle__article__link\" href=\"https:\/\/yle.fi\/a\/74-20235083\" role=\"link\" rel=\"nofollow noopener\" target=\"_blank\">Katso kisojen aikataulu ja l\u00e4hetystiedot.<\/a><\/p>\n<p class=\"aw__sc-1qwuw0s-0 aw__sc-ngllmo-0 epAWpq fzYpjk yle__article__paragraph\"><strong class=\"aw__sc-ngllmo-2 gdRrun yle__article__strong\">Jakob Ingebrigtsen<\/strong> syk\u00e4hdytti yleisurheilun EM-kisojen ensimm\u00e4isen\u00e4 iltana, kun akillesj\u00e4nnevammoista k\u00e4rsinyt norjalaist\u00e4hti kiri 5\u00a0000 metrill\u00e4 Euroopan mestariksi. Ingebrigtsenin suoritus oli my\u00f6s itse oikeutetusti Ylen EM-yleisurheilutiimin valinta p\u00e4iv\u00e4n suoritukseksi.<\/p>\n<p class=\"aw__sc-1qwuw0s-0 aw__sc-ngllmo-0 epAWpq fzYpjk yle__article__paragraph\">EM-kulta oli kova juttu siin\u00e4 mieless\u00e4, ett\u00e4 juoksijat\u00e4hti k\u00e4vi helmikuussa akillesj\u00e4nneleikkauksessa. 25-vuotias urheilija sanoi <a class=\"aw__sc-ngllmo-1 bTDnwX yle__article__link\" href=\"https:\/\/yle.fi\/a\/74-20226287\" role=\"link\" rel=\"nofollow noopener\" target=\"_blank\">itse <\/a>toukokuussa tavoitteekseen olla t\u00e4ydess\u00e4 kunnossa vasta ensi vuonna. EM-finaali oli norjalaist\u00e4hden ensimm\u00e4inen kilpailu 11 kuukauteen.<\/p>\n<p>EM-kisojen p\u00e4iv\u00e4n suoritus: Jakob Ingebrigtsen <\/p>\n<p class=\"aw__sc-1qwuw0s-0 aw__sc-ngllmo-0 epAWpq fzYpjk yle__article__paragraph\">Jakob Ingebrigtsenin valmentajana ja managerina ty\u00f6skentelev\u00e4 Henrik-veli <a class=\"aw__sc-ngllmo-1 bTDnwX yle__article__link\" href=\"https:\/\/yle.fi\/a\/74-20240107\" role=\"link\" rel=\"nofollow noopener\" target=\"_blank\">puhui <\/a>EM-kisojen aattona mestarijuoksijan olevan 90-prosenttisessa kunnossa. Jakob Ingebrigtsenin Elisabeth-vaimo ihasteli miehens\u00e4 suoritusta. Se veti h\u00e4nt\u00e4 hieman sanattomaksi norjalaislehti VG:n <a class=\"aw__sc-ngllmo-1 bTDnwX yle__article__link\" href=\"https:\/\/www.vg.no\/sport\/i\/0pgVgE\/jakob-ingebrigtsen-i-em-finalen-paa-5000-meter?utm_source=sdrn%3Avg%3Alisting%3Afe4436db-a6b9-4f06-8410-ba23c89bf85f&amp;utm_medium=Teaser&amp;utm_content=teaser%3A0pgVgE\" role=\"link\" rel=\"nofollow noopener\" target=\"_blank\">haastattelussa<\/a>.<\/p>\n<p class=\"aw__sc-1qwuw0s-0 aw__sc-ngllmo-0 epAWpq fzYpjk yle__article__paragraph\">\u2013 T\u00e4m\u00e4 oli yksi sairaimmista jutuista, mit\u00e4 h\u00e4n on tehnyt. Takana on todella vaativa vuosi tai kaksikin vuotta, vaimo viittasi miehens\u00e4 pitk\u00e4\u00e4n jatkuneisiin akillesj\u00e4nneongelmiin.<\/p>\n<p class=\"aw__sc-1qwuw0s-0 aw__sc-ngllmo-0 epAWpq fzYpjk yle__article__paragraph\">Jakob Ingebrigtsen kuvaili Yle Urheilulle EM-kultajuoksunsa j\u00e4lkeisi\u00e4 tuntemuksia fantastiseksi.<\/p>\n<p class=\"aw__sc-1qwuw0s-0 aw__sc-ngllmo-0 epAWpq fzYpjk yle__article__paragraph\">\u2013 Takana on pitk\u00e4 ja vaikea kuntoutus. On ollut paljon ongelmia. Kuntoutuksessa on menty paljon edestakaisin. T\u00e4m\u00e4 on nyt fantastista, kun on onnistunut, Ingebrigtsen sanoi.<\/p>\n<p><img decoding=\"async\" alt=\"Elisabeth-vaimo halaa Jakob Ingebrigtseni\u00e4.\" src=\"https:\/\/www.europesays.com\/fi\/wp-content\/uploads\/2026\/08\/1786459576.jpeg\" loading=\"lazy\" class=\"aw__sc-dklauk-0 LPzKX\"\/><\/p>\n<p>Avaa kuvien katselu<\/p>\n<p>Jakob Ingebrigtsen k\u00e4vi halaamassa voittonsa j\u00e4lkeen vaimoaan. Kuva: British Athletics via Getty Imag<\/p>\n<p class=\"aw__sc-1qwuw0s-0 aw__sc-ngllmo-0 epAWpq fzYpjk yle__article__paragraph\">Norjalaist\u00e4hti kertoi kolmen edellisen viikon sujuneen hyvin, mutta sit\u00e4 ennen oli mennyt aika huonosti.<\/p>\n<p class=\"aw__sc-1qwuw0s-0 aw__sc-ngllmo-0 epAWpq fzYpjk yle__article__paragraph\">\u2013 Olin juuri ja juuri tarpeeksi hyv\u00e4ss\u00e4 tilanteessa, ett\u00e4 p\u00e4\u00e4tin tulla l\u00e4ht\u00f6viivalle. Sain hieman itseluottamusta. Sitten olin juuri ja juuri tarpeeksi hyv\u00e4, ett\u00e4 pystyin voittamaan. Uskon, ett\u00e4 ajoitus oli hyv\u00e4, Ingebrigtsen sanoi.<\/p>\n<p class=\"aw__sc-1qwuw0s-0 aw__sc-ngllmo-0 epAWpq fzYpjk yle__article__paragraph\">H\u00e4n oli p\u00e4\u00e4tt\u00e4nyt osallistua EM-kisoihin juuri ennen m\u00e4\u00e4r\u00e4aikaa. Ingebrigtsen laskeskeli tehneens\u00e4 kisaamisp\u00e4\u00e4t\u00f6ksen vain kaksi tuntia ennen ilmoittautumisajan p\u00e4\u00e4ttymist\u00e4 kaksi viikkoa sitten.<\/p>\n<p class=\"aw__sc-1qwuw0s-0 aw__sc-ngllmo-0 epAWpq fzYpjk yle__article__paragraph\">Norjalainen sanoi tienneens\u00e4 noin 600 metri\u00e4 ennen maalia voittavansa mestaruuden.<\/p>\n<p class=\"aw__sc-1qwuw0s-0 aw__sc-ngllmo-0 epAWpq fzYpjk yle__article__paragraph\">\u2013 5\u00a0000 metri\u00e4 on pitk\u00e4 juoksu. Radalla on paljon k\u00e4sivarsia ja jalkoja. On paljon innokkaita juoksijoita. Lopulta tunsin kuitenkin, ett\u00e4 nyt minulla on mahdollisuus ja sain kisan hallintaani, Ingebrigtsen sanoi.<\/p>\n<p><img decoding=\"async\" alt=\"Jakob Ingebrigtsen EM-kisoissa 2026.\" src=\"https:\/\/www.europesays.com\/fi\/wp-content\/uploads\/2026\/08\/1786459599.jpeg\" loading=\"lazy\" class=\"aw__sc-dklauk-0 LPzKX\"\/><\/p>\n<p>Avaa kuvien katselu<\/p>\n<p>Jakob Ingebrigtsen oli lopulta omaa luokkaansa Birminghamin maanantai-illassa. Kuva: Getty ImagesPerhe jarruttelee<\/p>\n<p class=\"aw__sc-1qwuw0s-0 aw__sc-ngllmo-0 epAWpq fzYpjk yle__article__paragraph\">Nyt Ingebrigtsen otti seitsem\u00e4nnen Euroopan mestaruutensa. H\u00e4n nousi samalla my\u00f6s kiekonheitt\u00e4j\u00e4 <strong class=\"aw__sc-ngllmo-2 gdRrun yle__article__strong\">Sandra Elkasevicin<\/strong> rinnalle kaikkien aikojen eniten Euroopan mestaruuksia voittaneeksi yleisurheilijaksi. N\u00e4iss\u00e4 kisoissa Ingebrigtsen ei en\u00e4\u00e4 kisaa, joten enn\u00e4tystalkoot eiv\u00e4t jatku en\u00e4\u00e4 Birminghamin maaper\u00e4ll\u00e4.<\/p>\n<p class=\"aw__sc-1qwuw0s-0 aw__sc-ngllmo-0 epAWpq fzYpjk yle__article__paragraph\">Norjalaist\u00e4hdell\u00e4 olisi ollut mahdollisuus kisata Birminghamin EM-kisoissa viel\u00e4 my\u00f6s 1\u00a05000 metrill\u00e4, koska olisi saanut 5\u00a0000 metrin tapaan hallitsevana Euroopan mestarina villin kortin.<\/p>\n<p class=\"aw__sc-1qwuw0s-0 aw__sc-ngllmo-0 epAWpq fzYpjk yle__article__paragraph\">Henrik-veli sanoi <a class=\"aw__sc-ngllmo-1 bTDnwX yle__article__link\" href=\"https:\/\/www.nrk.no\/sport\/em-i-friidrett_-jakob-ingebrigtsen-tok-em-gull-og-vil-konkurrere-mer_-familien-ma-holde-ham-tilbake-1.17985324\" role=\"link\" rel=\"nofollow noopener\" target=\"_blank\">NRK:lle<\/a>, ett\u00e4 Ingebrigtsenin perheen piti \u201dpimitt\u00e4\u00e4\u201d Jakobilta ilmoittautumisaika 1\u00a0500 metrille.<\/p>\n<p class=\"aw__sc-1qwuw0s-0 aw__sc-ngllmo-0 epAWpq fzYpjk yle__article__paragraph\">\u2013 Annoimme 1\u00a0500 metrin ilmoittautumisajan menn\u00e4 ohi niin, ett\u00e4 emme oikeastaan kertoneet Jakobille. Jo ennen kuin tiesimme, mit\u00e4 tulisi tapahtumaan. Yritin olla aikuinen ja j\u00e4rkev\u00e4 ihminen ja sanoa Jakobille, ett\u00e4 h\u00e4n juoksee vain 5\u00a0000 metri\u00e4 ja siihen ved\u00e4mme rajan, Henrik Ingebrigtsen kuvaili.<\/p>\n<p><img decoding=\"async\" alt=\"Jakob Ingebrigtsen kuvassa.\" src=\"https:\/\/www.europesays.com\/fi\/wp-content\/uploads\/2026\/08\/1758469228.jpeg\" loading=\"lazy\" class=\"aw__sc-dklauk-0 LPzKX\"\/><\/p>\n<p>Avaa kuvien katselu<\/p>\n<p>Voittajan oli helppo hymyill\u00e4, mutta innostuuko nyt Jakob Ingebrigtsen liikaa? Kuva: EPA<\/p>\n<p class=\"aw__sc-1qwuw0s-0 aw__sc-ngllmo-0 epAWpq fzYpjk yle__article__paragraph\">5\u00a0000 metrill\u00e4 itsekin Birminghamissa kisannut Jakobin veli <strong class=\"aw__sc-ngllmo-2 gdRrun yle__article__strong\">Filip Ingebrigtsen<\/strong> letkautti NRK:lle samasta aiheesta. Filip Ingebrigtsenin mukaan perheen pit\u00e4\u00e4 nyt jarrutella Jakobin intoa mestaruuden j\u00e4lkeen.<\/p>\n<p class=\"aw__sc-1qwuw0s-0 aw__sc-ngllmo-0 epAWpq fzYpjk yle__article__paragraph\">\u2013 On todella hyv\u00e4 juttu, ett\u00e4 h\u00e4n ei voi ilmoittautua en\u00e4\u00e4 1\u00a0500 metrille, Filip Ingebrigtsen sanoi.<\/p>\n<p><img decoding=\"async\" alt=\" Jakob Ingebrigtsen ja Filip Ingebrigtsen EM-kisoissa.\" src=\"https:\/\/www.europesays.com\/fi\/wp-content\/uploads\/2026\/08\/1786459585.jpeg\" loading=\"lazy\" class=\"aw__sc-dklauk-0 LPzKX\"\/><\/p>\n<p>Avaa kuvien katselu<\/p>\n<p>Filip Ingebrigtsen juttelemassa Jakob-veljelleen 5000 metrin kisan j\u00e4lkeen. Kuva: British Athletics via Getty Imag<\/p>\n<p class=\"aw__sc-1qwuw0s-0 aw__sc-ngllmo-0 epAWpq fzYpjk yle__article__paragraph\">Filip Ingebrigtsen haluaa muistuttaa veljelleen, ett\u00e4 kautta ei ole en\u00e4\u00e4 montaa kuukautta j\u00e4ljell\u00e4. Filip-veljen mielest\u00e4 Jakobissa on jossain m\u00e4\u00e4rin jopa vaarallista h\u00e4nen kilpailuhenkisyytens\u00e4. Siksi perheen piti asettaa rajoja seitsenkertaiselle Euroopan mestarille.<\/p>\n<p class=\"aw__sc-1qwuw0s-0 aw__sc-ngllmo-0 epAWpq fzYpjk yle__article__paragraph\">\u2013 Nyt h\u00e4nell\u00e4 saattaa olla edess\u00e4 Timanttiliigan kilpailu ja juoksemista Sandnesissa. Sitten on aika rakentaa kohti sit\u00e4 jotain, mik\u00e4 oikeasti merkitsee, Filip Ingebrigtsen viittasi veljens\u00e4 kotimaisemiin ja tulevien vuosien arvokisoihin.<\/p>\n<p class=\"aw__sc-1qwuw0s-0 aw__sc-ngllmo-0 epAWpq fzYpjk yle__article__paragraph\">Vuonna 2027 kilpaillaan MM-kisat Pekingiss\u00e4 ja vuoden 2028 olympialaiset on luvassa Los Angelesissa.<\/p>\n<p><img decoding=\"async\" alt=\"Jakob Ingebrigtsen tuuletti EM-kultamitaliaan.\" src=\"https:\/\/www.europesays.com\/fi\/wp-content\/uploads\/2026\/08\/1786459592.jpeg\" loading=\"lazy\" class=\"aw__sc-dklauk-0 LPzKX\"\/><\/p>\n<p>Avaa kuvien katselu<\/p>\n<p>Jakob Ingebrigtsen p\u00e4\u00e4si viel\u00e4 maanantai-iltana tuulettamaan mestaruutta palkintojenjaossa Birminghamissa. Kuva: British Athletics via Getty ImagKilpakumppaneilta kehuja<\/p>\n<p class=\"aw__sc-1qwuw0s-0 aw__sc-ngllmo-0 epAWpq fzYpjk yle__article__paragraph\">Kilpakumppanit kehuivat kovasti Ingebrigtsenin tuoreinta EM-kultajuoksua. Suunnistuksen arvokisamitalisti <strong class=\"aw__sc-ngllmo-2 gdRrun yle__article__strong\">Tuomas Heikkil\u00e4<\/strong> johti viiden kilometrin kisaa jopa noin yhden kilometrin ajan, koska halusi l\u00e4hte\u00e4 pit\u00e4m\u00e4\u00e4n vauhtia. H\u00e4n oli lopulta kisassa 13:s ja oli kisan j\u00e4lkeen Ylen haastattelussa positiivisesti yll\u00e4ttynyt lopputuloksestaan.<\/p>\n<p class=\"aw__sc-1qwuw0s-0 aw__sc-ngllmo-0 epAWpq fzYpjk yle__article__paragraph\">Heikkil\u00e4 kehui <a class=\"aw__sc-ngllmo-1 bTDnwX yle__article__link\" href=\"https:\/\/www.hs.fi\/urheilu\/art-2000012196802.html\" role=\"link\" rel=\"nofollow noopener\" target=\"_blank\">Sanomalle <\/a>Ingebrigtseni\u00e4 \u201dkovaksi j\u00e4tk\u00e4ksi\u201d. H\u00e4n puhui jo etuk\u00e4teen Ylelle, kuinka norjalaist\u00e4hden kanssa kisaamisesta tulee ikimuistoinen kokemus.<\/p>\n<p class=\"aw__sc-1qwuw0s-0 aw__sc-ngllmo-0 epAWpq fzYpjk yle__article__paragraph\">\u2013 Jakob on ollut minulle iso esikuva viime vuodet. Olen toteuttanut h\u00e4nen kaltaistaan tuplavk-harjoittelua, Heikkil\u00e4 sanoi.<\/p>\n<p class=\"aw__sc-1qwuw0s-0 aw__sc-ngllmo-0 epAWpq fzYpjk yle__article__paragraph\">Sill\u00e4 tarkoitetaan, ett\u00e4 tehd\u00e4\u00e4n kaksi vauhtikest\u00e4vyystreeni\u00e4 samana p\u00e4iv\u00e4n\u00e4.<\/p>\n<p class=\"aw__sc-1qwuw0s-0 aw__sc-ngllmo-0 epAWpq fzYpjk yle__article__paragraph\">\u2013 En olisi ikin\u00e4 ilman sit\u00e4 harjoittelutapaa noussut t\u00e4lle tasolle, mill\u00e4 olen nyt. On hienoa p\u00e4\u00e4st\u00e4 kisaamaan h\u00e4nt\u00e4 vastaan, t\u00e4n\u00e4 vuonna sprinttisuunnistuksen MM-pronssia voittanut Heikkil\u00e4 povasi.<\/p>\n<p><img decoding=\"async\" alt=\"Tuomas Heikkil\u00e4 johtaa miesten 5000 metrin kisaa EM-kisoissa 2026.\" src=\"https:\/\/www.europesays.com\/fi\/wp-content\/uploads\/2026\/08\/1786459568.jpeg\" loading=\"lazy\" class=\"aw__sc-dklauk-0 LPzKX\"\/><\/p>\n<p>Avaa kuvien katselu<\/p>\n<p>Tuomas Heikkil\u00e4 oli tovin k\u00e4rjess\u00e4kin 5000 metrin EM-finaalissa. Kuva:  LEHTIKUVA \/ ANTTI AIMO-KOIVISTO<\/p>\n<p class=\"aw__sc-1qwuw0s-0 aw__sc-ngllmo-0 epAWpq fzYpjk yle__article__paragraph\">Mestariehdokkaisiin kuulunut <strong class=\"aw__sc-ngllmo-2 gdRrun yle__article__strong\">Jimmy Gressier<\/strong> kehui Ingebrigtseni\u00e4 L&#8217;Equipen haastattelussa.<\/p>\n<p class=\"aw__sc-1qwuw0s-0 aw__sc-ngllmo-0 epAWpq fzYpjk yle__article__paragraph\">29-vuotias ranskalainen huomautti arvostavansa 25-vuotiasta norjalaista todella paljon, vaikka Gressier on Ingebrigtseni\u00e4 huomattavasti vanhempi.<\/p>\n<p class=\"aw__sc-1qwuw0s-0 aw__sc-ngllmo-0 epAWpq fzYpjk yle__article__paragraph\">\u2013 Minusta Ingebrigtsen on kaikkien aikojen kovin kest\u00e4vyysjuoksija. Etenkin siksi, koska h\u00e4n on niin inhimillinen ja tyylik\u00e4s, Gressier hehkutti.<\/p>\n<p><img decoding=\"async\" alt=\"Jimmy Gressier onnittelee Jacob Ingebrigtseni\u00e4.\" src=\"https:\/\/www.europesays.com\/fi\/wp-content\/uploads\/2026\/08\/1786465332_817_1786459568.jpeg\" loading=\"lazy\" class=\"aw__sc-dklauk-0 LPzKX\"\/><\/p>\n<p>Avaa kuvien katselu<\/p>\n<p>Jimmy Gressierill\u00e4 oli kisan aikana sanailua Jacob Ingebrigtsenin kanssa, mutta kisan j\u00e4lkeen h\u00e4n osoitti kunniaa norjalaismestarille. Kuva: Getty Images<\/p>\n<p class=\"aw__sc-1qwuw0s-0 aw__sc-ngllmo-0 epAWpq fzYpjk yle__article__paragraph\">Ranskalainen oli kuitenkin pettynyt taktiikkaan perjantaina Birminghamissa.<\/p>\n<p class=\"aw__sc-1qwuw0s-0 aw__sc-ngllmo-0 epAWpq fzYpjk yle__article__paragraph\">\u2013 Tunsin oloni hyv\u00e4ksi, mutta taktiikka ei ollut oikea. Olimme t\u00e4ysin v\u00e4\u00e4r\u00e4ss\u00e4. Tiimiimme halusi, ett\u00e4 v\u00e4syt\u00e4mme 1\u00a0500 metrin juoksijat t\u00e4ll\u00e4 5\u00a0000 metrin matkalla. Tiesin, ett\u00e4 Jakob ei ollut parhaimmillaan. Halusin my\u00f6s v\u00e4sytt\u00e4\u00e4 h\u00e4net, Gressier sanoi.<\/p>\n<p class=\"aw__sc-1qwuw0s-0 aw__sc-ngllmo-0 epAWpq fzYpjk yle__article__paragraph\">Se ei kuitenkaan onnistunut.<\/p>\n<p class=\"aw__sc-1qwuw0s-0 aw__sc-ngllmo-0 epAWpq fzYpjk yle__article__paragraph\">\u2013 Ohitin Jakobin kolme kierrosta ennen maalia. H\u00e4n vilkaisi minua ja naurahti, koska tiesi taiston olevan meid\u00e4n v\u00e4linen, Gressier v\u00e4itti.<\/p>\n<p class=\"aw__sc-1qwuw0s-0 aw__sc-ngllmo-0 epAWpq fzYpjk yle__article__paragraph\">Gressier hyytyi lopulta kisassa nelj\u00e4nneksi taipuen reilulla sekunnilla Ingebrigtsenille.<\/p>\n","protected":false},"excerpt":{"rendered":"Yleisurheilun EM-kisat Ylen kanavilla 10.\u201316.8. Katso kisojen aikataulu ja l\u00e4hetystiedot. Jakob Ingebrigtsen syk\u00e4hdytti yleisurheilun EM-kisojen ensimm\u00e4isen\u00e4 iltana, kun&hellip;\n","protected":false},"author":2,"featured_media":322328,"comment_status":"","ping_status":"","sticky":false,"template":"","format":"standard","meta":{"footnotes":"","_share_on_mastodon":"0"},"categories":[158],"tags":[33,31,30,40749,9731,3914,159,32,160,162,40262,13615],"class_list":["post-322327","post","type-post","status-publish","format-standard","has-post-thumbnail","category-urheilu","tag-fi","tag-finland","tag-finnish","tag-henrik-ingebrigtsen","tag-jakob-ingebrigtsen","tag-juoksu","tag-sports","tag-suomi","tag-urheilu","tag-yleisurheilu","tag-yleisurheilun-em-2026","tag-yleisurheilun-em-kilpailut"],"share_on_mastodon":{"url":"https:\/\/pubeurope.com\/@fi\/117077800232026665","error":""},"_links":{"self":[{"href":"https:\/\/www.europesays.com\/fi\/wp-json\/wp\/v2\/posts\/322327","targetHints":{"allow":["GET"]}}],"collection":[{"href":"https:\/\/www.europesays.com\/fi\/wp-json\/wp\/v2\/posts"}],"about":[{"href":"https:\/\/www.europesays.com\/fi\/wp-json\/wp\/v2\/types\/post"}],"author":[{"embeddable":true,"href":"https:\/\/www.europesays.com\/fi\/wp-json\/wp\/v2\/users\/2"}],"replies":[{"embeddable":true,"href":"https:\/\/www.europesays.com\/fi\/wp-json\/wp\/v2\/comments?post=322327"}],"version-history":[{"count":0,"href":"https:\/\/www.europesays.com\/fi\/wp-json\/wp\/v2\/posts\/322327\/revisions"}],"wp:featuredmedia":[{"embeddable":true,"href":"https:\/\/www.europesays.com\/fi\/wp-json\/wp\/v2\/media\/322328"}],"wp:attachment":[{"href":"https:\/\/www.europesays.com\/fi\/wp-json\/wp\/v2\/media?parent=322327"}],"wp:term":[{"taxonomy":"category","embeddable":true,"href":"https:\/\/www.europesays.com\/fi\/wp-json\/wp\/v2\/categories?post=322327"},{"taxonomy":"post_tag","embeddable":true,"href":"https:\/\/www.europesays.com\/fi\/wp-json\/wp\/v2\/tags?post=322327"}],"curies":[{"name":"wp","href":"https:\/\/api.w.org\/{rel}","templated":true}]}}