{"id":322371,"date":"2026-08-11T17:44:27","date_gmt":"2026-08-11T17:44:27","guid":{"rendered":"https:\/\/www.europesays.com\/fi\/322371\/"},"modified":"2026-08-11T17:44:27","modified_gmt":"2026-08-11T17:44:27","slug":"metsa-group-investoi-aanekoskelle-25-miljoonaa-euroa-pakkaustuotantoon-kuura-hanke-jaihin-keski-suomi","status":"publish","type":"post","link":"https:\/\/www.europesays.com\/fi\/322371\/","title":{"rendered":"Mets\u00e4 Group investoi \u00c4\u00e4nekoskelle 25 miljoonaa euroa pakkaustuotantoon \u2013 Kuura-hanke j\u00e4ihin | Keski-Suomi"},"content":{"rendered":"<p>Mets\u00e4 Groupin investoinnit \u00c4\u00e4nekoskelle jatkuvat. Sen innovaatioyhti\u00f6 Mets\u00e4 Spring kertoi tiistaina, ett\u00e4 se avaa uuden Muoto-kuitupakkauksia valmistavan tuotantolinjan Mets\u00e4 Groupin tehdasalueelle \u00c4\u00e4nekoskelle. Se sijoittuu nykyisen Muoto-koetehtaan viereen. &#13;<\/p>\n<p>Muoto on Mets\u00e4 Groupin kehitt\u00e4m\u00e4 kuitupakkaus, joka valmistetaan yhti\u00f6n omista puukuiduista. Puupohjaiset Muoto-tuotteet ovat vaihtoehto muovista valmistetuille pakkauksille.&#13;<\/p>\n<p>Investoinnin arvo on noin 25 miljoonaa euroa ja linjan nimelliskapasiteetti yli 100\u00a0miljoonaa tuotetta vuodessa.\u00a0Tuotantolinjan toimittaa teknologiayhti\u00f6 Valmet. Uusi tuotantolinja k\u00e4ynnistyy vuoden 2028 aikana.&#13;<\/p>\n<p>Muoto-tuotteita on kehitetty Mets\u00e4 Groupin ja Valmetin yhteisess\u00e4 koetehtaassa \u00c4\u00e4nekoskella kev\u00e4\u00e4st\u00e4 2022. &#13;<\/p>\n","protected":false},"excerpt":{"rendered":"Mets\u00e4 Groupin investoinnit \u00c4\u00e4nekoskelle jatkuvat. Sen innovaatioyhti\u00f6 Mets\u00e4 Spring kertoi tiistaina, ett\u00e4 se avaa uuden Muoto-kuitupakkauksia valmistavan tuotantolinjan&hellip;\n","protected":false},"author":2,"featured_media":322372,"comment_status":"","ping_status":"","sticky":false,"template":"","format":"standard","meta":{"footnotes":"","_share_on_mastodon":"0"},"categories":[76],"tags":[12845,7138,79,77,33,31,30,3200,2256,9084,3642,32,78],"class_list":["post-322371","post","type-post","status-publish","format-standard","has-post-thumbnail","category-talous","tag-aanekosken-seutukunta","tag-aanekoski","tag-business","tag-economy","tag-fi","tag-finland","tag-finnish","tag-metsa","tag-metsa-ja-paperiteollisuus","tag-metsateollisuus-metsatalous-ja-siihen-liittyvat-palvelut","tag-rauma","tag-suomi","tag-talous"],"share_on_mastodon":{"url":"https:\/\/pubeurope.com\/@fi\/117078122186648929","error":""},"_links":{"self":[{"href":"https:\/\/www.europesays.com\/fi\/wp-json\/wp\/v2\/posts\/322371","targetHints":{"allow":["GET"]}}],"collection":[{"href":"https:\/\/www.europesays.com\/fi\/wp-json\/wp\/v2\/posts"}],"about":[{"href":"https:\/\/www.europesays.com\/fi\/wp-json\/wp\/v2\/types\/post"}],"author":[{"embeddable":true,"href":"https:\/\/www.europesays.com\/fi\/wp-json\/wp\/v2\/users\/2"}],"replies":[{"embeddable":true,"href":"https:\/\/www.europesays.com\/fi\/wp-json\/wp\/v2\/comments?post=322371"}],"version-history":[{"count":0,"href":"https:\/\/www.europesays.com\/fi\/wp-json\/wp\/v2\/posts\/322371\/revisions"}],"wp:featuredmedia":[{"embeddable":true,"href":"https:\/\/www.europesays.com\/fi\/wp-json\/wp\/v2\/media\/322372"}],"wp:attachment":[{"href":"https:\/\/www.europesays.com\/fi\/wp-json\/wp\/v2\/media?parent=322371"}],"wp:term":[{"taxonomy":"category","embeddable":true,"href":"https:\/\/www.europesays.com\/fi\/wp-json\/wp\/v2\/categories?post=322371"},{"taxonomy":"post_tag","embeddable":true,"href":"https:\/\/www.europesays.com\/fi\/wp-json\/wp\/v2\/tags?post=322371"}],"curies":[{"name":"wp","href":"https:\/\/api.w.org\/{rel}","templated":true}]}}