{"id":322645,"date":"2026-08-12T06:20:17","date_gmt":"2026-08-12T06:20:17","guid":{"rendered":"https:\/\/www.europesays.com\/fi\/322645\/"},"modified":"2026-08-12T06:20:17","modified_gmt":"2026-08-12T06:20:17","slug":"alma-media-kasvatti-liikevaihtoaan-yhtion-tulos-parani-selvasti-viime-vuodesta-uutisia-lyhyesti","status":"publish","type":"post","link":"https:\/\/www.europesays.com\/fi\/322645\/","title":{"rendered":"Alma Media kasvatti liikevaihtoaan \u2013 yhti\u00f6n tulos parani selv\u00e4sti viime vuodesta | Uutisia lyhyesti"},"content":{"rendered":"<p class=\"aw__sc-1qwuw0s-0 aw__sc-1vg2sqm-0 epAWpq ecELkD yle__article__paragraph\">Kaikki Alma Median liiketoiminta-alueet paransivat tulostaan.<\/p>\n<p><img decoding=\"async\" alt=\"Betonirakennuksen sein\u00e4ss\u00e4 metallinen ALMA-logo, joka heijastuu lasisein\u00e4st\u00e4.\" src=\"https:\/\/www.europesays.com\/fi\/wp-content\/uploads\/2026\/08\/1786514112.jpeg\" class=\"aw__sc-dklauk-0 LPzKX\"\/><\/p>\n<p>Avaa kuvien katselu<\/p>\n<p>Yhti\u00f6 arvioi koko vuoden liikevaihdon pysyv\u00e4n viime vuoden tasolla ja oikaistun liikevoiton kasvavan. Arkistokuva. Kuva: Antti Aimo-Koivisto \/ Lehtikuva<\/p>\n<p class=\"aw__sc-1qwuw0s-0 aw__sc-ngllmo-0 epAWpq fzYpjk yle__article__paragraph\">Alma Median tulos parani selv\u00e4sti vuoden ensimm\u00e4isell\u00e4 puoliskolla. Yhti\u00f6n tammi\u2013kes\u00e4kuun liikevaihto kasvoi 4,9 prosenttia 171 miljoonaan euroon. Vuotta aiemmin liikevaihtoa kertyi 162,9 miljoonaa euroa. Oikaistu liikevoitto nousi 44,8 miljoonaan euroon viime vuoden 38,3 miljoonasta eli 16,9 prosenttia.<\/p>\n<p class=\"aw__sc-1qwuw0s-0 aw__sc-ngllmo-0 epAWpq fzYpjk yle__article__paragraph\">My\u00f6s huhti\u2013kes\u00e4kuussa kasvu jatkui. Liikevaihto nousi viisi prosenttia 87,9 miljoonaan euroon ja oikaistu liikevoitto 15,6 prosenttia 24,4 miljoonaan euroon. Kaikki Alma Median liiketoiminta-alueet paransivat tulostaan.<\/p>\n<p class=\"aw__sc-1qwuw0s-0 aw__sc-ngllmo-0 epAWpq fzYpjk yle__article__paragraph\">Alma News Median digitaalisten tilausten m\u00e4\u00e4r\u00e4 kasvoi 239\u00a0000:een. Yhti\u00f6 arvioi, ett\u00e4 digitaalisen sis\u00e4lt\u00f6liiketoiminnan kasvu kompensoi painetun median laskua.<\/p>\n<p class=\"aw__sc-1qwuw0s-0 aw__sc-ngllmo-0 epAWpq fzYpjk yle__article__paragraph\">Yhti\u00f6 arvioi koko vuoden liikevaihdon pysyv\u00e4n viime vuoden tasolla ja oikaistun liikevoiton kasvavan.<\/p>\n","protected":false},"excerpt":{"rendered":"Kaikki Alma Median liiketoiminta-alueet paransivat tulostaan. Avaa kuvien katselu Yhti\u00f6 arvioi koko vuoden liikevaihdon pysyv\u00e4n viime vuoden tasolla&hellip;\n","protected":false},"author":2,"featured_media":322646,"comment_status":"","ping_status":"","sticky":false,"template":"","format":"standard","meta":{"footnotes":"","_share_on_mastodon":"0"},"categories":[76],"tags":[15004,79,77,33,31,30,18146,1077,32,78,1319,1356],"class_list":["post-322645","post","type-post","status-publish","format-standard","has-post-thumbnail","category-talous","tag-alma-media","tag-business","tag-economy","tag-fi","tag-finland","tag-finnish","tag-kustannustoiminta","tag-media","tag-suomi","tag-talous","tag-tulostiedot","tag-yritykset"],"share_on_mastodon":{"url":"https:\/\/pubeurope.com\/@fi\/117081095194503939","error":""},"_links":{"self":[{"href":"https:\/\/www.europesays.com\/fi\/wp-json\/wp\/v2\/posts\/322645","targetHints":{"allow":["GET"]}}],"collection":[{"href":"https:\/\/www.europesays.com\/fi\/wp-json\/wp\/v2\/posts"}],"about":[{"href":"https:\/\/www.europesays.com\/fi\/wp-json\/wp\/v2\/types\/post"}],"author":[{"embeddable":true,"href":"https:\/\/www.europesays.com\/fi\/wp-json\/wp\/v2\/users\/2"}],"replies":[{"embeddable":true,"href":"https:\/\/www.europesays.com\/fi\/wp-json\/wp\/v2\/comments?post=322645"}],"version-history":[{"count":0,"href":"https:\/\/www.europesays.com\/fi\/wp-json\/wp\/v2\/posts\/322645\/revisions"}],"wp:featuredmedia":[{"embeddable":true,"href":"https:\/\/www.europesays.com\/fi\/wp-json\/wp\/v2\/media\/322646"}],"wp:attachment":[{"href":"https:\/\/www.europesays.com\/fi\/wp-json\/wp\/v2\/media?parent=322645"}],"wp:term":[{"taxonomy":"category","embeddable":true,"href":"https:\/\/www.europesays.com\/fi\/wp-json\/wp\/v2\/categories?post=322645"},{"taxonomy":"post_tag","embeddable":true,"href":"https:\/\/www.europesays.com\/fi\/wp-json\/wp\/v2\/tags?post=322645"}],"curies":[{"name":"wp","href":"https:\/\/api.w.org\/{rel}","templated":true}]}}