{"id":322713,"date":"2026-08-12T08:21:07","date_gmt":"2026-08-12T08:21:07","guid":{"rendered":"https:\/\/www.europesays.com\/fi\/322713\/"},"modified":"2026-08-12T08:21:07","modified_gmt":"2026-08-12T08:21:07","slug":"seela-sellan-kuuluisan-nimen-taustalla-erikoinen-naittamisjuoni","status":"publish","type":"post","link":"https:\/\/www.europesays.com\/fi\/322713\/","title":{"rendered":"Seela Sellan kuuluisan nimen taustalla erikoinen naittamisjuoni"},"content":{"rendered":"<p>\n            20251024, Helsinki. Helsingin Kirjamessut. Kuvassa Seela Sella.<br \/>\n            Timo Korhonen\n        <\/p>\n<p class=\"subtitle \">Seela Sella ei syntynyt Sellaksi, vaan sai sukunimen sattumusten sarjan ja avioliiton kautta.<\/p>\n<p class=\"article-content article-content-width !bg-background\">N\u00e4yttelij\u00e4legenda , 89, tunnetaan nimell\u00e4, joka soi ja on my\u00f6s \u00e4\u00e4nestetty yhdeksi kauneimmaksi nimeksi. Mutta Seela Sella ei ole taiteilijanimi, vaan syntyi avioliiton kautta, jonka taustalla oli teatteriv\u00e4en naittamisoperaatio ja mystinen kihlausilmoitus.\u00a0<\/p>\n<p class=\"font-weight-bold m-font-weight-bold article-content article-content-width !bg-background\">Video: Seela Sella ja Sanna-Kaisa Palo kertovat millainen ohjaaja Pamela Tola on<\/p>\n<p class=\"article-content article-content-width !bg-background\">Seela syntyi Virtaseksi Tampereen Pispalassa.\u00a0Parikymppinen n\u00e4yttelij\u00e4 l\u00e4hti t\u00f6ihin Turun kaupunginteatteriin vuonna 1961.<\/p>\n<p class=\"article-content article-content-width !bg-background\">Samaan aikaan teatteriin oli kiinnitetty n\u00e4yttelij\u00e4-laulaja\u00a0Elis Sella\u00a0(vuoteen 1959 asti Elis Salutskij).<\/p>\n<p class=\"article-content article-content-width !bg-background\">Turkuun saapuessa vanhemmat kollegat  ja  kuulivat h\u00e4nen olevan sinkku.\u00a0<\/p>\n<p class=\"article-content article-content-width !bg-background\">\u2013 Kirsti ja Inke alkoivat puhua, ett\u00e4 nyt on t\u00e4mm\u00f6nen\u00a0Elis Sella\u00a0kiinnitetty teatteriin n\u00e4yttelij\u00e4ksi ja se alottaa syksyll\u00e4, yht\u00e4 aikaa tuutte taloon. He vakuutteli, ett\u00e4 siin\u00e4 sulle nyt on aviomies, Seela kertoo el\u00e4m\u00e4kertakirjassa Sellasta (Otava 2025).<\/p>\n<p class=\"article-content article-content-width !bg-background\">Eik\u00e4 perustelu ollut mik\u00e4\u00e4n pieni, vaan kollegat k\u00e4skiv\u00e4t Seelaa naimisiin, koska sen my\u00f6t\u00e4 h\u00e4nelle tulisi taiteilijanimi vailla vertaa \u2013 Seela Sella.\u00a0<\/p>\n<p>        <a itemprop=\"url\" href=\"https:\/\/www.seiska.fi\/kotimaa\/seela-sella-kertoo-yllattavasta-rakkaudestaan\/2215381\" rel=\"nofollow noopener\" target=\"_blank\"><\/p>\n<p>\nSeela Sella paljastaa\n<\/p>\n<p class=\"section-date\">\n        <strong class=\"article-section\" data-section=\"kotimaa\"><br \/>\n            kotimaa<br \/>\n        <\/strong><br \/>\n        1.8. 13:30\n    <\/p>\n<p>Seela Sella kertoo yll\u00e4tt\u00e4v\u00e4st\u00e4 rakkaudestaan\n    <\/p>\n<p itemprop=\"description\" class=\"subtitle \">\n    Seela Sella tiet\u00e4\u00e4, mist\u00e4 suomalainen onni syntyy: m\u00f6kkisaunasta, j\u00e4rvimaisemasta ja kiireett\u00f6m\u00e4st\u00e4 ihmettelyst\u00e4.\n<\/p>\n<p>        <\/a><\/p>\n<p>Nimi ratkaisi<\/p>\n<p class=\"article-content article-content-width !bg-background\">Aluksi Seela ei ollut lainkaan vakuuttunut aviomiesehdokkaasta. Kun Elis tuli katsomaan esityst\u00e4 Samppalinnaan, Seela tiiraili h\u00e4nt\u00e4 aidan rakosista kollegojen kanssa.<\/p>\n<p class=\"article-content article-content-width !bg-background\">Ensivaikutelma ei ollut ruusuinen.<\/p>\n<p class=\"article-content article-content-width !bg-background\">\u2013 Ei mua sytytt\u00e4ny yht\u00e4\u00e4n. Sanoin, ett\u00e4 toi nyt on niin leuhkan n\u00e4k\u00f6nenkin. Se on mun ensimm\u00e4inen mielikuvani Elis Sellasta. Kamalan leuhkan n\u00e4k\u00f6nen mies, Seela muistelee kirjassa.<\/p>\n<p class=\"article-content article-content-width !bg-background\">Mutta teatteripiirit eiv\u00e4t luovuttaneet. Nimi oli heid\u00e4n mielest\u00e4\u00e4n liian t\u00e4ydellinen haaskattavaksi.<\/p>\n<p class=\"article-content article-content-width !bg-background\">Syksyll\u00e4 1961 Seela tutustui Elikseen paremmin. Mies ei lopulta ollutkaan niin leuhka kuin aluksi vaikutti.\u00a0<\/p>\n<p>        <a itemprop=\"url\" href=\"https:\/\/www.seiska.fi\/katso\/leena-uotila-syvissa-mietteissa-elama-ei-jatku-loputtomiin\/2036273\" rel=\"nofollow noopener\" target=\"_blank\"><\/p>\n<p>\nLeena Uotila puhuu suoraan\n<\/p>\n<p class=\"section-date\">\n        <strong class=\"article-section\" data-section=\"katso\"><br \/>\n            katso<br \/>\n        <\/strong><br \/>\n        3.1. 15:15\n    <\/p>\n<p>Leena Uotila syviss\u00e4 mietteiss\u00e4: &#8221;El\u00e4m\u00e4 ei jatku loputtomiin&#8221;\n    <\/p>\n<p itemprop=\"description\" class=\"subtitle \">\n    Uutta Ter\u00e4sleidit-elokuvaa t\u00e4hditt\u00e4v\u00e4 Leena Uotila muistuttaa, ett\u00e4 ik\u00e4\u00e4ntyminen pakottaa katsomaan mennytt\u00e4 el\u00e4m\u00e4\u00e4 rehellisesti ja kaunistelematta.\n<\/p>\n<p>        <\/a><\/p>\n<p>Kihlaus oli farssi<\/p>\n<p class=\"article-content article-content-width !bg-background\">Rakkaustarina sai k\u00e4\u00e4nteen kev\u00e4\u00e4ll\u00e4 1962. Turun Sanomissa julkaistiin maksullinen ilmoitus, jossa kerrottiin n\u00e4yttelij\u00f6iden Seela Virtasen ja Elis Sellan kihlautuneen.<\/p>\n<p class=\"article-content article-content-width !bg-background\">Ongelma oli vain se, etteiv\u00e4t he olleet laittaneet ilmoitusta itse. Elis oli soittanut Seelalle vihaisena ja kysynyt, miksi t\u00e4m\u00e4 oli julkaissut ilmoituksen lehdess\u00e4. Seela luuli soittoa pilailuksi, eik\u00e4 meinannut uskoa juttua todeksi.\u00a0<\/p>\n<p class=\"article-content article-content-width !bg-background\">Paria onniteltiin kihlauksen johdosta.\u00a0Elis olisi halunnut perua kihlauksen lehdess\u00e4, mutta Seela torppasi ajatuksen, sill\u00e4 siit\u00e4 olisi noussut viel\u00e4 suurempi sirkus.<\/p>\n<p>        <a itemprop=\"url\" href=\"https:\/\/www.seiska.fi\/kotimaa\/pamela-tola-perhepaljastus\/2056738\" rel=\"nofollow noopener\" target=\"_blank\"><\/p>\n<p>\nPamela Tola\n<\/p>\n<p class=\"section-date\">\n        <strong class=\"article-section\" data-section=\"kotimaa\"><br \/>\n            kotimaa<br \/>\n        <\/strong><br \/>\n        27.1. 08:58\n    <\/p>\n<p>Pamela Tola: Perhepaljastus!\n    <\/p>\n<p itemprop=\"description\" class=\"subtitle \">\n    Kulttuurialalla valitetaan jatkuvasti leikkauksista sek\u00e4 siit\u00e4, ettei alalla ole t\u00f6it\u00e4, mutta Pamelalla on asian suhteen positiivinen ongelma.\n<\/p>\n<p>        <\/a><\/p>\n<p>Nimi vaihtui avioliiton my\u00f6t\u00e4<\/p>\n<p class=\"article-content article-content-width !bg-background\">Lopulta kirjeenvaihto teki teht\u00e4v\u00e4ns\u00e4, kun Elis ja Seela tutustuivat ja rakastuivat.\u00a0Seela palasi Suomeen kesken Lontoon teatterikautensa, ja pari vihittiin Helsingin maistraatissa elokuussa 1962.<\/p>\n<p class=\"article-content article-content-width !bg-background\">Koskaan ei selvinnyt, kuka kihlausilmoituksen oikeasti lehteen vei. Ep\u00e4iltyjen listalla olivat pitk\u00e4\u00e4n Kirsti ja Inke, mutta my\u00f6hemmin Seela alkoi ep\u00e4ill\u00e4 my\u00f6s Eliksen velje\u00e4 .<\/p>\n<p class=\"article-content article-content-width !bg-background\">Pariskunta oli aviossa Eliksen kuolemaan vuonna 1992 saakka.<\/p>\n<p class=\"article-content article-content-width !bg-background\">Koko kansan suosioon Seela Sella on noussut yli 60 vuotta kest\u00e4neen n\u00e4yttelij\u00e4nuran ansiosta. H\u00e4net muistetaan lukuisista n\u00e4ytt\u00e4m\u00f6rooleista sek\u00e4 elokuvista, joista viimeisimp\u00e4n\u00e4 roolistaan elokuvassa\u00a0Ter\u00e4sleidit.\u00a0<\/p>\n<p>        <a itemprop=\"url\" href=\"https:\/\/www.seiska.fi\/katso\/terasleidit-tahti-sanna-kaisa-palo-suorat-sanat\/2034265\" rel=\"nofollow noopener\" target=\"_blank\"><\/p>\n<p>\nTer\u00e4sleidit-t\u00e4hti\n<\/p>\n<p class=\"section-date\">\n        <strong class=\"article-section\" data-section=\"katso\"><br \/>\n            katso<br \/>\n        <\/strong><br \/>\n        11.1. 16:15\n    <\/p>\n<p>Ter\u00e4sleidit-t\u00e4hti Sanna-Kaisa Palo: Suorat sanat\n    <\/p>\n<p itemprop=\"description\" class=\"subtitle \">\n    Monessa mukana ollut n\u00e4yttelij\u00e4 Sanna-Kaisa Palo hypp\u00e4si mukaan Ter\u00e4sleidit-menestyselokuvan jatko-osaan.\n<\/p>\n<p>        <\/a><\/p>\n","protected":false},"excerpt":{"rendered":"20251024, Helsinki. Helsingin Kirjamessut. Kuvassa Seela Sella. Timo Korhonen Seela Sella ei syntynyt Sellaksi, vaan sai sukunimen sattumusten&hellip;\n","protected":false},"author":2,"featured_media":322714,"comment_status":"","ping_status":"","sticky":false,"template":"","format":"standard","meta":{"footnotes":"","_share_on_mastodon":"0"},"categories":[136],"tags":[407,2298,17414,137,33,31,30,408,1342,98,10494,40776,32,3336,109],"class_list":["post-322713","post","type-post","status-publish","format-standard","has-post-thumbnail","category-julkkikset","tag-celebrities","tag-elamakerta","tag-elis-sella","tag-entertainment","tag-fi","tag-finland","tag-finnish","tag-julkkikset","tag-nayttelija","tag-perhe","tag-seela-sella","tag-sellasta","tag-suomi","tag-teatteri","tag-viihde"],"share_on_mastodon":{"url":"https:\/\/pubeurope.com\/@fi\/117081570398866653","error":""},"_links":{"self":[{"href":"https:\/\/www.europesays.com\/fi\/wp-json\/wp\/v2\/posts\/322713","targetHints":{"allow":["GET"]}}],"collection":[{"href":"https:\/\/www.europesays.com\/fi\/wp-json\/wp\/v2\/posts"}],"about":[{"href":"https:\/\/www.europesays.com\/fi\/wp-json\/wp\/v2\/types\/post"}],"author":[{"embeddable":true,"href":"https:\/\/www.europesays.com\/fi\/wp-json\/wp\/v2\/users\/2"}],"replies":[{"embeddable":true,"href":"https:\/\/www.europesays.com\/fi\/wp-json\/wp\/v2\/comments?post=322713"}],"version-history":[{"count":0,"href":"https:\/\/www.europesays.com\/fi\/wp-json\/wp\/v2\/posts\/322713\/revisions"}],"wp:featuredmedia":[{"embeddable":true,"href":"https:\/\/www.europesays.com\/fi\/wp-json\/wp\/v2\/media\/322714"}],"wp:attachment":[{"href":"https:\/\/www.europesays.com\/fi\/wp-json\/wp\/v2\/media?parent=322713"}],"wp:term":[{"taxonomy":"category","embeddable":true,"href":"https:\/\/www.europesays.com\/fi\/wp-json\/wp\/v2\/categories?post=322713"},{"taxonomy":"post_tag","embeddable":true,"href":"https:\/\/www.europesays.com\/fi\/wp-json\/wp\/v2\/tags?post=322713"}],"curies":[{"name":"wp","href":"https:\/\/api.w.org\/{rel}","templated":true}]}}