{"id":322745,"date":"2026-08-12T09:02:11","date_gmt":"2026-08-12T09:02:11","guid":{"rendered":"https:\/\/www.europesays.com\/fi\/322745\/"},"modified":"2026-08-12T09:02:11","modified_gmt":"2026-08-12T09:02:11","slug":"stora-enso-aloittaa-muutosneuvottelut-historiallista-sahaa-uhkaa-lakkauttaminen","status":"publish","type":"post","link":"https:\/\/www.europesays.com\/fi\/322745\/","title":{"rendered":"Stora Enso aloittaa muutosneuvottelut \u2013 Historiallista sahaa uhkaa lakkauttaminen"},"content":{"rendered":"<p>Mets\u00e4j\u00e4tti Stora Enso suunnittelee Pohjois-Suomen sahaustuotannon keskitt\u00e4mist\u00e4 ja Veitsiluodon sahan pysyv\u00e4\u00e4 sulkemista.<\/p>\n<p><img decoding=\"async\" class=\"image image-show image-preview\" src=\"https:\/\/www.europesays.com\/fi\/wp-content\/uploads\/2026\/08\/3506cfd6b6865624782efddaa04bf079ad2b08098b89e082b450c8258ce0ff1c.jpg\" alt=\"\"\/><img decoding=\"async\" class=\"image image-show\" src=\"https:\/\/www.europesays.com\/fi\/wp-content\/uploads\/2026\/08\/1786525331_535_3506cfd6b6865624782efddaa04bf079ad2b08098b89e082b450c8258ce0ff1c.jpg\" alt=\"\"\/><\/p>\n<p>Stora Enso aikoo keskitt\u00e4\u00e4 m\u00e4ntysahauksen Oulun ja Kalajoen sahoille. Kuvassa Oulun saha, joka on parhaillaan yl\u00f6sajovaiheessa.<br \/>\n Vesa Ranta<\/p>\n<p class=\"paragraph\">Stora Enso suunnittelee m\u00e4ntysahauksen keskitt\u00e4mist\u00e4 Kemin Veitsiluodosta Oulun ja Kalajoen sahoille.<\/p>\n<p class=\"paragraph\">Toteutuessaan suunnitelma tarkoittaisi yli 100-vuotiaan Veitsiluodon sahan pysyv\u00e4\u00e4 sulkemista.<\/p>\n<p class=\"paragraph\">Stora Enso aloittaa Veitsiluodon sahaa koskevat muutosneuvottelut, joiden piiriss\u00e4 on noin 60 ty\u00f6ntekij\u00e4\u00e4.<\/p>\n<p class=\"paragraph\">Neuvottelujen arvioidaan kest\u00e4v\u00e4n kolme viikkoa.<\/p>\n<p class=\"paragraph\">Yhti\u00f6n mukaan Veitsiluodon sahan toiminnan jatkaminen vaatisi merkitt\u00e4vi\u00e4 investointeja, kun taas moderni Oulun saha on parhaillaan yl\u00f6sajovaiheessa.<\/p>\n<p class=\"paragraph\">Yhti\u00f6 tavoittelee tuotannon keskitt\u00e4misell\u00e4 tehokkuuden, kannattavuuden ja kilpailukyvyn parantamista. P\u00e4\u00e4t\u00f6ksi\u00e4 sahan sulkemisesta tai henkil\u00f6st\u00f6v\u00e4hennyksist\u00e4 ei tehd\u00e4 ennen muutosneuvottelujen p\u00e4\u00e4ttymist\u00e4.<\/p>\n","protected":false},"excerpt":{"rendered":"Mets\u00e4j\u00e4tti Stora Enso suunnittelee Pohjois-Suomen sahaustuotannon keskitt\u00e4mist\u00e4 ja Veitsiluodon sahan pysyv\u00e4\u00e4 sulkemista. Stora Enso aikoo keskitt\u00e4\u00e4 m\u00e4ntysahauksen Oulun&hellip;\n","protected":false},"author":2,"featured_media":322746,"comment_status":"","ping_status":"","sticky":false,"template":"","format":"standard","meta":{"footnotes":"","_share_on_mastodon":"0"},"categories":[5],"tags":[22,23,26,27,33,31,30,17,24,25,28,29,2256,823,9084,12844,15,18,21,938,32,19,20,16],"class_list":["post-322745","post","type-post","status-publish","format-standard","has-post-thumbnail","category-otsikot","tag-breaking-news","tag-breakingnews","tag-featured-news","tag-featurednews","tag-fi","tag-finland","tag-finnish","tag-headlines","tag-latest-news","tag-latestnews","tag-main-news","tag-mainnews","tag-metsa-ja-paperiteollisuus","tag-metsat","tag-metsateollisuus-metsatalous-ja-siihen-liittyvat-palvelut","tag-metsateollisuus-ja-talousyritykset","tag-news","tag-otsikot","tag-paauutiset","tag-rakennusmateriaalit","tag-suomi","tag-top-stories","tag-topstories","tag-uutiset"],"share_on_mastodon":{"url":"https:\/\/pubeurope.com\/@fi\/117081732104849650","error":""},"_links":{"self":[{"href":"https:\/\/www.europesays.com\/fi\/wp-json\/wp\/v2\/posts\/322745","targetHints":{"allow":["GET"]}}],"collection":[{"href":"https:\/\/www.europesays.com\/fi\/wp-json\/wp\/v2\/posts"}],"about":[{"href":"https:\/\/www.europesays.com\/fi\/wp-json\/wp\/v2\/types\/post"}],"author":[{"embeddable":true,"href":"https:\/\/www.europesays.com\/fi\/wp-json\/wp\/v2\/users\/2"}],"replies":[{"embeddable":true,"href":"https:\/\/www.europesays.com\/fi\/wp-json\/wp\/v2\/comments?post=322745"}],"version-history":[{"count":0,"href":"https:\/\/www.europesays.com\/fi\/wp-json\/wp\/v2\/posts\/322745\/revisions"}],"wp:featuredmedia":[{"embeddable":true,"href":"https:\/\/www.europesays.com\/fi\/wp-json\/wp\/v2\/media\/322746"}],"wp:attachment":[{"href":"https:\/\/www.europesays.com\/fi\/wp-json\/wp\/v2\/media?parent=322745"}],"wp:term":[{"taxonomy":"category","embeddable":true,"href":"https:\/\/www.europesays.com\/fi\/wp-json\/wp\/v2\/categories?post=322745"},{"taxonomy":"post_tag","embeddable":true,"href":"https:\/\/www.europesays.com\/fi\/wp-json\/wp\/v2\/tags?post=322745"}],"curies":[{"name":"wp","href":"https:\/\/api.w.org\/{rel}","templated":true}]}}