{"id":322953,"date":"2026-08-12T15:19:15","date_gmt":"2026-08-12T15:19:15","guid":{"rendered":"https:\/\/www.europesays.com\/fi\/322953\/"},"modified":"2026-08-12T15:19:15","modified_gmt":"2026-08-12T15:19:15","slug":"koko-maailma-nauraa-suomelle-karhunmetsastajat-lieksassa-tyrmistyneita-vaatimuksesta-jattaa-ruhot-hyodyntamatta-pohjois-karjala","status":"publish","type":"post","link":"https:\/\/www.europesays.com\/fi\/322953\/","title":{"rendered":"\u201dKoko maailma nauraa Suomelle\u201d \u2013 karhun\u00admets\u00e4st\u00e4j\u00e4t Lieksassa tyrmistyneit\u00e4 vaatimuksesta j\u00e4tt\u00e4\u00e4 ruhot hy\u00f6dynt\u00e4m\u00e4tt\u00e4 | Pohjois-Karjala"},"content":{"rendered":"<p class=\"aw__sc-1qwuw0s-0 aw__sc-1vg2sqm-0 epAWpq ecELkD yle__article__paragraph\">Luonnonsuojeluliitto Tapiolan piirij\u00e4rjest\u00f6 vaatii, ett\u00e4 kaadettujen karhujen ruhoja ei tulisi luovuttaa mets\u00e4st\u00e4jille.<\/p>\n<p><img decoding=\"async\" alt=\"Kuollut uroskarhu makaa m\u00e4tt\u00e4\u00e4ll\u00e4, taustalla kyykyss\u00e4 karhun ampunut mets\u00e4st\u00e4j\u00e4.\" src=\"https:\/\/www.europesays.com\/fi\/wp-content\/uploads\/2026\/08\/1597923283.jpeg\" class=\"aw__sc-dklauk-0 LPzKX\"\/><\/p>\n<p>Avaa kuvien katselu<\/p>\n<p>Toistaiseksi t\u00e4m\u00e4n vuoden karhunkaatoluvista on valitettu vain Lieksan lupien osalta. Arkistokuva. Kuva: Ari Haimakainen \/ Yle<\/p>\n<ul class=\"aw__sc-1yb43iq-0 gFXHv yle__article__list yle__article__list--ul\">\n<li class=\"aw__sc-1yb43iq-1 gVAzbt\">Luonnonsuojeluj\u00e4rjest\u00f6 vaatii hallinto-oikeudessa Lieksan 24 karhunkaatolupien perumista. Liitto vaatii my\u00f6s, ett\u00e4 kaadetun karhun ruho pit\u00e4\u00e4 h\u00e4vitt\u00e4\u00e4 tai luovuttaa valtiolle.<\/li>\n<li class=\"aw__sc-1yb43iq-1 gVAzbt\">Lieksan mets\u00e4st\u00e4j\u00e4t pit\u00e4v\u00e4t vaatimusta k\u00e4sitt\u00e4m\u00e4tt\u00f6m\u00e4n\u00e4. Heid\u00e4n mukaansa ruhon hy\u00f6dynt\u00e4minen on olennainen osa mets\u00e4styst\u00e4.<\/li>\n<li class=\"aw__sc-1yb43iq-1 gVAzbt\">It\u00e4-Suomen hallinto-oikeus tiedottaa torstaina, voiko karhunmets\u00e4stys alkaa suunnitellusti 20. elokuuta.<\/li>\n<\/ul>\n<p class=\"aw__sc-1qwuw0s-0 aw__sc-ngllmo-0 epAWpq fzYpjk yle__article__paragraph\">Lieksan karhunmets\u00e4st\u00e4j\u00e4t pit\u00e4v\u00e4t k\u00e4sitt\u00e4m\u00e4tt\u00f6m\u00e4n\u00e4 vaatimusta, jonka mukaan kaadetun karhun ruho pit\u00e4isi h\u00e4vitt\u00e4\u00e4 tai luovuttaa valtiolle.<\/p>\n<p class=\"aw__sc-1qwuw0s-0 aw__sc-ngllmo-0 epAWpq fzYpjk yle__article__paragraph\">Luonnonsuojeluliitto Tapiola Karelia vaatii It\u00e4-Suomen hallinto-oikeudessa, ett\u00e4 <a class=\"aw__sc-ngllmo-1 bTDnwX yle__article__link\" href=\"https:\/\/yle.fi\/a\/74-20240373\" role=\"link\" rel=\"nofollow noopener\" target=\"_blank\">Lieksaan my\u00f6nnetyt 24 karhunkaatolupaa peruttaisiin<\/a>. Toissijaisesti liitto vaatii, ett\u00e4 karhun ruhon tai sen osien hallussapito kiellet\u00e4\u00e4n mets\u00e4st\u00e4jilt\u00e4.<\/p>\n<p class=\"aw__sc-1qwuw0s-0 aw__sc-ngllmo-0 epAWpq fzYpjk yle__article__paragraph\">Lieksan riistanhoitoyhdistyksen toiminnanohjaaja <strong class=\"aw__sc-ngllmo-2 gdRrun yle__article__strong\">Seppo Raassinan<\/strong> mukaan ruhon hy\u00f6dynt\u00e4minen on olennainen osa mets\u00e4stysharrastusta.<\/p>\n<p class=\"aw__sc-1qwuw0s-0 aw__sc-ngllmo-0 epAWpq fzYpjk yle__article__paragraph\">\u2013 Mets\u00e4stys on toki muutenkin mukavaa, mutta eih\u00e4n siin\u00e4 ole kyse pelk\u00e4st\u00e4 el\u00e4imen tappamisesta, Raassina sanoo.<\/p>\n<p class=\"aw__sc-1qwuw0s-0 aw__sc-ngllmo-0 epAWpq fzYpjk yle__article__paragraph\">Pitk\u00e4n linjan mets\u00e4stysaktiivi <strong class=\"aw__sc-ngllmo-2 gdRrun yle__article__strong\">Reijo Kortelainen<\/strong> on Raassinan kanssa samaa mielt\u00e4.<\/p>\n<p class=\"aw__sc-1qwuw0s-0 aw__sc-ngllmo-0 epAWpq fzYpjk yle__article__paragraph\">\u2013 T\u00e4ll\u00e4 logiikalla esimerkiksi mets\u00e4kanalinnutkin pit\u00e4isi vain ampua, eik\u00e4 niit\u00e4 saisi sy\u00f6d\u00e4. Koko maailma nauraa Suomelle, jos t\u00e4m\u00e4 vaatimus menee l\u00e4pi, Kortelainen toteaa.<\/p>\n<p class=\"aw__sc-1qwuw0s-0 aw__sc-ngllmo-0 epAWpq fzYpjk yle__article__paragraph\">Raassina ja Kortelainen uskovat, ett\u00e4 karhunmets\u00e4stys alkaa Lieksassa valituksesta huolimatta ensi viikolla. Karhujahdin yhdyshenkil\u00f6n <strong class=\"aw__sc-ngllmo-2 gdRrun yle__article__strong\">Yrj\u00f6 Erosen<\/strong> mukaan karhuja on l\u00e4hd\u00f6ss\u00e4 kaatamaan noin 500 mets\u00e4st\u00e4j\u00e4\u00e4.<\/p>\n<p class=\"aw__sc-1qwuw0s-0 aw__sc-ngllmo-0 epAWpq fzYpjk yle__article__paragraph\">\u2013 Kanta on kasvanut ja havaintoja on ollut niin paljon, ett\u00e4 el\u00e4inten etsiminen ei tule tuottamaan ongelmia, Eronen sanoo.<\/p>\n<p>Luottoa ennakkop\u00e4\u00e4t\u00f6kseen<\/p>\n<p class=\"aw__sc-1qwuw0s-0 aw__sc-ngllmo-0 epAWpq fzYpjk yle__article__paragraph\">It\u00e4-Suomen hallinto-oikeus tiedottaa huomenna, voiko karhunmets\u00e4stys k\u00e4ynnisty\u00e4 it\u00e4isell\u00e4 ja keskisell\u00e4 kannanhoitoalueella suunnitellusti 20. elokuuta.<\/p>\n<p class=\"aw__sc-1qwuw0s-0 aw__sc-ngllmo-0 epAWpq fzYpjk yle__article__paragraph\">Suomen riistakeskus my\u00f6nsi hein\u00e4kuussa poikkeusluvat <a class=\"aw__sc-ngllmo-1 bTDnwX yle__article__link\" href=\"https:\/\/yle.fi\/a\/74-20235811\" role=\"link\" rel=\"nofollow noopener\" target=\"_blank\">yhteens\u00e4 182 karhun mets\u00e4stykseen<\/a>. Suurin osa luvista my\u00f6nnettiin Pohjois-Karjalaan, jossa on maan vahvin karhukanta.<\/p>\n<p class=\"aw__sc-1qwuw0s-0 aw__sc-ngllmo-0 epAWpq fzYpjk yle__article__paragraph\">Karhuja ei ole mets\u00e4stetty poronhoitoalueen ulkopuolella vuoden 2023 j\u00e4lkeen, koska poikkeusluvista on valitettu joka vuosi. Reijo Kortelaisen mielest\u00e4 nyt olisi korkea aika sallia karhujahti.<\/p>\n<p class=\"aw__sc-1qwuw0s-0 aw__sc-ngllmo-0 epAWpq fzYpjk yle__article__paragraph\">\u2013 Tied\u00e4n ihmisi\u00e4, jotka eiv\u00e4t en\u00e4\u00e4 uskalla menn\u00e4 marjastamaan, koska karhuja on niin paljon. Kukaan ei vihaa karhua, vaan kyse on kannan hillitsemisest\u00e4, h\u00e4n sanoo.<\/p>\n<p class=\"aw__sc-1qwuw0s-0 aw__sc-ngllmo-0 epAWpq fzYpjk yle__article__paragraph\">Kes\u00e4kuussa korkein hallinto-oikeus totesi, ett\u00e4 viime vuonna my\u00f6nnetyt poikkeusluvat Joensuun ja Enon riistanhoitoalueilla <a class=\"aw__sc-ngllmo-1 bTDnwX yle__article__link\" href=\"https:\/\/yle.fi\/a\/74-20229079\" role=\"link\" rel=\"nofollow noopener\" target=\"_blank\">olivat lain mukaisia<\/a>. Seppo Raassina pit\u00e4\u00e4 sen vuoksi selv\u00e4n\u00e4, ettei kaatolupia nyt kumota.<\/p>\n<p class=\"aw__sc-1qwuw0s-0 aw__sc-ngllmo-0 epAWpq fzYpjk yle__article__paragraph\">\u2013 En ole huolissani. Karhujahti toteutuu t\u00e4ll\u00e4 kertaa, h\u00e4n sanoo.<\/p>\n<p class=\"aw__sc-1qwuw0s-0 aw__sc-ngllmo-0 epAWpq fzYpjk yle__article__paragraph\">Luonnonsuojeluliitto Tapiola ilmoitti Ylelle, ettei se kommentoi tekem\u00e4\u00e4ns\u00e4 valitusta tarkemmin.<\/p>\n","protected":false},"excerpt":{"rendered":"Luonnonsuojeluliitto Tapiolan piirij\u00e4rjest\u00f6 vaatii, ett\u00e4 kaadettujen karhujen ruhoja ei tulisi luovuttaa mets\u00e4st\u00e4jille. Avaa kuvien katselu Toistaiseksi t\u00e4m\u00e4n vuoden&hellip;\n","protected":false},"author":2,"featured_media":322954,"comment_status":"","ping_status":"","sticky":false,"template":"","format":"standard","meta":{"footnotes":"","_share_on_mastodon":"0"},"categories":[12],"tags":[22,23,404,26,27,33,31,30,17,882,2937,71,24,25,1255,28,29,479,15,18,21,883,1137,32,19,20,16],"class_list":["post-322953","post","type-post","status-publish","format-standard","has-post-thumbnail","category-suomi","tag-breaking-news","tag-breakingnews","tag-elaimet","tag-featured-news","tag-featurednews","tag-fi","tag-finland","tag-finnish","tag-headlines","tag-karhu","tag-karhunmetsastys","tag-kotimaa","tag-latest-news","tag-latestnews","tag-lieksa","tag-main-news","tag-mainnews","tag-metsastys","tag-news","tag-otsikot","tag-paauutiset","tag-petoelaimet","tag-pohjois-karjala","tag-suomi","tag-top-stories","tag-topstories","tag-uutiset"],"share_on_mastodon":{"url":"https:\/\/pubeurope.com\/@fi\/117083214612489056","error":""},"_links":{"self":[{"href":"https:\/\/www.europesays.com\/fi\/wp-json\/wp\/v2\/posts\/322953","targetHints":{"allow":["GET"]}}],"collection":[{"href":"https:\/\/www.europesays.com\/fi\/wp-json\/wp\/v2\/posts"}],"about":[{"href":"https:\/\/www.europesays.com\/fi\/wp-json\/wp\/v2\/types\/post"}],"author":[{"embeddable":true,"href":"https:\/\/www.europesays.com\/fi\/wp-json\/wp\/v2\/users\/2"}],"replies":[{"embeddable":true,"href":"https:\/\/www.europesays.com\/fi\/wp-json\/wp\/v2\/comments?post=322953"}],"version-history":[{"count":0,"href":"https:\/\/www.europesays.com\/fi\/wp-json\/wp\/v2\/posts\/322953\/revisions"}],"wp:featuredmedia":[{"embeddable":true,"href":"https:\/\/www.europesays.com\/fi\/wp-json\/wp\/v2\/media\/322954"}],"wp:attachment":[{"href":"https:\/\/www.europesays.com\/fi\/wp-json\/wp\/v2\/media?parent=322953"}],"wp:term":[{"taxonomy":"category","embeddable":true,"href":"https:\/\/www.europesays.com\/fi\/wp-json\/wp\/v2\/categories?post=322953"},{"taxonomy":"post_tag","embeddable":true,"href":"https:\/\/www.europesays.com\/fi\/wp-json\/wp\/v2\/tags?post=322953"}],"curies":[{"name":"wp","href":"https:\/\/api.w.org\/{rel}","templated":true}]}}