{"id":323003,"date":"2026-08-12T16:29:11","date_gmt":"2026-08-12T16:29:11","guid":{"rendered":"https:\/\/www.europesays.com\/fi\/323003\/"},"modified":"2026-08-12T16:29:11","modified_gmt":"2026-08-12T16:29:11","slug":"yle-avaa-ovensa-syyskuussa-juhlavuoden-kunniaksi-ylen-tiedotteet","status":"publish","type":"post","link":"https:\/\/www.europesays.com\/fi\/323003\/","title":{"rendered":"Yle avaa ovensa syyskuussa juhlavuoden kunniaksi | Ylen tiedotteet"},"content":{"rendered":"<p class=\"aw__sc-1qwuw0s-0 aw__sc-ngllmo-0 epAWpq fzYpjk yle__article__paragraph\">Ylen ovet Helsingin Pasilassa avautuvat pitk\u00e4n tauon j\u00e4lkeen <strong class=\"aw__sc-ngllmo-2 gdRrun yle__article__strong\">lauantaina 19. syyskuuta 2026 kello 10\u201316<\/strong>. P\u00e4iv\u00e4 tarjoaa ainutlaatuisen ja monipuolisen mahdollisuuden tutustua Ylen toimintaan, tavata rakastettuja ohjelmien tekij\u00f6it\u00e4, kasvoja ja \u00e4\u00e4ni\u00e4 sek\u00e4 kurkistaa kulissien taakse.<\/p>\n<p class=\"aw__sc-1qwuw0s-0 aw__sc-ngllmo-0 epAWpq fzYpjk yle__article__paragraph\">Pasilan Studiotalossa vierailijat p\u00e4\u00e4sev\u00e4t Yle Kadulle, jossa Ylen eri br\u00e4ndit, tutut ohjelmat ja kasvot esitt\u00e4ytyv\u00e4t omilla pisteill\u00e4\u00e4n ja tarjoavat el\u00e4myksellist\u00e4 tekemist\u00e4. Mukana ovat muun muassa Yle Uutiset ja Yle Urheilu, Yle Radio Suomi, Yle Vega, Yle Arkisto, BUU-klubben ja Yle Kioski. Nuorten pelinurkkauksessa Yle Galaxin, Yle Luuttiklubin ja Yle Summerin poppoo pist\u00e4\u00e4 pelit pystyyyn.<\/p>\n<p class=\"aw__sc-1qwuw0s-0 aw__sc-ngllmo-0 epAWpq fzYpjk yle__article__paragraph\">P\u00e4iv\u00e4n aikana j\u00e4rjestet\u00e4\u00e4n my\u00f6s esittelyit\u00e4 Ylen uutis- ja urheilutoimitukseen sek\u00e4 puvuston ja rekvisiitan kiehtoviin maailmoihin, joissa voi tavata tuttuja kasvoja sek\u00e4 bongata ikonisia asuja ja kiinnostavia esineit\u00e4.<\/p>\n<p>N\u00e4e etuk\u00e4teen syksyn odotetuimpia sarjoja \u2013 piha-alueella Str\u00f6ms\u00f6n keitti\u00f6 ja Yle 100 -bussi<\/p>\n<p class=\"aw__sc-1qwuw0s-0 aw__sc-ngllmo-0 epAWpq fzYpjk yle__article__paragraph\">Ison Pajan auditoriossa p\u00e4\u00e4see kurkistamaan jo ennakkoon Ylen syksyn ohjelmistoon. Vierailijat p\u00e4\u00e4sev\u00e4t ensimm\u00e4isten joukossa n\u00e4kem\u00e4\u00e4n jaksoja j\u00e4nnitt\u00e4v\u00e4st\u00e4 taitoluisteludraama Fokuksesta, odotetusta black metal -sarjakuvamaailmaan sijoittuvasta Belzebubsista ja suositun, erityisesti nuoria koskettavia aiheita k\u00e4sittelev\u00e4n R\u00e4j\u00e4hdysherkk\u00e4-draamasarjan viimeisest\u00e4 kaudesta. Sarjojen tekij\u00e4t ovat paikan p\u00e4\u00e4ll\u00e4 vastaamassa kysymyksiin ja kertomassa siit\u00e4, miten ohjelmat syntyv\u00e4t. N\u00e4yt\u00f6ksiin on <a class=\"aw__sc-ngllmo-1 bTDnwX yle__article__link\" href=\"https:\/\/yle.fi\/a\/74-20240394\" role=\"link\" rel=\"nofollow noopener\" target=\"_blank\">ennakkoilmoittautuminen<\/a>.<\/p>\n<p class=\"aw__sc-1qwuw0s-0 aw__sc-ngllmo-0 epAWpq fzYpjk yle__article__paragraph\">My\u00f6s Ylen piha-alueella riitt\u00e4\u00e4 koettavaa, sill\u00e4 Yle 100 -bussi tuo mukanaan Puoli seitsem\u00e4n -ohjelmasta tuttuja kasvoja ja mukavaa yhteist\u00e4 tekemist\u00e4. Str\u00f6ms\u00f6n porukka puolestaan saapuu Vaasasta asti paistamaan lettuja ja tapaamaan ihmisi\u00e4.<\/p>\n<p class=\"aw__sc-1qwuw0s-0 aw__sc-ngllmo-0 epAWpq fzYpjk yle__article__paragraph\">Kaikki ovat tervetulleita Pasilaan viett\u00e4m\u00e4\u00e4n ikimuistoista p\u00e4iv\u00e4\u00e4 19. syyskuuta 2026. Tapahtuma on maksuton eik\u00e4 siihen tarvitse ilmoittautua ennakkoon, mutta Pasilan tiloihin ja tapahtuma-alueelle mahtuu kerrallaan rajattu m\u00e4\u00e4r\u00e4 osallistujia.<br \/>Ruokapuolesta vastaavat Studiotalon Studio 10 -ravintola sek\u00e4 piha-alueen ruokapisteet.<\/p>\n<p class=\"aw__sc-1qwuw0s-0 aw__sc-ngllmo-0 epAWpq fzYpjk yle__article__paragraph\">Tutustu <a class=\"aw__sc-ngllmo-1 bTDnwX yle__article__link\" href=\"https:\/\/yle.fi\/a\/74-20240398\" role=\"link\" rel=\"nofollow noopener\" target=\"_blank\">p\u00e4ivittyv\u00e4\u00e4n tapahtumainfoon t\u00e4st\u00e4<\/a>. Muutokset ohjelmaan ovat mahdollisia.<\/p>\n<p>P\u00e4iv\u00e4n ohjelma, lauantaina 19.9. klo 10.00\u201316.00:<\/p>\n<p class=\"aw__sc-1qwuw0s-0 aw__sc-ngllmo-0 epAWpq fzYpjk yle__article__paragraph\"><strong class=\"aw__sc-ngllmo-2 gdRrun yle__article__strong\">Studiotalon Yle Katu<\/strong><\/p>\n<p class=\"aw__sc-1qwuw0s-0 aw__sc-ngllmo-0 epAWpq fzYpjk yle__article__paragraph\">Ylen sis\u00e4lt\u00f6jen tekij\u00f6it\u00e4 on tavattavissa koko tapahtuman ajan Studiotalon toisen kerroksen Yle Kadulla. Mukana ovat Yle Urheilu, Yle Sporten, Yle Uutiset, Svenska Ylen uutiset, Yle Vega, Yle Watt, BUU-klubben, Yle Kioski, Yle Radio Suomi, Ylen arkisto sek\u00e4 El\u00e4v\u00e4 Arkisto.<\/p>\n<p class=\"aw__sc-1qwuw0s-0 aw__sc-ngllmo-0 epAWpq fzYpjk yle__article__paragraph\">Lis\u00e4ksi paikalla on erityisesti nuorille suunnattu pelinurkkaus ja n\u00e4ht\u00e4vill\u00e4 on my\u00f6s rakastetun Pikku Kakkosen rekvisiittaa.<\/p>\n<p class=\"aw__sc-1qwuw0s-0 aw__sc-ngllmo-0 epAWpq fzYpjk yle__article__paragraph\"><strong class=\"aw__sc-ngllmo-2 gdRrun yle__article__strong\">Rekvisiittakierros, Studiotalo<\/strong><\/p>\n<p class=\"aw__sc-1qwuw0s-0 aw__sc-ngllmo-0 epAWpq fzYpjk yle__article__paragraph\">Rekvisiitan tiloihin ja kokoelmiin p\u00e4\u00e4see kurkistamaan rekvisiittakierroksella, jonka aikana on mahdollista n\u00e4hd\u00e4 Ylen tarpeistoa ja sen kiinnostavia esineit\u00e4 ja kuulla rekvisiitan toiminnasta. N\u00e4ht\u00e4viss\u00e4 on mm. legendaarinen Miss Suomi -tuoli kilpailun alkuajoilta, UMK:sta tuttuja tavaroita sek\u00e4 talossa valmistettuja erikoisrekvisiittoja kuten j\u00e4ttipunkki.<\/p>\n<p class=\"aw__sc-1qwuw0s-0 aw__sc-ngllmo-0 epAWpq fzYpjk yle__article__paragraph\">Tapahtumassa p\u00e4\u00e4see tutustumaan my\u00f6s Ylen puvuston luomuksiin sek\u00e4 kuulemaan puvuston ty\u00f6st\u00e4.<\/p>\n<p class=\"aw__sc-1qwuw0s-0 aw__sc-ngllmo-0 epAWpq fzYpjk yle__article__paragraph\"><strong class=\"aw__sc-ngllmo-2 gdRrun yle__article__strong\">Tutustuminen Yle Uutisiin ja Yle Urheiluun, Mediatalo<\/strong><\/p>\n<p class=\"aw__sc-1qwuw0s-0 aw__sc-ngllmo-0 epAWpq fzYpjk yle__article__paragraph\">Uutis- ja urheilutoimitusten esittelyt j\u00e4rjestet\u00e4\u00e4n klo 11.00, 13.00 ja 15.00.<\/p>\n<p class=\"aw__sc-1qwuw0s-0 aw__sc-ngllmo-0 epAWpq fzYpjk yle__article__paragraph\">Esittelyss\u00e4 kuullaan perustietoa Yle Uutisten ja Urheilun toiminnasta ja jututetaan tekij\u00f6it\u00e4. Mukana ovat muun muassa toimittajat <strong class=\"aw__sc-ngllmo-2 gdRrun yle__article__strong\">Antti-Jussi Sipil\u00e4<\/strong> ja <strong class=\"aw__sc-ngllmo-2 gdRrun yle__article__strong\">Inka Henelius<\/strong> sek\u00e4 kirjeenvaihtaja <strong class=\"aw__sc-ngllmo-2 gdRrun yle__article__strong\">Antti Kuronen<\/strong>. Esittelyn kesto on vajaa tunti, mukaan jokaiselle kierrokselle mahtuu 40 ensimm\u00e4iseksi mukaan ilmoittautunutta. Ilmoittautumispiste sijaitsee tapahtuma-alueen infopisteen yhteydess\u00e4.<\/p>\n<p class=\"aw__sc-1qwuw0s-0 aw__sc-ngllmo-0 epAWpq fzYpjk yle__article__paragraph\"><strong class=\"aw__sc-ngllmo-2 gdRrun yle__article__strong\">Ennakkon\u00e4yt\u00f6kset, Ison Pajan auditorio<\/strong><\/p>\n<p class=\"aw__sc-1qwuw0s-0 aw__sc-ngllmo-0 epAWpq fzYpjk yle__article__paragraph\">klo 11.00 R\u00e4j\u00e4hdysherkk\u00e4-draamasarjan kolmannen kauden ensimm\u00e4isen jakson ennakkokatselu ja tekij\u00f6iden kysymys-vastaus-osio. Mukana sarjasta Meri\u00e4 n\u00e4yttelev\u00e4 <strong class=\"aw__sc-ngllmo-2 gdRrun yle__article__strong\">Minttu Halttula<\/strong>, sarjan ohjaaja <strong class=\"aw__sc-ngllmo-2 gdRrun yle__article__strong\">Jani Ilom\u00e4ki<\/strong> ja k\u00e4sikirjoittaja <strong class=\"aw__sc-ngllmo-2 gdRrun yle__article__strong\">Pilke Salo<\/strong>.<\/p>\n<p class=\"aw__sc-1qwuw0s-0 aw__sc-ngllmo-0 epAWpq fzYpjk yle__article__paragraph\">klo 12.30 Fokus-draamasarjan ensimm\u00e4isen jakson ennakkokatselu ja tekij\u00f6iden kysymys-vastaus-osio. Mukana ovat k\u00e4sikirjoittaja <strong class=\"aw__sc-ngllmo-2 gdRrun yle__article__strong\">Maaria Nuoranne<\/strong>, k\u00e4sikirjoittaja-tuottaja <strong class=\"aw__sc-ngllmo-2 gdRrun yle__article__strong\">Ronja Haikka<\/strong> ja p\u00e4\u00e4osan\u00e4yttelij\u00e4t <strong class=\"aw__sc-ngllmo-2 gdRrun yle__article__strong\">Stella Leppikorpi<\/strong> sek\u00e4 <strong class=\"aw__sc-ngllmo-2 gdRrun yle__article__strong\">Oksana Lommi<\/strong>.<\/p>\n<p class=\"aw__sc-1qwuw0s-0 aw__sc-ngllmo-0 epAWpq fzYpjk yle__article__paragraph\">klo 14.00 Belzebubs-animaatiosarjan ensimm\u00e4inen jakson ennakkokatselu ja tekij\u00f6iden kysymys-vastaus-osio. Mukana sarjakuvan luoja ja sarjan p\u00e4\u00e4k\u00e4sikirjoittaja <strong class=\"aw__sc-ngllmo-2 gdRrun yle__article__strong\">JP Ahonen<\/strong> sek\u00e4 sarjassa \u00e4\u00e4nin\u00e4yttelev\u00e4 <strong class=\"aw__sc-ngllmo-2 gdRrun yle__article__strong\">Elias Salonen<\/strong>.<br \/><a class=\"aw__sc-ngllmo-1 bTDnwX yle__article__link\" href=\"https:\/\/yle.fi\/a\/74-20240394\" role=\"link\" rel=\"nofollow noopener\" target=\"_blank\">Ilmoittaudu mukaan t\u00e4\u00e4ll\u00e4.<\/a><\/p>\n<p class=\"aw__sc-1qwuw0s-0 aw__sc-ngllmo-0 epAWpq fzYpjk yle__article__paragraph\"><strong class=\"aw__sc-ngllmo-2 gdRrun yle__article__strong\">Piha-alue<\/strong> Yle 100 -bussi tuo mukanaan Puoli seitsem\u00e4n -ohjelman tuttuja kasvoja ja mukavaa yhteist\u00e4 tekemist\u00e4. Str\u00f6ms\u00f6n porukka puolestaan saapuu Vaasasta asti paistamaan lettuja ja tapaamaan ihmisi\u00e4.<\/p>\n<p class=\"aw__sc-1qwuw0s-0 aw__sc-ngllmo-0 epAWpq fzYpjk yle__article__paragraph\">Ajankohtaiset tiedot ja yleisi\u00e4 ohjeita tapahtumasta<a class=\"aw__sc-ngllmo-1 bTDnwX yle__article__link\" href=\"https:\/\/yle.fi\/a\/74-20240398\" role=\"link\" rel=\"nofollow noopener\" target=\"_blank\"> tapahtumainfoartikkelissa<\/a>.<\/p>\n<p class=\"aw__sc-1qwuw0s-0 aw__sc-ngllmo-0 epAWpq fzYpjk yle__article__paragraph\">Yle 100 -juhlavuotta vietet\u00e4\u00e4n laajasti, lue lis\u00e4\u00e4 juhlavuodesta:<a class=\"aw__sc-ngllmo-1 bTDnwX yle__article__link\" href=\"http:\/\/yle.fi\/yle100\" role=\"link\" rel=\"nofollow noopener\" target=\"_blank\"> yle.fi\/yle100<\/a><\/p>\n","protected":false},"excerpt":{"rendered":"Ylen ovet Helsingin Pasilassa avautuvat pitk\u00e4n tauon j\u00e4lkeen lauantaina 19. syyskuuta 2026 kello 10\u201316. P\u00e4iv\u00e4 tarjoaa ainutlaatuisen ja&hellip;\n","protected":false},"author":2,"featured_media":323004,"comment_status":"","ping_status":"","sticky":false,"template":"","format":"standard","meta":{"footnotes":"","_share_on_mastodon":"0"},"categories":[133],"tags":[137,33,31,30,32,206,156,109,1149,36195],"class_list":["post-323003","post","type-post","status-publish","format-standard","has-post-thumbnail","category-televisiot","tag-entertainment","tag-fi","tag-finland","tag-finnish","tag-suomi","tag-televisiot","tag-tv","tag-viihde","tag-yle","tag-ylen-tiedotteet"],"share_on_mastodon":{"url":"https:\/\/pubeurope.com\/@fi\/117083489216398908","error":""},"_links":{"self":[{"href":"https:\/\/www.europesays.com\/fi\/wp-json\/wp\/v2\/posts\/323003","targetHints":{"allow":["GET"]}}],"collection":[{"href":"https:\/\/www.europesays.com\/fi\/wp-json\/wp\/v2\/posts"}],"about":[{"href":"https:\/\/www.europesays.com\/fi\/wp-json\/wp\/v2\/types\/post"}],"author":[{"embeddable":true,"href":"https:\/\/www.europesays.com\/fi\/wp-json\/wp\/v2\/users\/2"}],"replies":[{"embeddable":true,"href":"https:\/\/www.europesays.com\/fi\/wp-json\/wp\/v2\/comments?post=323003"}],"version-history":[{"count":0,"href":"https:\/\/www.europesays.com\/fi\/wp-json\/wp\/v2\/posts\/323003\/revisions"}],"wp:featuredmedia":[{"embeddable":true,"href":"https:\/\/www.europesays.com\/fi\/wp-json\/wp\/v2\/media\/323004"}],"wp:attachment":[{"href":"https:\/\/www.europesays.com\/fi\/wp-json\/wp\/v2\/media?parent=323003"}],"wp:term":[{"taxonomy":"category","embeddable":true,"href":"https:\/\/www.europesays.com\/fi\/wp-json\/wp\/v2\/categories?post=323003"},{"taxonomy":"post_tag","embeddable":true,"href":"https:\/\/www.europesays.com\/fi\/wp-json\/wp\/v2\/tags?post=323003"}],"curies":[{"name":"wp","href":"https:\/\/api.w.org\/{rel}","templated":true}]}}