{"id":323027,"date":"2026-08-12T17:01:12","date_gmt":"2026-08-12T17:01:12","guid":{"rendered":"https:\/\/www.europesays.com\/fi\/323027\/"},"modified":"2026-08-12T17:01:12","modified_gmt":"2026-08-12T17:01:12","slug":"juha-laaksonen-kertoo-mika-suomen-luonnossa-huolettaa-eniten","status":"publish","type":"post","link":"https:\/\/www.europesays.com\/fi\/323027\/","title":{"rendered":"Juha Laaksonen kertoo, mik\u00e4 Suomen luonnossa huolettaa eniten"},"content":{"rendered":"<p>\n  Ylen Luontoillasta tuttu toimittaja ja kirjailija Juha Laaksonen harmittelee suomalaisen mets\u00e4keskustelun tasoa.<\/p>\n<p>Ylen Luontoillasta tuttu <strong>Juha Laaksonen<\/strong> uskoo, ettei luontoel\u00e4myksi\u00e4 tarvitse l\u00e4hte\u00e4 etsim\u00e4\u00e4n er\u00e4maasta asti.<\/p>\n<p>Milt\u00e4 suomalaisten luontosuhde n\u00e4ytt\u00e4\u00e4 nyky\u00e4\u00e4n?<\/p>\n<p>Aika vaikea kysymys, kun suomalaisia on tietysti joka l\u00e4ht\u00f6\u00f6n. Jos politiikkaakin ajattelee, niin luonnosta puhutaan tosi mielell\u00e4\u00e4n, mutta teot voivat olla erilaisia. Yleisesti ottaen ihmiset ovat kiinnostuneita luonnosta ja mielell\u00e4\u00e4n kyselev\u00e4t siit\u00e4. V\u00e4h\u00e4n kaksijakoiselta se suhde n\u00e4ytt\u00e4\u00e4.<\/p>\n<p>On vanha sanonta, ett\u00e4 luonnossa sielu lep\u00e4\u00e4?<\/p>\n<p>Se on toisaalta pahin klisee, mit\u00e4 on, mutta toisaalta se ei ole v\u00e4\u00e4rin sanottu, koska edelleen ihmiset menev\u00e4t luontoon juuri rauhoittumaan ja rentoutumaan. Suurin osa tykk\u00e4\u00e4 olla ulkona ja k\u00e4vell\u00e4 mets\u00e4ss\u00e4.<\/p>\n<p>Mik\u00e4 Suomen luonnossa huolettaa sinua?<\/p>\n<p>Vanhojen metsien v\u00e4heneminen. Suomessa on tietysti ihan tolkuttomasti mets\u00e4\u00e4, mutta on eri asia puhua vanhasta mets\u00e4st\u00e4 kuin nuoresta mets\u00e4st\u00e4. Ihmettelen, miksi jotkut suhtautuvat hirve\u00e4n kriittisesti siihen, ett\u00e4 yritet\u00e4\u00e4n puhua vanhojen metsien puolesta. Olisi hyv\u00e4, ett\u00e4 p\u00e4\u00e4st\u00e4isiin keskustelukonsensukseen ja irvailtaisiin v\u00e4hemm\u00e4n. Minusta mets\u00e4\u00e4 voi ja pit\u00e4\u00e4 k\u00e4ytt\u00e4\u00e4 hyv\u00e4ksi, mutta miksei niit\u00e4 viimeisi\u00e4 vanhoja metsi\u00e4 voisi j\u00e4tt\u00e4\u00e4 rauhaan?<\/p>\n<p>Ent\u00e4 mik\u00e4 Suomen luonnossa ilahduttaa sinua?<\/p>\n<p>Kaupunkiluonto. Luonnon monimuotoisuutta l\u00f6ytyy aika l\u00e4helt\u00e4 asuinalueita. Ehk\u00e4 neuvoni voisi olla, ett\u00e4 ei v\u00e4ltt\u00e4m\u00e4tt\u00e4 tarvitse l\u00e4hte\u00e4 er\u00e4maahan tai muualle kauas, jotta voi kokea luontoa ja havaita kaikenlaisia j\u00e4nnitt\u00e4vi\u00e4 tapahtumia. Ei kannata ajatella, ett\u00e4 kaikki ihmeellinen tapahtuu jossain kaukana. Omalla pihallaankin voi n\u00e4hd\u00e4 kaikenn\u00e4k\u00f6ist\u00e4.<\/p>\n<p>Onko kes\u00e4 paras aika luontoharrastukselle?<\/p>\n<p>Kaikki vuodenajat ovat hyvi\u00e4 luontoharrastukselle, kannustan ymp\u00e4rivuotiseen retkeilyyn. Talvella voi seurata lumij\u00e4lki\u00e4. Syksyll\u00e4 on hienoja v\u00e4rej\u00e4 ja tuoksuja luonnossa sek\u00e4 paljon linnunpoikasia ja nis\u00e4kk\u00e4iden poikasia. Se on tosi kivaa aikaa. Ja kes\u00e4ll\u00e4 tietysti y\u00f6tt\u00f6m\u00e4ss\u00e4 y\u00f6ss\u00e4 el\u00e4imet ovat tosi aktiivisia. Jos voisin t\u00e4ysin vapaasti valita, nukkuisin p\u00e4iv\u00e4t ja valvoisin kaikki y\u00f6t katselemassa el\u00e4imi\u00e4.<\/p>\n<p><a href=\"https:\/\/seura.fi\/ilmiot\/tiede-ja-luonto\/juha-laaksonen-loytaa-luonnon-ilot-lahtelta\/\" target=\"_blank\" rel=\"noreferrer noopener nofollow\">Lue my\u00f6s: Ylen Luontoillan Juha Laaksonen on huolissaan vanhojen, monipuulajisten metsien kohtalosta \u2013 \u201dEik\u00f6 n\u00e4it\u00e4 viimeisi\u00e4 metsi\u00e4 voisi j\u00e4tt\u00e4\u00e4 rauhaan?\u201d<\/a><\/p>\n","protected":false},"excerpt":{"rendered":"Ylen Luontoillasta tuttu toimittaja ja kirjailija Juha Laaksonen harmittelee suomalaisen mets\u00e4keskustelun tasoa. Ylen Luontoillasta tuttu Juha Laaksonen uskoo,&hellip;\n","protected":false},"author":2,"featured_media":323028,"comment_status":"","ping_status":"","sticky":false,"template":"","format":"standard","meta":{"footnotes":"","_share_on_mastodon":"0"},"categories":[112],"tags":[33,31,30,478,5790,72,823,118,32,119,447],"class_list":["post-323027","post","type-post","status-publish","format-standard","has-post-thumbnail","category-tiede","tag-fi","tag-finland","tag-finnish","tag-harrastukset","tag-kaupungit","tag-luonto","tag-metsat","tag-science","tag-suomi","tag-tiede","tag-ymparisto"],"share_on_mastodon":{"url":"https:\/\/pubeurope.com\/@fi\/117083615126005214","error":""},"_links":{"self":[{"href":"https:\/\/www.europesays.com\/fi\/wp-json\/wp\/v2\/posts\/323027","targetHints":{"allow":["GET"]}}],"collection":[{"href":"https:\/\/www.europesays.com\/fi\/wp-json\/wp\/v2\/posts"}],"about":[{"href":"https:\/\/www.europesays.com\/fi\/wp-json\/wp\/v2\/types\/post"}],"author":[{"embeddable":true,"href":"https:\/\/www.europesays.com\/fi\/wp-json\/wp\/v2\/users\/2"}],"replies":[{"embeddable":true,"href":"https:\/\/www.europesays.com\/fi\/wp-json\/wp\/v2\/comments?post=323027"}],"version-history":[{"count":0,"href":"https:\/\/www.europesays.com\/fi\/wp-json\/wp\/v2\/posts\/323027\/revisions"}],"wp:featuredmedia":[{"embeddable":true,"href":"https:\/\/www.europesays.com\/fi\/wp-json\/wp\/v2\/media\/323028"}],"wp:attachment":[{"href":"https:\/\/www.europesays.com\/fi\/wp-json\/wp\/v2\/media?parent=323027"}],"wp:term":[{"taxonomy":"category","embeddable":true,"href":"https:\/\/www.europesays.com\/fi\/wp-json\/wp\/v2\/categories?post=323027"},{"taxonomy":"post_tag","embeddable":true,"href":"https:\/\/www.europesays.com\/fi\/wp-json\/wp\/v2\/tags?post=323027"}],"curies":[{"name":"wp","href":"https:\/\/api.w.org\/{rel}","templated":true}]}}