{"id":323073,"date":"2026-08-12T18:18:08","date_gmt":"2026-08-12T18:18:08","guid":{"rendered":"https:\/\/www.europesays.com\/fi\/323073\/"},"modified":"2026-08-12T18:18:08","modified_gmt":"2026-08-12T18:18:08","slug":"brad-pitt-paljastaa-alkoholin-paluu-vuosien-raittiuden-jalkeen","status":"publish","type":"post","link":"https:\/\/www.europesays.com\/fi\/323073\/","title":{"rendered":"Brad Pitt paljastaa: Alkoholin paluu vuosien raittiuden j\u00e4lkeen"},"content":{"rendered":"<p>            Guest arrive for the European premiere of &#8221;F1: The Movie&#8221; at Cineworld Leicester Square in LondonPictured: brad pittRef: BLU_S8394436 230625 NON-EXCLUSIVEPicture by: Zak Hussein \/ SplashNews.comSplash News and PicturesUSA: 310-525-5808 UK: 020 8126 <a href=\"https:\/\/www.seiska.fi\/cdn-cgi\/l\/email-protection\" class=\"__cf_email__\" data-cfemail=\"bd8c8d8d84d8dcd0c9d8dcd0fdced5c8c9c9d8cfcec9d2ded693ded2d0ead2cfd1d9\" rel=\"nofollow noopener\" target=\"_blank\">[email\u00a0protected]<\/a> Rights<br \/>\n            Zak Hussein \/ SplashNews.com \/ All Over Press<\/p>\n<p class=\"subtitle \">Hollywood-t\u00e4hti kertoo nauttivansa nyky\u00e4\u00e4n alkoholia kohtuudella.<\/p>\n<p class=\"article-content article-content-width !bg-background\">Hollywood-t\u00e4hti , 62, teki vastik\u00e4\u00e4n yll\u00e4tt\u00e4v\u00e4n tunnustuksen.<\/p>\n<p class=\"font-weight-bold m-font-weight-bold article-content article-content-width !bg-background\">Video: Kuka Flexaa Nyt? Brad Pitt &amp; Ines de Ramos.<\/p>\n<p>Yll\u00e4tt\u00e4v\u00e4 p\u00e4\u00e4t\u00f6s<\/p>\n<p class=\"article-content article-content-width !bg-background\">Fight Club -n\u00e4yttelij\u00e4 kertoi, ett\u00e4 h\u00e4nen seitsem\u00e4n vuotta kest\u00e4nyt tauko juomisesta on katkennut. <a href=\"https:\/\/www.esquire.com\/entertainment\/movies\/a73336135\/brad-pitt-interview-2026\/\" target=\"_blank\" rel=\"nofollow noopener\">Esquire<\/a>-lehden haastattelussa el\u00e4m\u00e4nmuutoksestaan kertonut Brad kuvailee nyky\u00e4\u00e4n juovansa kohtuullisesti.<\/p>\n<p class=\"article-content article-content-width !bg-background\">\u2013 Olin selvin p\u00e4in seitsem\u00e4n vuotta. Nyt olen taas hyp\u00e4nnyt vaunujen kyydist\u00e4 pois, Brad kuvaili juomisensa aloittamista haastattelussa nauraen.<\/p>\n<p class=\"article-content article-content-width !bg-background\">T\u00e4hden p\u00e4\u00e4t\u00f6s on tullut monille yll\u00e4tyksen\u00e4, sill\u00e4 Bradin juomisen on kerrottu olleen yksi syy avioeroon  kanssa vuosia sitten.<\/p>\n<p class=\"article-content article-content-width !bg-background\">Erottuaan Angelinasta Brad my\u00f6s liittyi 12 askeleen ohjelmaan, <a href=\"https:\/\/people.com\/brad-pitt-sober-actor-reveals-he-s-drinking-again-12037592\" target=\"_blank\" rel=\"nofollow noopener\">People<\/a>-lehti kertoo. Toipumisohjelman tavoitteena on auttaa riippuvuuden hallinnassa.<\/p>\n<p>                <img loading=\"lazy\" decoding=\"async\" src=\"https:\/\/www.europesays.com\/fi\/wp-content\/uploads\/2026\/08\/2215528.webp\" width=\"576\" height=\"274\" alt=\"Brad Pitt ja ex-vaimo Angelina Jolie vuonna 2007.\" \/>            <\/p>\n<p>\n            Brad Pitt ja ex-vaimo Angelina Jolie vuonna 2007.<br \/>\n            Alamy\n        <\/p>\n<p>        <a itemprop=\"url\" href=\"https:\/\/www.seiska.fi\/ulkomaat\/brad-pitt-odottamaton-askel-parisuhteessa\/2200786\" rel=\"nofollow noopener\" target=\"_blank\"><\/p>\n<p>\nBrad Pitt yll\u00e4tt\u00e4\u00e4\n<\/p>\n<p class=\"section-date\">\n        <strong class=\"article-section\" data-section=\"ulkomaat\"><br \/>\n            ulkomaat<br \/>\n        <\/strong><br \/>\n        7.7. 21:00\n    <\/p>\n<p>Brad Pitt: Odottamaton askel parisuhteessa!\n    <\/p>\n<p itemprop=\"description\" class=\"subtitle \">\n    Pariskunta on viihtynyt yhdess\u00e4 jo vuodesta 2022, mutta mit\u00e4\u00e4n suurta rakkauden julistusta ei ole n\u00e4hty ennen h\u00e4ihin yhdess\u00e4 osallistumista.\n<\/p>\n<p>        <\/a><\/p>\n<p>Ylily\u00f6ntej\u00e4kin sattunut<\/p>\n<p class=\"article-content article-content-width !bg-background\">Paluu alkoholin juomiseen ei ole Bradin mukaan ollut aivan mutkatonta.<\/p>\n<p class=\"article-content article-content-width !bg-background\">\u2013 Olin liian itsevarma muutaman kerran. Jep, ei, ei hyv\u00e4 minulle. Ei isoissa m\u00e4\u00e4riss\u00e4, Brad kertoi Esquire-lehdelle.<\/p>\n<p class=\"article-content article-content-width !bg-background\">Ocean&#8217;s 11 -t\u00e4hti kertoi haastattelussa hieman tarkemmin nykyisist\u00e4 juomistottumuksistaan. Siihen voi n\u00e4yttelij\u00e4n mukaan sis\u00e4lty\u00e4 enemm\u00e4n kuin yksi lasillinen viini\u00e4.<\/p>\n<p class=\"article-content article-content-width !bg-background\">\u2013 No, kyll\u00e4 voin nauttia useamman. Mutta en voi juoda paljon. Minun t\u00e4ytyy olla ammattimainen sen suhteen, Brad kommentoi.<\/p>\n<p>                <img loading=\"lazy\" decoding=\"async\" src=\"https:\/\/www.europesays.com\/fi\/wp-content\/uploads\/2026\/08\/2233423.webp\" width=\"576\" height=\"490\" alt=\"Brad Pitt vuonna 2020.\" \/>            <\/p>\n<p>\n            Brad Pitt vuonna 2020.<br \/>\n            Christopher Polk\/People\/Shutterstock\/All Over Press\n        <\/p>\n<p>        <a itemprop=\"url\" href=\"https:\/\/www.seiska.fi\/ulkomaat\/taas-yksi-brad-pittin-lapsista-hylkaa-isan-sukunimen\/2178256\" rel=\"nofollow noopener\" target=\"_blank\"><\/p>\n<p>\nBrad Pittin alho\n<\/p>\n<p class=\"section-date\">\n        <strong class=\"article-section\" data-section=\"ulkomaat\"><br \/>\n            ulkomaat<br \/>\n        <\/strong><br \/>\n        10.6. 19:06\n    <\/p>\n<p>Taas yksi Brad Pittin lapsista hylk\u00e4\u00e4 is\u00e4n sukunimen\n    <\/p>\n<p itemprop=\"description\" class=\"subtitle \">\n    Onko kyse lasten omasta tahdosta vai vanhempien julmasta valtapelist\u00e4?\n<\/p>\n<p>        <\/a><\/p>\n<p>Kaikenlaisia p\u00e4ihteit\u00e4<\/p>\n<p class=\"article-content article-content-width !bg-background\">N\u00e4yttelij\u00e4 on vuosien varrella puhunut useaan otteeseen avoimesti selv\u00e4st\u00e4 el\u00e4m\u00e4st\u00e4\u00e4n ennen tuoretta valintaansa tarttua taas lasiin.<\/p>\n<p class=\"article-content article-content-width !bg-background\">Ennen alkoholin lopettamista n\u00e4yttelij\u00e4n el\u00e4m\u00e4\u00e4n mahtui my\u00f6s muita p\u00e4ihteit\u00e4. Vuonna 2017 Brad kertoi <a href=\"https:\/\/www.gq.com\/story\/brad-pitt-gq-style-cover-story\" target=\"_blank\" rel=\"nofollow noopener\">GQ<\/a>-lehdelle, ett\u00e4 lopetti kaiken muun kuin alkoholin perustettuaan perheen. Nuoruudessaan Bradilla ei usein mennyt p\u00e4iv\u00e4k\u00e4\u00e4n ilman juomista tai kannabiksen k\u00e4ytt\u00f6\u00e4.\u00a0<\/p>\n<p class=\"article-content article-content-width !bg-background\">Brad on ollut t\u00e4n\u00e4 vuonna runsaasti otsikoissa, sill\u00e4 h\u00e4nen ja Angelinan lapset ovat yksi toisensa j\u00e4lkeen pudottaneet is\u00e4ns\u00e4 sukunimen pois nimest\u00e4\u00e4n.<\/p>\n<p>        <a itemprop=\"url\" href=\"https:\/\/www.seiska.fi\/ulkomaat\/surullinen-tieto-brad-pittin-lapsista\/2215314\" rel=\"nofollow noopener\" target=\"_blank\"><\/p>\n<p>\nBrad Pitt\n<\/p>\n<p class=\"section-date\">\n        <strong class=\"article-section\" data-section=\"ulkomaat\"><br \/>\n            ulkomaat<br \/>\n        <\/strong><br \/>\n        23.7. 21:00\n    <\/p>\n<p>Surullinen tieto Brad Pittin lapsista\n    <\/p>\n<p itemprop=\"description\" class=\"subtitle \">\n    Brad Pittin lapset eiv\u00e4t halua kantaa h\u00e4nen kuuluisaa nime\u00e4\u00e4n.\n<\/p>\n<p>        <\/a><\/p>\n","protected":false},"excerpt":{"rendered":"Guest arrive for the European premiere of &#8221;F1: The Movie&#8221; at Cineworld Leicester Square in LondonPictured: brad pittRef:&hellip;\n","protected":false},"author":2,"featured_media":323074,"comment_status":"","ping_status":"","sticky":false,"template":"","format":"standard","meta":{"footnotes":"","_share_on_mastodon":"0"},"categories":[130],"tags":[11455,1294,137,33,31,30,4169,7225,32,109],"class_list":["post-323073","post","type-post","status-publish","format-standard","has-post-thumbnail","category-viihde","tag-angelina-jolie","tag-brad-pitt","tag-entertainment","tag-fi","tag-finland","tag-finnish","tag-hollywood","tag-raittius","tag-suomi","tag-viihde"],"share_on_mastodon":{"url":"https:\/\/pubeurope.com\/@fi\/117083918071921232","error":""},"_links":{"self":[{"href":"https:\/\/www.europesays.com\/fi\/wp-json\/wp\/v2\/posts\/323073","targetHints":{"allow":["GET"]}}],"collection":[{"href":"https:\/\/www.europesays.com\/fi\/wp-json\/wp\/v2\/posts"}],"about":[{"href":"https:\/\/www.europesays.com\/fi\/wp-json\/wp\/v2\/types\/post"}],"author":[{"embeddable":true,"href":"https:\/\/www.europesays.com\/fi\/wp-json\/wp\/v2\/users\/2"}],"replies":[{"embeddable":true,"href":"https:\/\/www.europesays.com\/fi\/wp-json\/wp\/v2\/comments?post=323073"}],"version-history":[{"count":0,"href":"https:\/\/www.europesays.com\/fi\/wp-json\/wp\/v2\/posts\/323073\/revisions"}],"wp:featuredmedia":[{"embeddable":true,"href":"https:\/\/www.europesays.com\/fi\/wp-json\/wp\/v2\/media\/323074"}],"wp:attachment":[{"href":"https:\/\/www.europesays.com\/fi\/wp-json\/wp\/v2\/media?parent=323073"}],"wp:term":[{"taxonomy":"category","embeddable":true,"href":"https:\/\/www.europesays.com\/fi\/wp-json\/wp\/v2\/categories?post=323073"},{"taxonomy":"post_tag","embeddable":true,"href":"https:\/\/www.europesays.com\/fi\/wp-json\/wp\/v2\/tags?post=323073"}],"curies":[{"name":"wp","href":"https:\/\/api.w.org\/{rel}","templated":true}]}}