{"id":323121,"date":"2026-08-12T19:36:19","date_gmt":"2026-08-12T19:36:19","guid":{"rendered":"https:\/\/www.europesays.com\/fi\/323121\/"},"modified":"2026-08-12T19:36:19","modified_gmt":"2026-08-12T19:36:19","slug":"ero-vei-tyokyvynkin-yksin-jaanyt-maikki-avaa-nyt-tuntojaan","status":"publish","type":"post","link":"https:\/\/www.europesays.com\/fi\/323121\/","title":{"rendered":"Ero vei ty\u00f6kyvynkin \u2013 yksin j\u00e4\u00e4nyt Maikki avaa nyt tuntojaan"},"content":{"rendered":"<p class=\"wp-block-paragraph\">Tangokuningas <strong>Ky\u00f6sti M\u00e4kimattila<\/strong>, 50, ja\u00a0laulaja <strong>Marja \u201dMaikki \u201dRajaniemi<\/strong>, 40, erosivat elokuussa 2026 yll\u00e4tt\u00e4en ja \u00e4killisesti.<\/p>\n<p class=\"wp-block-paragraph\">Tanssiin.fi <a href=\"https:\/\/www.tanssiin.fi\/kyosti-makimattila-ja-maikki-yllatysero\/\" title=\"Ky\u00f6sti M\u00e4kimattila ja Maikki: yll\u00e4tysero\" rel=\"nofollow noopener\" target=\"_blank\">uutisoi<\/a> laulajaparin avoerosta tuoreeltaan tiistaina, 11. elokuuta, jolloin Ky\u00f6sti julkaisi asiasta virallisen tiedotteen. H\u00e4n korosti erikseen, ettei eroon liity \u201ddraamaa tai muita osapuolia\u201d.<\/p>\n<p class=\"wp-block-paragraph\">Ero oli kuitenkin dramaattinen ainakin Maikin kannalta, sill\u00e4 h\u00e4n p\u00e4ivitti tuntemuksiaan jo viime perjantaina somessa mystisell\u00e4 tavalla.<\/p>\n<p class=\"wp-block-paragraph\">\u201dEl\u00e4m\u00e4 toi eteeni sellaisen yll\u00e4tyksen, ett\u00e4 nyt on minun aikani haukata hiukan happea ja pys\u00e4hty\u00e4\u201d, Maikki kirjoitti 7. elokuuta julkaistussa somep\u00e4ivityksess\u00e4\u00e4n.<\/p>\n<p class=\"wp-block-paragraph\">\u201dJa niinh\u00e4n se on, ett\u00e4 lopulta on hyvin v\u00e4h\u00e4n asioita joihin voimme ennakkoon valmistautua ja lopulta vaikuttaa. Siisp\u00e4 el\u00e4 hetkess\u00e4 ja nauti t\u00e4ysill\u00e4 siit\u00e4 mit\u00e4 sinulla nyt on.\u201d<\/p>\n<p class=\"wp-block-paragraph\"><strong>Lue my\u00f6s:<\/strong> <a href=\"https:\/\/www.tanssiin.fi\/maikilta-pysayttava-ulostulo-elama-toi-eteeni-sellaisen-yllatyksen\/\" title=\"Maikilta pys\u00e4ytt\u00e4v\u00e4 ulostulo: \u201dEl\u00e4m\u00e4 toi eteeni sellaisen yll\u00e4tyksen\u2026\u201d\" rel=\"nofollow noopener\" target=\"_blank\">Maikilta pys\u00e4ytt\u00e4v\u00e4 ulostulo: \u201dEl\u00e4m\u00e4 toi eteeni sellaisen yll\u00e4tyksen\u2026\u201d<\/a><\/p>\n<p class=\"wp-block-paragraph\">Rakastavaiset juhlivat t\u00e4n\u00e4 kev\u00e4\u00e4n\u00e4 yhdess\u00e4 90-vuotisp\u00e4ivi\u00e4\u00e4nkin, kun molemmille tuli tasavuosia t\u00e4yteen. He asuivat yhdess\u00e4 Varsinais-Suomessa Liedossa. Avoliittoon he astuivat vuonna 2023.<\/p>\n<p>Maikki joutui perumaan elokuun keikkansa<\/p>\n<p class=\"wp-block-paragraph\">Yksityisel\u00e4m\u00e4n ik\u00e4v\u00e4 k\u00e4\u00e4nne on ottanut Maikin voimille. Laulaja on menett\u00e4nyt ty\u00f6kykyns\u00e4.<\/p>\n<p class=\"wp-block-paragraph\">H\u00e4n joutui perumaan viime sunnuntain (9.8.) keikkansa Piril\u00e4n tapahtumapuistossa Kempeleess\u00e4 eik\u00e4 Maikki kykene esiintym\u00e4\u00e4n my\u00f6sk\u00e4\u00e4n <a href=\"https:\/\/www.tanssiin.fi\/tanssilavat\/keskisen-kylakauppa\/\" title=\"Keskisen Kyl\u00e4kauppa\" rel=\"nofollow noopener\" target=\"_blank\">Keskisen<\/a> kyl\u00e4kaupan kes\u00e4tansseissa Tuurissa tulevana perjantaina 14. elokuuta. Siell\u00e4 h\u00e4nen tilallaaan tanssittaa <strong>Heikki Koskelo<\/strong> &amp; Onnenpotku.<\/p>\n<p class=\"wp-block-paragraph\">Seuraavan kerran Maikki aikoo nousta laululavalle vasta syyskuussa, kun h\u00e4n esiintyy <a href=\"https:\/\/www.tanssiin.fi\/tanssilavat\/naapurinvaaran-huvikeskus\/\" title=\"Naapurinvaaran Huvikeskus\" rel=\"nofollow noopener\" target=\"_blank\">Naapurinvaaralla <\/a>Sotkamossa 5. syyskuuta.<\/p>\n<p>Surullinen Maikki: \u201dTarvitsen nyt sit\u00e4 kuuluisaa aikaa\u201d<\/p>\n<p class=\"wp-block-paragraph\">Maikki p\u00e4ivitti erotuntojaan somessa keskiviikkoiltana, 12. elokuuta<\/p>\n<p class=\"wp-block-paragraph\">\u201dKiitos kaikille viesteist\u00e4, ne tuntuvat sielussa ja syd\u00e4mess\u00e4 saakka. Voikaa hyvin ja pit\u00e4k\u00e4\u00e4 huolta itsest\u00e4nne ja l\u00e4himm\u00e4isist\u00e4nne\u201d,  Maikki kirjoitti tunteikkaasti.<\/p>\n<p class=\"wp-block-paragraph\">\u201dNiin min\u00e4kin aion tehd\u00e4, tarvitsen t\u00e4h\u00e4n nyt sit\u00e4 kuuluisaa aikaa.\u201d<\/p>\n<p class=\"wp-block-paragraph\">Yksin j\u00e4\u00e4nyt laulaja julkaisi my\u00f6s kauniin, vertauskuvallisen runon mustarastaan el\u00e4m\u00e4st\u00e4.<\/p>\n<p><img decoding=\"async\" class=\"aioseo-author-bio-compact-image\" src=\"https:\/\/www.europesays.com\/fi\/wp-content\/uploads\/2026\/08\/1786563379_83_cropped-tanssiin-logo.jpg\" alt=\"author avatar\"\/><br \/>\nTanssi- ja iskelm\u00e4musiikin uutiset asiantuntevasti.<\/p>\n<p>0%<br \/>\nIhana<\/p>\n<p>0%<br \/>\nHauska<\/p>\n<p>14%<br \/>\nVau<\/p>\n<p>86%<br \/>\nSurullinen<\/p>\n<p>0%<br \/>\nVihainen\n<\/p>\n<p>Post navigation<\/p>\n","protected":false},"excerpt":{"rendered":"Tangokuningas Ky\u00f6sti M\u00e4kimattila, 50, ja\u00a0laulaja Marja \u201dMaikki \u201dRajaniemi, 40, erosivat elokuussa 2026 yll\u00e4tt\u00e4en ja \u00e4killisesti. Tanssiin.fi uutisoi laulajaparin&hellip;\n","protected":false},"author":2,"featured_media":323122,"comment_status":"","ping_status":"","sticky":false,"template":"","format":"standard","meta":{"footnotes":"","_share_on_mastodon":"0"},"categories":[130],"tags":[137,1664,33,31,30,21090,21197,40801,32,4049,16,109],"class_list":["post-323121","post","type-post","status-publish","format-standard","has-post-thumbnail","category-viihde","tag-entertainment","tag-ero","tag-fi","tag-finland","tag-finnish","tag-kyosti-makimattila","tag-maikki","tag-marja-maikki-rajaniemi","tag-suomi","tag-tanssitahdet","tag-uutiset","tag-viihde"],"share_on_mastodon":{"url":"https:\/\/pubeurope.com\/@fi\/117084225070111285","error":""},"_links":{"self":[{"href":"https:\/\/www.europesays.com\/fi\/wp-json\/wp\/v2\/posts\/323121","targetHints":{"allow":["GET"]}}],"collection":[{"href":"https:\/\/www.europesays.com\/fi\/wp-json\/wp\/v2\/posts"}],"about":[{"href":"https:\/\/www.europesays.com\/fi\/wp-json\/wp\/v2\/types\/post"}],"author":[{"embeddable":true,"href":"https:\/\/www.europesays.com\/fi\/wp-json\/wp\/v2\/users\/2"}],"replies":[{"embeddable":true,"href":"https:\/\/www.europesays.com\/fi\/wp-json\/wp\/v2\/comments?post=323121"}],"version-history":[{"count":0,"href":"https:\/\/www.europesays.com\/fi\/wp-json\/wp\/v2\/posts\/323121\/revisions"}],"wp:featuredmedia":[{"embeddable":true,"href":"https:\/\/www.europesays.com\/fi\/wp-json\/wp\/v2\/media\/323122"}],"wp:attachment":[{"href":"https:\/\/www.europesays.com\/fi\/wp-json\/wp\/v2\/media?parent=323121"}],"wp:term":[{"taxonomy":"category","embeddable":true,"href":"https:\/\/www.europesays.com\/fi\/wp-json\/wp\/v2\/categories?post=323121"},{"taxonomy":"post_tag","embeddable":true,"href":"https:\/\/www.europesays.com\/fi\/wp-json\/wp\/v2\/tags?post=323121"}],"curies":[{"name":"wp","href":"https:\/\/api.w.org\/{rel}","templated":true}]}}