{"id":323229,"date":"2026-08-12T22:56:14","date_gmt":"2026-08-12T22:56:14","guid":{"rendered":"https:\/\/www.europesays.com\/fi\/323229\/"},"modified":"2026-08-12T22:56:14","modified_gmt":"2026-08-12T22:56:14","slug":"muoviset-kukka-amppelit-kuumentavat-tunteita-raumalla-kysyimme-mika-on-sallittua-ja-mika-ei-varsinais-suomi","status":"publish","type":"post","link":"https:\/\/www.europesays.com\/fi\/323229\/","title":{"rendered":"Muoviset kukka-amppelit kuumentavat tunteita Raumalla \u2013 kysyimme, mik\u00e4 on sallittua ja mik\u00e4 ei | Varsinais-Suomi"},"content":{"rendered":"<p class=\"aw__sc-1qwuw0s-0 aw__sc-1vg2sqm-0 epAWpq ecELkD yle__article__paragraph\">Vanhan Rauman uusi asemakaava on her\u00e4tt\u00e4nyt kysymyksi\u00e4 uusista m\u00e4\u00e4r\u00e4yksist\u00e4. Asukkaat kysyv\u00e4t p\u00e4ivitt\u00e4in neuvoa rakennus\u00advalvonnasta.<\/p>\n<p>Vanhan Rauman alueella on runsaasti katsottavaa. Video: Minna Rosvall \/ Yle<\/p>\n<ul class=\"aw__sc-1yb43iq-0 gFXHv yle__article__list yle__article__list--ul\">\n<li class=\"aw__sc-1yb43iq-1 gVAzbt\">Vanhan Rauman uuden asemakaavan m\u00e4\u00e4r\u00e4ykset ovat her\u00e4tt\u00e4neet kaupungissa vilkasta keskustelua ja h\u00e4mmennyst\u00e4.<\/li>\n<li class=\"aw__sc-1yb43iq-1 gVAzbt\">Rauman rakennusvalvontap\u00e4\u00e4llikk\u00f6 Timo Heinil\u00e4 kertoo jutussa kaupungin n\u00e4kemyksen, mik\u00e4 on sallittua ja mik\u00e4 ei.<\/li>\n<li class=\"aw__sc-1yb43iq-1 gVAzbt\">Sis\u00e4tilojen v\u00e4reist\u00e4 ja tapeteista annetaan suosituksia. Kukka-amppelien kiinnitys julkisivuun on kielletty.<\/li>\n<li class=\"aw__sc-1yb43iq-1 gVAzbt\">Rakennusvalvontaan tulee p\u00e4ivitt\u00e4in kyselyit\u00e4. Asukkaat ovat kyselleet jopa siit\u00e4, millaisen j\u00e4\u00e4kaapin voi hankkia.<\/li>\n<\/ul>\n<p class=\"aw__sc-1qwuw0s-0 aw__sc-ngllmo-0 epAWpq fzYpjk yle__article__paragraph\">Raumalla on k\u00e4yty kes\u00e4n aikana vilkasta keskustelua siit\u00e4, mik\u00e4 lopulta olisi uuden kaavan mukaan sallittua ja mik\u00e4 kielletty\u00e4.<\/p>\n<p class=\"aw__sc-1qwuw0s-0 aw__sc-ngllmo-0 epAWpq fzYpjk yle__article__paragraph\">Osa asukkaista pit\u00e4\u00e4 uusia m\u00e4\u00e4r\u00e4yksi\u00e4 liian tiukkoina. Osa asukkaista pit\u00e4\u00e4 kaavaa tarkoituksenmukaisena.<\/p>\n<p class=\"aw__sc-1qwuw0s-0 aw__sc-ngllmo-0 epAWpq fzYpjk yle__article__paragraph\">Erityism\u00e4\u00e4r\u00e4ykset on kokonaisuudessaan julkaistu <a class=\"aw__sc-ngllmo-1 bTDnwX yle__article__link\" href=\"https:\/\/www.rauma.fi\/wp-content\/uploads\/2025\/04\/01-102-erityismaaraykset-11.3.2025.pdf\" role=\"link\" rel=\"nofollow noopener\" target=\"_blank\">Rauman kaupungin verkkosivuilla<\/a>. Vanha Rauma on Unescon maailmanperint\u00f6kohde ja valtakunnallisesti merkitt\u00e4v\u00e4 kohde, mink\u00e4 takia sen suojeluun kiinnitet\u00e4\u00e4n erityist\u00e4 huomiota.<\/p>\n<p class=\"aw__sc-1qwuw0s-0 aw__sc-ngllmo-0 epAWpq fzYpjk yle__article__paragraph\">Kysyimme Rauman rakennusvalvontap\u00e4\u00e4llikk\u00f6 <strong class=\"aw__sc-ngllmo-2 gdRrun yle__article__strong\">Timo Heinil\u00e4lt\u00e4<\/strong>, miten tiukasti kaupunki lopulta suhtautuu kaavan sis\u00e4lt\u00e4miin m\u00e4\u00e4r\u00e4yksiin.<\/p>\n<p class=\"aw__sc-1qwuw0s-0 aw__sc-ngllmo-0 epAWpq fzYpjk yle__article__paragraph\"><strong class=\"aw__sc-ngllmo-2 gdRrun yle__article__strong\">1. Saako asukas vapaasti valita sis\u00e4seinien v\u00e4rin ja tapetin? Vanha Rauma -yhdistyksen puheenjohtaja Kari Kallonen arvioi, ett\u00e4 viranomainen voisi m\u00e4\u00e4r\u00e4t\u00e4 jopa tapetista.<\/strong><\/p>\n<p class=\"aw__sc-1qwuw0s-0 aw__sc-ngllmo-0 epAWpq fzYpjk yle__article__paragraph\">\u2013 Vanhan Rauman erityism\u00e4\u00e4r\u00e4ykset eiv\u00e4t m\u00e4\u00e4r\u00e4\u00e4 sis\u00e4tiloille tiettyj\u00e4 tapetteja, v\u00e4rej\u00e4 tai v\u00e4rikarttaa, joten rakennusvalvontaviranomainen ei niit\u00e4 m\u00e4\u00e4rittele, kertoo Heinil\u00e4.<\/p>\n<p class=\"aw__sc-1qwuw0s-0 aw__sc-ngllmo-0 epAWpq fzYpjk yle__article__paragraph\">Uuteen asemakaavaan liittyviss\u00e4 erityism\u00e4\u00e4r\u00e4yksiss\u00e4 paperitapettien ja hengitt\u00e4v\u00e4n liisterin k\u00e4ytt\u00f6\u00e4 suositellaan rakennusten kosteusteknisen toimivuuden tukemiseksi.<\/p>\n<p class=\"aw__sc-1qwuw0s-0 aw__sc-ngllmo-0 epAWpq fzYpjk yle__article__paragraph\">Kyseess\u00e4 on Heinil\u00e4n mukaan suositus eik\u00e4 ehdoton materiaalivaatimus.<\/p>\n<p class=\"aw__sc-1qwuw0s-0 aw__sc-ngllmo-0 epAWpq fzYpjk yle__article__paragraph\">\u2013 K\u00e4ytett\u00e4vien materiaalien tulee olla teknisesti sellaisia, etteiv\u00e4t ne turmele rakennusta, eiv\u00e4tk\u00e4 materiaalivalinnat heikenn\u00e4 rakenteen kosteusteknist\u00e4 toimivuutta.<\/p>\n<p class=\"aw__sc-1qwuw0s-0 aw__sc-ngllmo-0 epAWpq fzYpjk yle__article__paragraph\">Tavoitteena on, ett\u00e4 rakennusten historiallinen kerroksellisuus, autenttisuus ja kulttuurihistoriallisesti arvokkaat sis\u00e4tilat s\u00e4ilyv\u00e4t.<\/p>\n<p class=\"aw__sc-1qwuw0s-0 aw__sc-ngllmo-0 epAWpq fzYpjk yle__article__paragraph\">Heinil\u00e4 lis\u00e4\u00e4, ett\u00e4 erityisesti poikkeuksellisen arvokkaissa sis\u00e4tiloissa huoneen v\u00e4ritys, tapetit ja muut pinnat tulee sovittaa rakennuksen ominaispiirteisiin sopiviksi.<\/p>\n<p class=\"aw__sc-1qwuw0s-0 aw__sc-ngllmo-0 epAWpq fzYpjk yle__article__paragraph\">T\u00e4llainen rakennus voisi olla esimerkiksi Marelan museorakennus.<\/p>\n<p><img decoding=\"async\" alt=\"Vanhassa Raumassa sijaitseva Marelan kotimuseon talo. \" src=\"https:\/\/www.europesays.com\/fi\/wp-content\/uploads\/2026\/08\/1786448927.jpeg\" loading=\"lazy\" class=\"aw__sc-dklauk-0 LPzKX\"\/><\/p>\n<p>Avaa kuvien katselu<\/p>\n<p>Marelan talossa on varakkaan laivanvarustajaperheen kotimuseo. Kuva: Minna Rosvall \/ Yle<\/p>\n<p class=\"aw__sc-1qwuw0s-0 aw__sc-ngllmo-0 epAWpq fzYpjk yle__article__paragraph\"><strong class=\"aw__sc-ngllmo-2 gdRrun yle__article__strong\">2. Miten tiukasti rakennusvalvonta suhtautuu esimerkiksi kukka-amppeleiden sijoittamiseen julkisivun puolelle? Uuden kaavan m\u00e4\u00e4r\u00e4yksiss\u00e4 irralliset elementit on kielletty.<\/strong><\/p>\n<p class=\"aw__sc-1qwuw0s-0 aw__sc-ngllmo-0 epAWpq fzYpjk yle__article__paragraph\">Rakennusvalvontap\u00e4\u00e4llikk\u00f6 Timo Heinil\u00e4n mukaan rakennusvalvonta l\u00e4htee selvitt\u00e4m\u00e4\u00e4n, jos joku kokee irralliset elementit haitaksi tai ne turmelevat rakennusta.<\/p>\n<p class=\"aw__sc-1qwuw0s-0 aw__sc-ngllmo-0 epAWpq fzYpjk yle__article__paragraph\">\u2013 Rakennusvalvonnan tulkinnan mukaan asemakaavan tavoitteena on huolehtia siit\u00e4, ett\u00e4 rakennusten kulttuurihistorialliset arvot ja julkisivujen ominaispiirteet s\u00e4ilyv\u00e4t hyvin havaittavina.<\/p>\n<p class=\"aw__sc-1qwuw0s-0 aw__sc-ngllmo-0 epAWpq fzYpjk yle__article__paragraph\">Julkisivuihin kiinnitett\u00e4v\u00e4t amppelit ja kukka-astiat voivat peitt\u00e4\u00e4 runsaina rakennuksen julkisivun arkkitehtonisia piirteit\u00e4 ja mahdollisesti altistavat sein\u00e4n kosteudelle.<\/p>\n<p class=\"aw__sc-1qwuw0s-0 aw__sc-ngllmo-0 epAWpq fzYpjk yle__article__paragraph\"><strong class=\"aw__sc-ngllmo-2 gdRrun yle__article__strong\">3. Saako kunnan rakennusvalvonta paljon kyselyit\u00e4 alueen asukkailta?<\/strong><\/p>\n<p class=\"aw__sc-1qwuw0s-0 aw__sc-ngllmo-0 epAWpq fzYpjk yle__article__paragraph\">Rakennusvalvonnasta kerrotaan, ett\u00e4 heille tulee p\u00e4ivitt\u00e4in yhteydenottoja ja ett\u00e4 he auttavat mielell\u00e4\u00e4n kiinteist\u00f6n omistajia ja asukkaita.<\/p>\n<p class=\"aw__sc-1qwuw0s-0 aw__sc-ngllmo-0 epAWpq fzYpjk yle__article__paragraph\">Asemakaavasta k\u00e4yty keskustelu on aiheuttanut asiakkaiden puolelta h\u00e4mmennyst\u00e4.<\/p>\n<p class=\"aw__sc-1qwuw0s-0 aw__sc-ngllmo-0 epAWpq fzYpjk yle__article__paragraph\">\u2013 Kes\u00e4n aikana on kysytty muun muassa, millaisen j\u00e4\u00e4kaapin tai millaiset pistorasiat voi hankkia, kertoo Heinil\u00e4.<\/p>\n<p class=\"aw__sc-1qwuw0s-0 aw__sc-ngllmo-0 epAWpq fzYpjk yle__article__paragraph\"><strong class=\"aw__sc-ngllmo-2 gdRrun yle__article__strong\">4. Vanhan Rauman alueella n\u00e4kyy my\u00f6s melko huonokuntoisia taloja. Onko kaupunki joutunut puuttumaan talojen huonoon kuntoon?<\/strong><\/p>\n<p class=\"aw__sc-1qwuw0s-0 aw__sc-ngllmo-0 epAWpq fzYpjk yle__article__paragraph\">Rakennusvalvontap\u00e4\u00e4llikk\u00f6 Timo Heinil\u00e4 kertoo, ett\u00e4 muutamien kiinteist\u00f6jen kohdalla niiden kuntoon on jouduttu puuttumaan.<\/p>\n<p class=\"aw__sc-1qwuw0s-0 aw__sc-ngllmo-0 epAWpq fzYpjk yle__article__paragraph\">\u2013 Yleens\u00e4 keskustelu kiinteist\u00f6n omistajan kanssa ja korjaamisen neuvonta viev\u00e4t asiaa eteenp\u00e4in.<\/p>\n<p class=\"aw__sc-1qwuw0s-0 aw__sc-ngllmo-0 epAWpq fzYpjk yle__article__paragraph\">Rakentamislain mukaan rakennuksen omistajan on pidett\u00e4v\u00e4 rakennus ymp\u00e4rist\u00f6ineen sellaisessa kunnossa, ett\u00e4 se jatkuvasti t\u00e4ytt\u00e4\u00e4 terveellisyyden, turvallisuuden ja k\u00e4ytt\u00f6kelpoisuuden vaatimukset eik\u00e4 aiheuta ymp\u00e4rist\u00f6haittaa tai rumenna ymp\u00e4rist\u00f6\u00e4.<\/p>\n<p class=\"aw__sc-1qwuw0s-0 aw__sc-ngllmo-0 epAWpq fzYpjk yle__article__paragraph\">Rakennusvalvonta puuttuu asiaan, jos kiinteist\u00f6n omistaja laiminly\u00f6 kunnossapitovelvollisuutensa.<\/p>\n<p class=\"aw__sc-1qwuw0s-0 aw__sc-ngllmo-0 epAWpq fzYpjk yle__article__paragraph\"><strong class=\"aw__sc-ngllmo-2 gdRrun yle__article__strong\">5. Milloin rakennusvalvontaan kannattaa olla yhteydess\u00e4, jos asukas kokee asiat ep\u00e4selviksi?<\/strong><\/p>\n<p class=\"aw__sc-1qwuw0s-0 aw__sc-ngllmo-0 epAWpq fzYpjk yle__article__paragraph\">Timo Heinil\u00e4n mukaan asiat selvi\u00e4v\u00e4t parhaiten kohdek\u00e4ynnill\u00e4 aina ennen rakennus- tai korjaushankkeen aloittamista.<\/p>\n<p><img decoding=\"async\" alt=\"Talo, jossa on rispaantunutta maalia, Vanhassa Raumassa.\" src=\"https:\/\/www.europesays.com\/fi\/wp-content\/uploads\/2026\/08\/1785991276.jpeg\" loading=\"lazy\" class=\"aw__sc-dklauk-0 LPzKX\"\/><\/p>\n<p>Avaa kuvien katselu<\/p>\n<p>Jotkut taloista ovat huonokuntoisia Vanhan Rauman maailmanperint\u00f6alueellakin. Kuva: Minna Rosvall \/ Yle<\/p>\n","protected":false},"excerpt":{"rendered":"Vanhan Rauman uusi asemakaava on her\u00e4tt\u00e4nyt kysymyksi\u00e4 uusista m\u00e4\u00e4r\u00e4yksist\u00e4. Asukkaat kysyv\u00e4t p\u00e4ivitt\u00e4in neuvoa rakennus\u00advalvonnasta. Vanhan Rauman alueella on&hellip;\n","protected":false},"author":2,"featured_media":323230,"comment_status":"","ping_status":"","sticky":false,"template":"","format":"standard","meta":{"footnotes":"","_share_on_mastodon":"0"},"categories":[12],"tags":[542,22,23,26,27,33,31,30,17,71,24,25,26511,28,29,15,18,21,4042,3642,968,32,19,20,16,7690,663],"class_list":["post-323229","post","type-post","status-publish","format-standard","has-post-thumbnail","category-suomi","tag-asuminen","tag-breaking-news","tag-breakingnews","tag-featured-news","tag-featurednews","tag-fi","tag-finland","tag-finnish","tag-headlines","tag-kotimaa","tag-latest-news","tag-latestnews","tag-maailmanperintokohteet","tag-main-news","tag-mainnews","tag-news","tag-otsikot","tag-paauutiset","tag-rakennussuojelu","tag-rauma","tag-satakunta","tag-suomi","tag-top-stories","tag-topstories","tag-uutiset","tag-vanha-rauma","tag-varsinais-suomi"],"share_on_mastodon":{"url":"https:\/\/pubeurope.com\/@fi\/117085011501680098","error":""},"_links":{"self":[{"href":"https:\/\/www.europesays.com\/fi\/wp-json\/wp\/v2\/posts\/323229","targetHints":{"allow":["GET"]}}],"collection":[{"href":"https:\/\/www.europesays.com\/fi\/wp-json\/wp\/v2\/posts"}],"about":[{"href":"https:\/\/www.europesays.com\/fi\/wp-json\/wp\/v2\/types\/post"}],"author":[{"embeddable":true,"href":"https:\/\/www.europesays.com\/fi\/wp-json\/wp\/v2\/users\/2"}],"replies":[{"embeddable":true,"href":"https:\/\/www.europesays.com\/fi\/wp-json\/wp\/v2\/comments?post=323229"}],"version-history":[{"count":0,"href":"https:\/\/www.europesays.com\/fi\/wp-json\/wp\/v2\/posts\/323229\/revisions"}],"wp:featuredmedia":[{"embeddable":true,"href":"https:\/\/www.europesays.com\/fi\/wp-json\/wp\/v2\/media\/323230"}],"wp:attachment":[{"href":"https:\/\/www.europesays.com\/fi\/wp-json\/wp\/v2\/media?parent=323229"}],"wp:term":[{"taxonomy":"category","embeddable":true,"href":"https:\/\/www.europesays.com\/fi\/wp-json\/wp\/v2\/categories?post=323229"},{"taxonomy":"post_tag","embeddable":true,"href":"https:\/\/www.europesays.com\/fi\/wp-json\/wp\/v2\/tags?post=323229"}],"curies":[{"name":"wp","href":"https:\/\/api.w.org\/{rel}","templated":true}]}}